{"id":9332,"date":"2018-06-19T21:58:22","date_gmt":"2018-06-19T19:58:22","guid":{"rendered":"http:\/\/agora.xtec.cat\/esc-joancasas\/?p=9332"},"modified":"2018-06-19T21:58:22","modified_gmt":"2018-06-19T19:58:22","slug":"cant-coral","status":"publish","type":"post","link":"https:\/\/agora.xtec.cat\/esc-joancasas\/portada\/cant-coral\/","title":{"rendered":"Cant coral"},"content":{"rendered":"<p>Durant el curs, amb els alumnes de 1r hem treballat els seg\u00fcents aspectes de la veu i la can\u00e7\u00f3: la respiraci\u00f3, l&#8217;entonaci\u00f3, l&#8217;afinaci\u00f3 i la projecci\u00f3.<\/p>\n<p><a href=\"http:\/\/agora.xtec.cat\/esc-joancasas\/wp-content\/uploads\/usu1722\/2018\/06\/IMG_2500.jpeg\"><img loading=\"lazy\" decoding=\"async\" class=\"alignnone size-large wp-image-9333\" src=\"http:\/\/agora.xtec.cat\/esc-joancasas\/wp-content\/uploads\/usu1722\/2018\/06\/IMG_2500-1024x768.jpeg\" alt=\"\" width=\"1024\" height=\"768\" srcset=\"https:\/\/agora.xtec.cat\/esc-joancasas\/wp-content\/uploads\/usu1722\/2018\/06\/IMG_2500-1024x768.jpeg 1024w, https:\/\/agora.xtec.cat\/esc-joancasas\/wp-content\/uploads\/usu1722\/2018\/06\/IMG_2500-300x225.jpeg 300w, https:\/\/agora.xtec.cat\/esc-joancasas\/wp-content\/uploads\/usu1722\/2018\/06\/IMG_2500-768x576.jpeg 768w, https:\/\/agora.xtec.cat\/esc-joancasas\/wp-content\/uploads\/usu1722\/2018\/06\/IMG_2500-200x150.jpeg 200w\" sizes=\"auto, (max-width: 1024px) 100vw, 1024px\" \/><\/a> <a href=\"http:\/\/agora.xtec.cat\/esc-joancasas\/wp-content\/uploads\/usu1722\/2018\/06\/IMG_2501.jpeg\"><img loading=\"lazy\" decoding=\"async\" class=\"alignnone size-large wp-image-9334\" src=\"http:\/\/agora.xtec.cat\/esc-joancasas\/wp-content\/uploads\/usu1722\/2018\/06\/IMG_2501-1024x768.jpeg\" alt=\"\" width=\"1024\" height=\"768\" srcset=\"https:\/\/agora.xtec.cat\/esc-joancasas\/wp-content\/uploads\/usu1722\/2018\/06\/IMG_2501-1024x768.jpeg 1024w, https:\/\/agora.xtec.cat\/esc-joancasas\/wp-content\/uploads\/usu1722\/2018\/06\/IMG_2501-300x225.jpeg 300w, https:\/\/agora.xtec.cat\/esc-joancasas\/wp-content\/uploads\/usu1722\/2018\/06\/IMG_2501-768x576.jpeg 768w, https:\/\/agora.xtec.cat\/esc-joancasas\/wp-content\/uploads\/usu1722\/2018\/06\/IMG_2501-200x150.jpeg 200w\" sizes=\"auto, (max-width: 1024px) 100vw, 1024px\" \/><\/a><\/p>\n<p>&nbsp;<\/p>\n","protected":false},"excerpt":{"rendered":"<p>Durant el curs, amb els alumnes de 1r hem treballat els seg\u00fcents aspectes de la veu i la can\u00e7\u00f3: la respiraci\u00f3, l&#8217;entonaci\u00f3, l&#8217;afinaci\u00f3 i la projecci\u00f3. &nbsp;<\/p>\n","protected":false},"author":1,"featured_media":9333,"comment_status":"open","ping_status":"closed","sticky":false,"template":"","format":"standard","meta":{"_bbp_topic_count":0,"_bbp_reply_count":0,"_bbp_total_topic_count":0,"_bbp_total_reply_count":0,"_bbp_voice_count":0,"_bbp_anonymous_reply_count":0,"_bbp_topic_count_hidden":0,"_bbp_reply_count_hidden":0,"_bbp_forum_subforum_count":0,"site-sidebar-layout":"default","site-content-layout":"","ast-site-content-layout":"","site-content-style":"default","site-sidebar-style":"default","ast-global-header-display":"","ast-banner-title-visibility":"","ast-main-header-display":"","ast-hfb-above-header-display":"","ast-hfb-below-header-display":"","ast-hfb-mobile-header-display":"","site-post-title":"","ast-breadcrumbs-content":"","ast-featured-img":"","footer-sml-layout":"","theme-transparent-header-meta":"","adv-header-id-meta":"","stick-header-meta":"","header-above-stick-meta":"","header-main-stick-meta":"","header-below-stick-meta":"","astra-migrate-meta-layouts":"default","ast-page-background-enabled":"default","ast-page-background-meta":{"desktop":{"background-color":"var(--ast-global-color-4)","background-image":"","background-repeat":"repeat","background-position":"center center","background-size":"auto","background-attachment":"scroll","background-type":"","background-media":"","overlay-type":"","overlay-color":"","overlay-opacity":"","overlay-gradient":""},"tablet":{"background-color":"","background-image":"","background-repeat":"repeat","background-position":"center center","background-size":"auto","background-attachment":"scroll","background-type":"","background-media":"","overlay-type":"","overlay-color":"","overlay-opacity":"","overlay-gradient":""},"mobile":{"background-color":"","background-image":"","background-repeat":"repeat","background-position":"center center","background-size":"auto","background-attachment":"scroll","background-type":"","background-media":"","overlay-type":"","overlay-color":"","overlay-opacity":"","overlay-gradient":""}},"ast-content-background-meta":{"desktop":{"background-color":"var(--ast-global-color-5)","background-image":"","background-repeat":"repeat","background-position":"center center","background-size":"auto","background-attachment":"scroll","background-type":"","background-media":"","overlay-type":"","overlay-color":"","overlay-opacity":"","overlay-gradient":""},"tablet":{"background-color":"var(--ast-global-color-5)","background-image":"","background-repeat":"repeat","background-position":"center center","background-size":"auto","background-attachment":"scroll","background-type":"","background-media":"","overlay-type":"","overlay-color":"","overlay-opacity":"","overlay-gradient":""},"mobile":{"background-color":"var(--ast-global-color-5)","background-image":"","background-repeat":"repeat","background-position":"center center","background-size":"auto","background-attachment":"scroll","background-type":"","background-media":"","overlay-type":"","overlay-color":"","overlay-opacity":"","overlay-gradient":""}},"footnotes":""},"categories":[4,5],"tags":[],"class_list":["post-9332","post","type-post","status-publish","format-standard","has-post-thumbnail","hentry","category-portada","category-primaria"],"post_mailing_queue_ids":[],"_links":{"self":[{"href":"https:\/\/agora.xtec.cat\/esc-joancasas\/wp-json\/wp\/v2\/posts\/9332","targetHints":{"allow":["GET"]}}],"collection":[{"href":"https:\/\/agora.xtec.cat\/esc-joancasas\/wp-json\/wp\/v2\/posts"}],"about":[{"href":"https:\/\/agora.xtec.cat\/esc-joancasas\/wp-json\/wp\/v2\/types\/post"}],"author":[{"embeddable":true,"href":"https:\/\/agora.xtec.cat\/esc-joancasas\/wp-json\/wp\/v2\/users\/1"}],"replies":[{"embeddable":true,"href":"https:\/\/agora.xtec.cat\/esc-joancasas\/wp-json\/wp\/v2\/comments?post=9332"}],"version-history":[{"count":1,"href":"https:\/\/agora.xtec.cat\/esc-joancasas\/wp-json\/wp\/v2\/posts\/9332\/revisions"}],"predecessor-version":[{"id":9335,"href":"https:\/\/agora.xtec.cat\/esc-joancasas\/wp-json\/wp\/v2\/posts\/9332\/revisions\/9335"}],"wp:featuredmedia":[{"embeddable":true,"href":"https:\/\/agora.xtec.cat\/esc-joancasas\/wp-json\/wp\/v2\/media\/9333"}],"wp:attachment":[{"href":"https:\/\/agora.xtec.cat\/esc-joancasas\/wp-json\/wp\/v2\/media?parent=9332"}],"wp:term":[{"taxonomy":"category","embeddable":true,"href":"https:\/\/agora.xtec.cat\/esc-joancasas\/wp-json\/wp\/v2\/categories?post=9332"},{"taxonomy":"post_tag","embeddable":true,"href":"https:\/\/agora.xtec.cat\/esc-joancasas\/wp-json\/wp\/v2\/tags?post=9332"}],"curies":[{"name":"wp","href":"https:\/\/api.w.org\/{rel}","templated":true}]}}