{"id":8792,"date":"2018-05-28T09:12:17","date_gmt":"2018-05-28T07:12:17","guid":{"rendered":"http:\/\/agora.xtec.cat\/esc-joancasas\/?p=8792"},"modified":"2018-05-28T09:12:32","modified_gmt":"2018-05-28T07:12:32","slug":"declaracio-universal-dels-drets-humans","status":"publish","type":"post","link":"https:\/\/agora.xtec.cat\/esc-joancasas\/portada\/declaracio-universal-dels-drets-humans\/","title":{"rendered":"Declaraci\u00f3 Universal dels Drets Humans"},"content":{"rendered":"<p class=\"titol2\">Pre\u00e0mbul<\/p>\n<p>Considerant que el respecte a la dignitat inherent a tots els membres de la fam\u00edlia humana i als drets iguals i inalienables de cadascun constitueix el fonament de la llibertat, de la just\u00edcia i de la pau del m\u00f3n;<\/p>\n<p>Considerant que del desconeixement i menyspreu dels drets humans, n&#8217;han derivat actes de barb\u00e0rie que revolten la consci\u00e8ncia de la humanitat, i que l&#8217;adveniment en el futur d&#8217;un m\u00f3n on les persones alliberades del terror i de la mis\u00e8ria tinguin dret a parlar i a creure lliurement ha esdevingut la m\u00e9s alta aspiraci\u00f3 humana;<\/p>\n<p>Considerant cosa essencial de protegir els drets humans amb un r\u00e8gim de dret a fi que l&#8217;\u00e9sser hum\u00e0 no es vegi obligat al capdavall a rebel\u00b7lar-se contra la tirania i l&#8217;opressi\u00f3;<\/p>\n<p>Considerant que \u00e9s tamb\u00e9 essencial de fomentar l&#8217;establiment de relacions amistoses entre les nacions;<\/p>\n<p>Considerant que en la Carta de les Nacions Unides els pobles han proclamat llur fe en els drets fonamentals de l&#8217;\u00e9sser hum\u00e0, en la dignitat i en la v\u00e0lua de la persona humana, en la igualtat de drets d&#8217;homes i dones, i que s&#8217;han demostrat disposats a afavorir el progr\u00e9s social i a instaurar unes millors condicions de vida dins d&#8217;una m\u00e9s gran llibertat;<\/p>\n<p>Considerant que els estats membres s&#8217;han comprom\u00e8s a assegurar, en cooperaci\u00f3 amb l&#8217;Organitzaci\u00f3 de les Nacions Unides, el respecte universal i efectiu dels drets humans, de les llibertats fonamentals;<\/p>\n<p>Considerant que una concepci\u00f3 comuna d&#8217;aquests drets i d&#8217;aquestes llibertats \u00e9s de la m\u00e9s gran import\u00e0ncia amb vista al ple acompliment d&#8217;aquest comprom\u00eds,<\/p>\n<p>&nbsp;<\/p>\n<p class=\"titol2\">L&#8217;Assemblea General<\/p>\n<p>Proclama aquesta Declaraci\u00f3 Universal dels Drets Humans com l&#8217;ideal com\u00fa que tots els pobles i totes les nacions han d&#8217;assolir a fi que totes les persones i \u00f2rgans de la societat, tenint aquesta Declaraci\u00f3 sempre present a l&#8217;esperit, s&#8217;esforcin a promoure el respecte d&#8217;aquests drets i d&#8217;aquestes llibertats mitjan\u00e7ant l&#8217;ensenyament i l&#8217;educaci\u00f3, i assegurar amb mesures progressives d&#8217;ordre nacional i internacional llur reconeixement i aplicaci\u00f3 universals i efectius, tant per part dels estats membres com dels territoris que jur\u00eddicament en depenen.<\/p>\n<p>&nbsp;<\/p>\n<p><b>Article 1<\/b><br \/>\nTots els \u00e9ssers humans neixen lliures i iguals en dignitat i en drets. S\u00f3n dotats de ra\u00f3 i de consci\u00e8ncia, i els cal mantenir-se entre ells amb esperit de fraternitat.<\/p>\n<p><b>Article 2<\/b><br \/>\nQualsevol persona pot prevaler-se de tots els drets i de totes les llibertats que aquesta declaraci\u00f3 proclama, sense cap distinci\u00f3 de ra\u00e7a, de color, de sexe, de llengua, de religi\u00f3, d&#8217;opini\u00f3 p\u00fablica o d&#8217;altra mena, d&#8217;origen nacional o social, de fortuna, de naixement o de qualsevol altra classe. Hom no far\u00e0 tampoc cap distinci\u00f3 fonamentada en l&#8217;estatus pol\u00edtic, administratiu i internacional del pa\u00eds o territori del qual depengui jur\u00eddicament la persona, tant si es tracta d&#8217;un pa\u00eds o territori independent, com si est\u00e0 sota la tutela, encara que no sigui aut\u00f2nom o que estigui sotm\u00e8s a qualsevol limitaci\u00f3 de sobirania.<\/p>\n<p><b>Article 3<\/b><br \/>\nTot individu t\u00e9 dret a la vida, a la llibertat i a la seguretat de la persona.<\/p>\n<p><b>Article 4<\/b><br \/>\nCap persona no est\u00e0 sotmesa a esclavitud o servatge; l&#8217;esclavitud i el tr\u00e0fic d&#8217;esclaus s\u00f3n prohibits en totes llurs formes.<\/p>\n<p><b>Article 5\u00a0<\/b><br \/>\nCap persona no ser\u00e0 sotmesa a tortura ni a penes o tractes cruels, inhumans o degradants.<\/p>\n<p><b>Article 6<\/b><br \/>\nTothom i en tot lloc t\u00e9 dret al reconeixement de la pr\u00f2pia personalitat jur\u00eddica.<\/p>\n<p><b>Article 7<\/b><br \/>\nTothom \u00e9s igual davant la llei i t\u00e9 dret d&#8217;obtenir-ne la mateixa protecci\u00f3 contra qualsevol discriminaci\u00f3 que violi la present declaraci\u00f3 contra tota provocaci\u00f3 a una tal discriminaci\u00f3.<\/p>\n<p><b>Article 8<\/b><br \/>\nTota persona t\u00e9 dret a un recurs efectiu prop de les competents jurisdiccions nacionals, contra aquells actes que violin els drets fonamentals reconeguts per la constituci\u00f3 o la llei.<\/p>\n<p><b>Article 9<\/b><br \/>\nNing\u00fa no pot ser arrestat, detingut ni exiliat arbitr\u00e0riament.<\/p>\n<p><b>Article 10<\/b><br \/>\nTota persona t\u00e9 dret, en r\u00e8gim d&#8217;igualtat, que la seva causa sigui portada equitativament i imparcialment en un tribunal independent i imparcial, el qual decidir\u00e0 tant sobre els seus drets i les seves obligacions com sobre el fonament de tota acusaci\u00f3 adre\u00e7ada contra ella en mat\u00e8ria penal.<\/p>\n<p><b>Article 11<\/b><br \/>\n1. Hom presumeix innocent tota persona acusada d&#8217;un acte delictiu fins que la seva culpabilitat hagi estat establerta legalment en el curs d&#8217;un proc\u00e9s p\u00fablic, en el qual totes les garanties necess\u00e0ries per a la defensa hagin estat assegurades.<br \/>\n2. Ning\u00fa no ser\u00e0 condemnat per accions o per omissions que quan foren comeses no constitu\u00efen acte delictiu d&#8217;acord amb el dret nacional i internacional. Tampoc no s&#8217;imposar\u00e0 cap pena superior a la que era aplicable quan l&#8217;acte delictiu fou com\u00e8s.<\/p>\n<p><b>Article 12<\/b><br \/>\nNing\u00fa no ser\u00e0 objecte d&#8217;intromissions arbitr\u00e0ries en la seva vida privada ni en la de la seva fam\u00edlia, en el seu domicili ni en la seva correspond\u00e8ncia, ni d&#8217;atemptats contra la seva fama o reputaci\u00f3. Tota persona t\u00e9 dret a la protecci\u00f3 de la llei contra aquestes intromissions o aquests atemptats.<\/p>\n<p><b>Article 13<\/b><br \/>\n1. Tota persona t\u00e9 dret a circular i a escollir el seu lloc de resid\u00e8ncia a l&#8217;interior d&#8217;un estat.<br \/>\n2. Tota persona t\u00e9 dret a abandonar qualsevol pa\u00eds, \u00e0dhuc el propi, i a retornar-hi.<\/p>\n<p><b>Article 14<\/b><br \/>\n1. En cas de persecuci\u00f3, tota persona t\u00e9 dret a cercar asil i a beneficiar-se&#8217;n en d&#8217;altres pa\u00efsos.<br \/>\n2. Aquest dret no podr\u00e0 \u00e9sser invocat en cas de persecuci\u00f3 basada realment en un crim de dret com\u00fa, o actes contraris als principis i fins de les Nacions Unides.<\/p>\n<p><b>Article 15<\/b><br \/>\n1. Tot individu t\u00e9 dret a una nacionalitat.<br \/>\n2. Ning\u00fa no pot \u00e9sser privat arbitr\u00e0riament de la seva nacionalitat ni del dret a canviar de nacionalitat.<\/p>\n<p><b>Article 16<\/b><br \/>\n1. A partir de l&#8217;edat n\u00fabil, l&#8217;home i la dona, sense cap restricci\u00f3 per ra\u00f3 de ra\u00e7a, nacionalitat o religi\u00f3, tenen dret a casar-se i a fundar una fam\u00edlia. Ambd\u00f3s tenen drets iguals al matrimoni, durant el matrimoni i en el moment de la seva dissoluci\u00f3.<br \/>\n2. El matrimoni nom\u00e9s pot realitzar-se amb el consentiment lliure i ple dels futurs esposos.<br \/>\n3.La fam\u00edlia \u00e9s l&#8217;element natural i fonamental de la societat, i t\u00e9 dret a la protecci\u00f3 de la societat i de l&#8217;estat.<\/p>\n<p><b>Article 17<\/b><br \/>\n1. Tota persona, individualment i col\u00b7lectiva, t\u00e9 dret a la propietat.<br \/>\n2. Ning\u00fa no pot \u00e9sser privat arbitr\u00e0riament de la seva propietat.<\/p>\n<p><b>Article 18<\/b><br \/>\nTota persona t\u00e9 dret a la llibertat de pensament, de consci\u00e8ncia i de religi\u00f3; aquest dret comporta la llibertat de canviar de religi\u00f3 o de convicci\u00f3 i la de manifestar-les individualment o en com\u00fa, en p\u00fablic i en privat, mitjan\u00e7ant l&#8217;ensenyament, la predicaci\u00f3, el culte i l&#8217;acompliment de ritus.<\/p>\n<p><b>Article 19<\/b><br \/>\nTot individu t\u00e9 dret a la llibertat d&#8217;opini\u00f3 i d&#8217;expressi\u00f3; aix\u00f2 comporta el dret a no \u00e9sser inquietat per causa de les opinions i el de cercar, rebre o difondre les informacions i les idees per qualsevol mitj\u00e0 d&#8217;expressi\u00f3 i sense consideraci\u00f3 de fronteres.<\/p>\n<p><b>Article 20<\/b><br \/>\n1. Tota persona t\u00e9 dret a la llibertat de reuni\u00f3 i d&#8217;associaci\u00f3 pac\u00edfiques.<br \/>\n2. Ning\u00fa no pot \u00e9sser obligat a pert\u00e0nyer a una determinada associaci\u00f3.<\/p>\n<p><b>Article 21<\/b><br \/>\n1. Tothom t\u00e9 dret a prendre part en la direcci\u00f3 dels afers p\u00fablics del seu pa\u00eds, sigui directament, sigui per mitj\u00e0 de representants elegits lliurement.<br \/>\n2.Tota persona t\u00e9 dret a accedir a les funcions p\u00fabliques del pa\u00eds en condicions d&#8217;igualtat.<br \/>\n3. La voluntat del poble \u00e9s el fonament de l&#8217;autoritat dels poders p\u00fablics; aquesta voluntat ha d&#8217;expressar-se mitjan\u00e7ant eleccions sinceres que cal celebrar peri\u00f2dicament per sufragi universal igual i secret, o seguint qualsevol procediment equivalent que asseguri la llibertat del vot.<\/p>\n<p><b>Article 22<\/b><br \/>\nTota persona, com a membre de la societat, t\u00e9 dret a la seguretat social; t\u00e9 la facultat d&#8217;obtenir la satisfacci\u00f3 dels drets econ\u00f2mics socials i culturals indispensables a la seva dignitat i al lliure desenvolupament de la seva personalitat, per l&#8217;esfor\u00e7 nacional i la cooperaci\u00f3 internacional, segons l&#8217;organitzaci\u00f3 i els recursos de cada pa\u00eds.<\/p>\n<p><b>Article 23<\/b><br \/>\n1. Tota persona t\u00e9 dret al treball, a la lliure elecci\u00f3 del seu treball i a la protecci\u00f3 contra la desocupaci\u00f3.<br \/>\n2.Tothom t\u00e9 dret, sense cap discriminaci\u00f3, a igual salari per igual treball.<br \/>\n3.Tothom que treballa t\u00e9 dret a una remuneraci\u00f3 equitativa i satisfact\u00f2ria que asseguri per a ell i per a la seva fam\u00edlia una exist\u00e8ncia conforme amb la dignitat humana, completada, si cal, amb els altres mitjans de protecci\u00f3 social.<br \/>\n4.Tota persona t\u00e9 dret, unint-se amb d&#8217;altres, a fundar sindicats i a afiliar-s&#8217;hi per a la defensa dels propis interessos.<\/p>\n<p><b>Article 24<\/b><br \/>\nTota persona t\u00e9 dret al descans i al lleure i, particularment, a una limitaci\u00f3 raonable de la jornada de treball i a vacances peri\u00f2diques pagades.<\/p>\n<p><b>Article 25<\/b><br \/>\n1. Tota persona t\u00e9 dret a un nivell de vida que asseguri la seva salut, el seu benestar i els de la seva fam\u00edlia, especialment quant a alimentaci\u00f3, a vestit, a habitatge, a atenci\u00f3 m\u00e8dica i als necessaris serveis socials; tota persona t\u00e9 dret a la seguretat en cas de desocupaci\u00f3, malaltia, invalidesa, vidu\u00eftat, vellesa o en d&#8217;altres casos de p\u00e8rdua dels mitjans de subsist\u00e8ncia a causa de circumst\u00e0ncies independents de la seva voluntat.<br \/>\n2. La maternitat i la infantesa tenen dret a una ajuda i a una assist\u00e8ncia especials. Tot infant nascut en el matrimoni o fora d&#8217;ell, frueix d&#8217;igual protecci\u00f3 social.<\/p>\n<p><b>Article 26<\/b><br \/>\n1. Tota persona t\u00e9 dret a l&#8217;educaci\u00f3. L&#8217;educaci\u00f3 ser\u00e0 gratu\u00efta, si m\u00e9s no, en el grau elemental i fonamental. L&#8217;ensenyament elemental \u00e9s obligatori. Cal que l&#8217;ensenyament t\u00e8cnic i professional sigui generalitzat, i que s&#8217;obri a tothom l&#8217;acc\u00e9s als estudis superiors amb plena igualtat per a tots amb atenci\u00f3 al m\u00e8rit de cadasc\u00fa.<br \/>\n2. L&#8217;educaci\u00f3 ha de tendir al ple desenvolupament de la personalitat humana i al refor\u00e7ament del respecte dels Drets Humans i de les llibertats fonamentals. Ha d&#8217;afavorir la comprensi\u00f3, la toler\u00e0ncia i l&#8217;amistat entre totes les nacions i tots els grups socials o religiosos, i la difusi\u00f3 de les activitats de les Nacions Unides per al manteniment de la pau.<br \/>\n3. El pare i la mare tenen, amb prioritat, dret a escollir la classe d&#8217;educaci\u00f3 de llurs fills.<\/p>\n<p><b>Article 27<\/b><br \/>\n1. Tota persona t\u00e9 dret a prendre part lliurement en la vida cultural de la comunitat, a fruir de les arts i a participar del progr\u00e9s cient\u00edfic i dels beneficis que en resultin.<br \/>\n2. Qualsevol persona t\u00e9 dret a la protecci\u00f3 dels interessos morals i materials derivats de les produccions cient\u00edfiques, liter\u00e0ries i art\u00edstiques de qu\u00e8 sigui autor.<\/p>\n<p><b>Article 28<\/b><br \/>\nTota persona t\u00e9 dret a que regni en el medi social i internacional un ordre que permeti d&#8217;assolir amb plena efic\u00e0cia els drets i les llibertats enunciats en aquesta declaraci\u00f3.<\/p>\n<p><b>Article 29<\/b><br \/>\n1. Tota persona t\u00e9 dret a uns deures envers la comunitat en la qual, nom\u00e9s, li \u00e9s possible el lliure i ple desplegament de la personalitat.<br \/>\n2. En l&#8217;exercici dels drets i en el gaudi de les llibertats ning\u00fa no est\u00e0 sotm\u00e8s sin\u00f3 a les limitacions establertes en la llei, exclusivament en l&#8217;ordre a assegurar el reconeixement i el respecte dels drets i de les llibertats alienes, i a fi de satisfer les justes exig\u00e8ncies de la moral, de l&#8217;ordre p\u00fablic i del benestar general en una societat democr\u00e0tica.<br \/>\n3. Aquests deures i aquestes llibertats mai no podran \u00e9sser exercits contra els fins i els principis de les Nacions Unides.<\/p>\n<p><b>Article 30<\/b><br \/>\nCap disposici\u00f3 d&#8217;aquesta declaraci\u00f3 no pot \u00e9sser interpretada en el sentit que un estat, un grup o un individu tinguin dret a lliurar-se a una activitat o a cometre un acte encaminat a la destrucci\u00f3 dels drets i les llibertats que s&#8217;hi enuncien.<\/p>\n","protected":false},"excerpt":{"rendered":"<p>Pre\u00e0mbul Considerant que el respecte a la dignitat inherent a tots els membres de la fam\u00edlia humana i als drets iguals i inalienables de cadascun constitueix el fonament de la llibertat, de la just\u00edcia i de la pau del m\u00f3n; Considerant que del desconeixement i menyspreu dels drets humans, n&#8217;han derivat actes de barb\u00e0rie que [&hellip;]<\/p>\n","protected":false},"author":2,"featured_media":8793,"comment_status":"open","ping_status":"closed","sticky":false,"template":"","format":"standard","meta":{"_bbp_topic_count":0,"_bbp_reply_count":0,"_bbp_total_topic_count":0,"_bbp_total_reply_count":0,"_bbp_voice_count":0,"_bbp_anonymous_reply_count":0,"_bbp_topic_count_hidden":0,"_bbp_reply_count_hidden":0,"_bbp_forum_subforum_count":0,"site-sidebar-layout":"default","site-content-layout":"","ast-site-content-layout":"","site-content-style":"default","site-sidebar-style":"default","ast-global-header-display":"","ast-banner-title-visibility":"","ast-main-header-display":"","ast-hfb-above-header-display":"","ast-hfb-below-header-display":"","ast-hfb-mobile-header-display":"","site-post-title":"","ast-breadcrumbs-content":"","ast-featured-img":"","footer-sml-layout":"","theme-transparent-header-meta":"","adv-header-id-meta":"","stick-header-meta":"","header-above-stick-meta":"","header-main-stick-meta":"","header-below-stick-meta":"","astra-migrate-meta-layouts":"default","ast-page-background-enabled":"default","ast-page-background-meta":{"desktop":{"background-color":"var(--ast-global-color-4)","background-image":"","background-repeat":"repeat","background-position":"center center","background-size":"auto","background-attachment":"scroll","background-type":"","background-media":"","overlay-type":"","overlay-color":"","overlay-opacity":"","overlay-gradient":""},"tablet":{"background-color":"","background-image":"","background-repeat":"repeat","background-position":"center center","background-size":"auto","background-attachment":"scroll","background-type":"","background-media":"","overlay-type":"","overlay-color":"","overlay-opacity":"","overlay-gradient":""},"mobile":{"background-color":"","background-image":"","background-repeat":"repeat","background-position":"center center","background-size":"auto","background-attachment":"scroll","background-type":"","background-media":"","overlay-type":"","overlay-color":"","overlay-opacity":"","overlay-gradient":""}},"ast-content-background-meta":{"desktop":{"background-color":"var(--ast-global-color-5)","background-image":"","background-repeat":"repeat","background-position":"center center","background-size":"auto","background-attachment":"scroll","background-type":"","background-media":"","overlay-type":"","overlay-color":"","overlay-opacity":"","overlay-gradient":""},"tablet":{"background-color":"var(--ast-global-color-5)","background-image":"","background-repeat":"repeat","background-position":"center center","background-size":"auto","background-attachment":"scroll","background-type":"","background-media":"","overlay-type":"","overlay-color":"","overlay-opacity":"","overlay-gradient":""},"mobile":{"background-color":"var(--ast-global-color-5)","background-image":"","background-repeat":"repeat","background-position":"center center","background-size":"auto","background-attachment":"scroll","background-type":"","background-media":"","overlay-type":"","overlay-color":"","overlay-opacity":"","overlay-gradient":""}},"footnotes":""},"categories":[4],"tags":[],"class_list":["post-8792","post","type-post","status-publish","format-standard","has-post-thumbnail","hentry","category-portada"],"post_mailing_queue_ids":[],"_links":{"self":[{"href":"https:\/\/agora.xtec.cat\/esc-joancasas\/wp-json\/wp\/v2\/posts\/8792","targetHints":{"allow":["GET"]}}],"collection":[{"href":"https:\/\/agora.xtec.cat\/esc-joancasas\/wp-json\/wp\/v2\/posts"}],"about":[{"href":"https:\/\/agora.xtec.cat\/esc-joancasas\/wp-json\/wp\/v2\/types\/post"}],"author":[{"embeddable":true,"href":"https:\/\/agora.xtec.cat\/esc-joancasas\/wp-json\/wp\/v2\/users\/2"}],"replies":[{"embeddable":true,"href":"https:\/\/agora.xtec.cat\/esc-joancasas\/wp-json\/wp\/v2\/comments?post=8792"}],"version-history":[{"count":1,"href":"https:\/\/agora.xtec.cat\/esc-joancasas\/wp-json\/wp\/v2\/posts\/8792\/revisions"}],"predecessor-version":[{"id":8794,"href":"https:\/\/agora.xtec.cat\/esc-joancasas\/wp-json\/wp\/v2\/posts\/8792\/revisions\/8794"}],"wp:featuredmedia":[{"embeddable":true,"href":"https:\/\/agora.xtec.cat\/esc-joancasas\/wp-json\/wp\/v2\/media\/8793"}],"wp:attachment":[{"href":"https:\/\/agora.xtec.cat\/esc-joancasas\/wp-json\/wp\/v2\/media?parent=8792"}],"wp:term":[{"taxonomy":"category","embeddable":true,"href":"https:\/\/agora.xtec.cat\/esc-joancasas\/wp-json\/wp\/v2\/categories?post=8792"},{"taxonomy":"post_tag","embeddable":true,"href":"https:\/\/agora.xtec.cat\/esc-joancasas\/wp-json\/wp\/v2\/tags?post=8792"}],"curies":[{"name":"wp","href":"https:\/\/api.w.org\/{rel}","templated":true}]}}