{"id":15176,"date":"2026-04-23T20:59:52","date_gmt":"2026-04-23T18:59:52","guid":{"rendered":"https:\/\/agora.xtec.cat\/esc-joancasas\/?p=15176"},"modified":"2026-04-24T12:46:08","modified_gmt":"2026-04-24T10:46:08","slug":"x-jocs-florals-26","status":"publish","type":"post","link":"https:\/\/agora.xtec.cat\/esc-joancasas\/portada\/general\/x-jocs-florals-26\/","title":{"rendered":"X JOCS FLORALS &#8216; 26"},"content":{"rendered":"<p class=\"isSelectedEnd\"><em><a href=\"https:\/\/agora.xtec.cat\/esc-joancasas\/wp-content\/uploads\/usu1722\/2026\/04\/PHOTO-2026-04-23-11-40-40.jpg\"><img loading=\"lazy\" decoding=\"async\" class=\"wp-image-15177 alignleft\" src=\"https:\/\/agora.xtec.cat\/esc-joancasas\/wp-content\/uploads\/usu1722\/2026\/04\/PHOTO-2026-04-23-11-40-40-1024x768.jpg\" alt=\"\" width=\"406\" height=\"304\" srcset=\"https:\/\/agora.xtec.cat\/esc-joancasas\/wp-content\/uploads\/usu1722\/2026\/04\/PHOTO-2026-04-23-11-40-40-1024x768.jpg 1024w, https:\/\/agora.xtec.cat\/esc-joancasas\/wp-content\/uploads\/usu1722\/2026\/04\/PHOTO-2026-04-23-11-40-40-300x225.jpg 300w, https:\/\/agora.xtec.cat\/esc-joancasas\/wp-content\/uploads\/usu1722\/2026\/04\/PHOTO-2026-04-23-11-40-40-768x576.jpg 768w, https:\/\/agora.xtec.cat\/esc-joancasas\/wp-content\/uploads\/usu1722\/2026\/04\/PHOTO-2026-04-23-11-40-40-1536x1152.jpg 1536w, https:\/\/agora.xtec.cat\/esc-joancasas\/wp-content\/uploads\/usu1722\/2026\/04\/PHOTO-2026-04-23-11-40-40.jpg 1600w\" sizes=\"auto, (max-width: 406px) 100vw, 406px\" \/><\/a>Hi ha dies que floreixen m\u00e9s enll\u00e0 dels jardins, dies en qu\u00e8 les paraules esdevenen ponts i les mirades es reconeixen amb una complicitat especial. La diada de Sant Jordi, al cor de la nostra escola, \u00e9s un d\u2019aquests instants compartits on la literatura i l\u2019afecte es donen la m\u00e0 per recordar-nos que cr\u00e9ixer junts \u00e9s, tamb\u00e9, una forma de bellesa.<\/em><\/p>\n<p class=\"isSelectedEnd\"><em>Enguany, els Jocs Florals han fet un pas m\u00e9s en aquest cam\u00ed col\u00b7lectiu, incorporant dues propostes que han bategat amb for\u00e7a gr\u00e0cies a la implicaci\u00f3 de tota la comunitat educativa. D\u2019una banda, la creaci\u00f3 d\u2019un <strong>audiollibre<\/strong> (<a href=\"https:\/\/drive.google.com\/file\/d\/1_t9Oy9H7yYDBl8lPAYRK7UCgtnZ9NfOY\/view?usp=sharing\">ENLLA\u00c7<\/a>) amb la llegenda de Sant Jordi, narrada amb veus diverses: les dels infants i joves de tots els nivells, que han convertit cada paraula en una petita pe\u00e7a d\u2019un mosaic sonor ple d\u2019emoci\u00f3 i autenticitat. De l\u2019altra, una <strong>auca<\/strong> que vesteix l\u2019entrada principal de l\u2019escola, oberta a tothom qui vulgui aturar-s\u2019hi i deixar-se portar pel fil de la hist\u00f2ria i la creativitat compartida.<\/em><\/p>\n<p class=\"isSelectedEnd\"><em>Aquestes iniciatives no s\u00f3n nom\u00e9s activitats; s\u00f3n el reflex d\u2019un treball en equip que creix des de la il\u00b7lusi\u00f3 i el comprom\u00eds. L\u2019alumnat hi ha aportat talent, imaginaci\u00f3 i esfor\u00e7, mentre que mestres i especialistes han teixit, amb dedicaci\u00f3 i sensibilitat, els espais perqu\u00e8 tot plegat fos possible. \u00c9s en aquesta suma de voluntats on rau la veritable for\u00e7a de la nostra escola: en saber-nos part d\u2019un projecte com\u00fa, en sentir que cadasc\u00fa hi t\u00e9 un lloc i una veu.<\/em><\/p>\n<p><em>Aix\u00ed, entre roses, llibres i hist\u00f2ries que ens uneixen, celebrem molt m\u00e9s que una tradici\u00f3. Celebrem la capacitat de caminar plegats, de crear comunitat i de fer de cada jornada una experi\u00e8ncia que ens enriqueix i ens acosta. Perqu\u00e8, quan treballem junts, les paraules no nom\u00e9s s\u2019escriuen: es viuen.<\/em><\/p>\n","protected":false},"excerpt":{"rendered":"<p>Hi ha dies que floreixen m\u00e9s enll\u00e0 dels jardins, dies en qu\u00e8 les paraules esdevenen ponts i les mirades es reconeixen amb una complicitat especial. La diada de Sant Jordi, al cor de la nostra escola, \u00e9s un d\u2019aquests instants compartits on la literatura i l\u2019afecte es donen la m\u00e0 per recordar-nos que cr\u00e9ixer junts [&hellip;]<\/p>\n","protected":false},"author":1,"featured_media":15178,"comment_status":"closed","ping_status":"open","sticky":false,"template":"","format":"standard","meta":{"_bbp_topic_count":0,"_bbp_reply_count":0,"_bbp_total_topic_count":0,"_bbp_total_reply_count":0,"_bbp_voice_count":0,"_bbp_anonymous_reply_count":0,"_bbp_topic_count_hidden":0,"_bbp_reply_count_hidden":0,"_bbp_forum_subforum_count":0,"site-sidebar-layout":"default","site-content-layout":"","ast-site-content-layout":"default","site-content-style":"default","site-sidebar-style":"default","ast-global-header-display":"","ast-banner-title-visibility":"","ast-main-header-display":"","ast-hfb-above-header-display":"","ast-hfb-below-header-display":"","ast-hfb-mobile-header-display":"","site-post-title":"","ast-breadcrumbs-content":"","ast-featured-img":"","footer-sml-layout":"","theme-transparent-header-meta":"default","adv-header-id-meta":"","stick-header-meta":"","header-above-stick-meta":"","header-main-stick-meta":"","header-below-stick-meta":"","astra-migrate-meta-layouts":"set","ast-page-background-enabled":"default","ast-page-background-meta":{"desktop":{"background-color":"var(--ast-global-color-4)","background-image":"","background-repeat":"repeat","background-position":"center center","background-size":"auto","background-attachment":"scroll","background-type":"","background-media":"","overlay-type":"","overlay-color":"","overlay-opacity":"","overlay-gradient":""},"tablet":{"background-color":"","background-image":"","background-repeat":"repeat","background-position":"center center","background-size":"auto","background-attachment":"scroll","background-type":"","background-media":"","overlay-type":"","overlay-color":"","overlay-opacity":"","overlay-gradient":""},"mobile":{"background-color":"","background-image":"","background-repeat":"repeat","background-position":"center center","background-size":"auto","background-attachment":"scroll","background-type":"","background-media":"","overlay-type":"","overlay-color":"","overlay-opacity":"","overlay-gradient":""}},"ast-content-background-meta":{"desktop":{"background-color":"var(--ast-global-color-5)","background-image":"","background-repeat":"repeat","background-position":"center center","background-size":"auto","background-attachment":"scroll","background-type":"","background-media":"","overlay-type":"","overlay-color":"","overlay-opacity":"","overlay-gradient":""},"tablet":{"background-color":"var(--ast-global-color-5)","background-image":"","background-repeat":"repeat","background-position":"center center","background-size":"auto","background-attachment":"scroll","background-type":"","background-media":"","overlay-type":"","overlay-color":"","overlay-opacity":"","overlay-gradient":""},"mobile":{"background-color":"var(--ast-global-color-5)","background-image":"","background-repeat":"repeat","background-position":"center center","background-size":"auto","background-attachment":"scroll","background-type":"","background-media":"","overlay-type":"","overlay-color":"","overlay-opacity":"","overlay-gradient":""}},"footnotes":""},"categories":[1],"tags":[],"class_list":["post-15176","post","type-post","status-publish","format-standard","has-post-thumbnail","hentry","category-general"],"post_mailing_queue_ids":[],"_links":{"self":[{"href":"https:\/\/agora.xtec.cat\/esc-joancasas\/wp-json\/wp\/v2\/posts\/15176","targetHints":{"allow":["GET"]}}],"collection":[{"href":"https:\/\/agora.xtec.cat\/esc-joancasas\/wp-json\/wp\/v2\/posts"}],"about":[{"href":"https:\/\/agora.xtec.cat\/esc-joancasas\/wp-json\/wp\/v2\/types\/post"}],"author":[{"embeddable":true,"href":"https:\/\/agora.xtec.cat\/esc-joancasas\/wp-json\/wp\/v2\/users\/1"}],"replies":[{"embeddable":true,"href":"https:\/\/agora.xtec.cat\/esc-joancasas\/wp-json\/wp\/v2\/comments?post=15176"}],"version-history":[{"count":3,"href":"https:\/\/agora.xtec.cat\/esc-joancasas\/wp-json\/wp\/v2\/posts\/15176\/revisions"}],"predecessor-version":[{"id":15181,"href":"https:\/\/agora.xtec.cat\/esc-joancasas\/wp-json\/wp\/v2\/posts\/15176\/revisions\/15181"}],"wp:featuredmedia":[{"embeddable":true,"href":"https:\/\/agora.xtec.cat\/esc-joancasas\/wp-json\/wp\/v2\/media\/15178"}],"wp:attachment":[{"href":"https:\/\/agora.xtec.cat\/esc-joancasas\/wp-json\/wp\/v2\/media?parent=15176"}],"wp:term":[{"taxonomy":"category","embeddable":true,"href":"https:\/\/agora.xtec.cat\/esc-joancasas\/wp-json\/wp\/v2\/categories?post=15176"},{"taxonomy":"post_tag","embeddable":true,"href":"https:\/\/agora.xtec.cat\/esc-joancasas\/wp-json\/wp\/v2\/tags?post=15176"}],"curies":[{"name":"wp","href":"https:\/\/api.w.org\/{rel}","templated":true}]}}