{"id":15118,"date":"2025-12-17T12:18:43","date_gmt":"2025-12-17T11:18:43","guid":{"rendered":"https:\/\/agora.xtec.cat\/esc-joancasas\/?p=15118"},"modified":"2025-12-17T12:18:43","modified_gmt":"2025-12-17T11:18:43","slug":"ho-hem-tornat-a-fer-junts-per-la-marato-2025-cancer","status":"publish","type":"post","link":"https:\/\/agora.xtec.cat\/esc-joancasas\/portada\/general\/ho-hem-tornat-a-fer-junts-per-la-marato-2025-cancer\/","title":{"rendered":"Ho hem tornat a fer! Junts per La Marat\u00f3 2025 &#8211; C\u00e0ncer &#8211;"},"content":{"rendered":"<h3 style=\"text-align: center;\" data-start=\"142\" data-end=\"233\"><span style=\"text-decoration: underline;\">Gran \u00e8xit del berenar solidari i la venda de manualitats de Nadal a l\u2019Escola Joan Casas<\/span><\/h3>\n<p>&nbsp;<\/p>\n<p data-start=\"235\" data-end=\"418\">L\u2019Escola Joan Casas ha viscut unes setmanes plenes de solidaritat i comprom\u00eds gr\u00e0cies a les diferents accions solid\u00e0ries organitzades amb la implicaci\u00f3 de tota la comunitat educativa.<\/p>\n<p data-start=\"420\" data-end=\"715\">El <strong data-start=\"423\" data-end=\"443\">berenar solidari<\/strong>, juntament amb la <strong data-start=\"462\" data-end=\"520\">venda de manualitats de Nadal elaborades per l\u2019alumnat<\/strong>, ha estat tot un \u00e8xit de participaci\u00f3. L\u2019alumnat ha treballat amb molta il\u00b7lusi\u00f3 i creativitat en l\u2019elaboraci\u00f3 de les manualitats, demostrant valors com la cooperaci\u00f3, l\u2019esfor\u00e7 i la solidaritat.<\/p>\n<p data-start=\"717\" data-end=\"1118\">A aquestes iniciatives s\u2019hi han sumat l&#8217;aportaci\u00f3 d&#8217;algunes entitats i<a href=\"https:\/\/agora.xtec.cat\/esc-joancasas\/wp-content\/uploads\/usu1722\/2025\/12\/corona-Marato.jpg\"><img loading=\"lazy\" decoding=\"async\" class=\" wp-image-15120 alignright\" src=\"https:\/\/agora.xtec.cat\/esc-joancasas\/wp-content\/uploads\/usu1722\/2025\/12\/corona-Marato-704x1024.jpg\" alt=\"\" width=\"208\" height=\"303\" srcset=\"https:\/\/agora.xtec.cat\/esc-joancasas\/wp-content\/uploads\/usu1722\/2025\/12\/corona-Marato-704x1024.jpg 704w, https:\/\/agora.xtec.cat\/esc-joancasas\/wp-content\/uploads\/usu1722\/2025\/12\/corona-Marato-206x300.jpg 206w, https:\/\/agora.xtec.cat\/esc-joancasas\/wp-content\/uploads\/usu1722\/2025\/12\/corona-Marato-768x1117.jpg 768w, https:\/\/agora.xtec.cat\/esc-joancasas\/wp-content\/uploads\/usu1722\/2025\/12\/corona-Marato.jpg 844w\" sizes=\"auto, (max-width: 208px) 100vw, 208px\" \/><\/a> empreses, que han fet possible la recaptaci\u00f3 total. Volem agrair especialment la col\u00b7laboraci\u00f3 de l&#8217;<strong>AFA<\/strong>, <strong data-start=\"935\" data-end=\"952\">\u00a0l\u2019Engruna<\/strong>, el <strong data-start=\"957\" data-end=\"977\">Forn de Pa Ninot, l\u2019Ajuntament<\/strong> i l\u2019<strong data-start=\"982\" data-end=\"1011\">empresa TresMEs Ecoactiva<\/strong>, que han donat suport a la iniciativa i han mostrat el seu comprom\u00eds amb el projecte solidari de l\u2019escola.<\/p>\n<p data-start=\"1120\" data-end=\"1380\">Gr\u00e0cies a aix\u00f2, s\u2019ha aconseguit un <strong data-start=\"1188\" data-end=\"1217\">total recaptat de 1.013 \u20ac<\/strong>, que es destinar\u00e0 \u00edntegrament a la Marat\u00f3 d&#8217;enguany per a la investigaci\u00f3 del C\u00c0NCER. Refor\u00e7ant aix\u00ed la import\u00e0ncia de l\u2019educaci\u00f3 en valors i la implicaci\u00f3 social des de l\u2019\u00e0mbit educatiu.<\/p>\n<p data-start=\"1382\" data-end=\"1586\">Des de l\u2019Escola Joan Casas volem donar les gr\u00e0cies a totes les fam\u00edlies, alumnat, entitats i col\u00b7laboradors que han fet possible aquesta iniciativa.<\/p>\n<p data-start=\"1382\" data-end=\"1586\"><strong data-start=\"1531\" data-end=\"1586\">Junts i juntes fem escola, comunitat i solidaritat.<\/strong><\/p>\n<p data-start=\"1382\" data-end=\"1586\"><a href=\"https:\/\/agora.xtec.cat\/esc-joancasas\/wp-content\/uploads\/usu1722\/2025\/12\/Recaptacio-Marato.jpg\"><img loading=\"lazy\" decoding=\"async\" class=\"aligncenter wp-image-15119\" src=\"https:\/\/agora.xtec.cat\/esc-joancasas\/wp-content\/uploads\/usu1722\/2025\/12\/Recaptacio-Marato-705x1024.jpg\" alt=\"\" width=\"497\" height=\"722\" srcset=\"https:\/\/agora.xtec.cat\/esc-joancasas\/wp-content\/uploads\/usu1722\/2025\/12\/Recaptacio-Marato-705x1024.jpg 705w, https:\/\/agora.xtec.cat\/esc-joancasas\/wp-content\/uploads\/usu1722\/2025\/12\/Recaptacio-Marato-206x300.jpg 206w, https:\/\/agora.xtec.cat\/esc-joancasas\/wp-content\/uploads\/usu1722\/2025\/12\/Recaptacio-Marato-768x1116.jpg 768w, https:\/\/agora.xtec.cat\/esc-joancasas\/wp-content\/uploads\/usu1722\/2025\/12\/Recaptacio-Marato.jpg 848w\" sizes=\"auto, (max-width: 497px) 100vw, 497px\" \/><\/a><\/p>\n","protected":false},"excerpt":{"rendered":"<p>Gran \u00e8xit del berenar solidari i la venda de manualitats de Nadal a l\u2019Escola Joan Casas &nbsp; L\u2019Escola Joan Casas ha viscut unes setmanes plenes de solidaritat i comprom\u00eds gr\u00e0cies a les diferents accions solid\u00e0ries organitzades amb la implicaci\u00f3 de tota la comunitat educativa. El berenar solidari, juntament amb la venda de manualitats de Nadal [&hellip;]<\/p>\n","protected":false},"author":1,"featured_media":15119,"comment_status":"closed","ping_status":"open","sticky":false,"template":"","format":"standard","meta":{"_bbp_topic_count":0,"_bbp_reply_count":0,"_bbp_total_topic_count":0,"_bbp_total_reply_count":0,"_bbp_voice_count":0,"_bbp_anonymous_reply_count":0,"_bbp_topic_count_hidden":0,"_bbp_reply_count_hidden":0,"_bbp_forum_subforum_count":0,"site-sidebar-layout":"default","site-content-layout":"","ast-site-content-layout":"default","site-content-style":"default","site-sidebar-style":"default","ast-global-header-display":"","ast-banner-title-visibility":"","ast-main-header-display":"","ast-hfb-above-header-display":"","ast-hfb-below-header-display":"","ast-hfb-mobile-header-display":"","site-post-title":"","ast-breadcrumbs-content":"","ast-featured-img":"","footer-sml-layout":"","theme-transparent-header-meta":"default","adv-header-id-meta":"","stick-header-meta":"","header-above-stick-meta":"","header-main-stick-meta":"","header-below-stick-meta":"","astra-migrate-meta-layouts":"set","ast-page-background-enabled":"default","ast-page-background-meta":{"desktop":{"background-color":"var(--ast-global-color-4)","background-image":"","background-repeat":"repeat","background-position":"center center","background-size":"auto","background-attachment":"scroll","background-type":"","background-media":"","overlay-type":"","overlay-color":"","overlay-opacity":"","overlay-gradient":""},"tablet":{"background-color":"","background-image":"","background-repeat":"repeat","background-position":"center center","background-size":"auto","background-attachment":"scroll","background-type":"","background-media":"","overlay-type":"","overlay-color":"","overlay-opacity":"","overlay-gradient":""},"mobile":{"background-color":"","background-image":"","background-repeat":"repeat","background-position":"center center","background-size":"auto","background-attachment":"scroll","background-type":"","background-media":"","overlay-type":"","overlay-color":"","overlay-opacity":"","overlay-gradient":""}},"ast-content-background-meta":{"desktop":{"background-color":"var(--ast-global-color-5)","background-image":"","background-repeat":"repeat","background-position":"center center","background-size":"auto","background-attachment":"scroll","background-type":"","background-media":"","overlay-type":"","overlay-color":"","overlay-opacity":"","overlay-gradient":""},"tablet":{"background-color":"var(--ast-global-color-5)","background-image":"","background-repeat":"repeat","background-position":"center center","background-size":"auto","background-attachment":"scroll","background-type":"","background-media":"","overlay-type":"","overlay-color":"","overlay-opacity":"","overlay-gradient":""},"mobile":{"background-color":"var(--ast-global-color-5)","background-image":"","background-repeat":"repeat","background-position":"center center","background-size":"auto","background-attachment":"scroll","background-type":"","background-media":"","overlay-type":"","overlay-color":"","overlay-opacity":"","overlay-gradient":""}},"footnotes":""},"categories":[1],"tags":[],"class_list":["post-15118","post","type-post","status-publish","format-standard","has-post-thumbnail","hentry","category-general"],"post_mailing_queue_ids":[],"_links":{"self":[{"href":"https:\/\/agora.xtec.cat\/esc-joancasas\/wp-json\/wp\/v2\/posts\/15118","targetHints":{"allow":["GET"]}}],"collection":[{"href":"https:\/\/agora.xtec.cat\/esc-joancasas\/wp-json\/wp\/v2\/posts"}],"about":[{"href":"https:\/\/agora.xtec.cat\/esc-joancasas\/wp-json\/wp\/v2\/types\/post"}],"author":[{"embeddable":true,"href":"https:\/\/agora.xtec.cat\/esc-joancasas\/wp-json\/wp\/v2\/users\/1"}],"replies":[{"embeddable":true,"href":"https:\/\/agora.xtec.cat\/esc-joancasas\/wp-json\/wp\/v2\/comments?post=15118"}],"version-history":[{"count":2,"href":"https:\/\/agora.xtec.cat\/esc-joancasas\/wp-json\/wp\/v2\/posts\/15118\/revisions"}],"predecessor-version":[{"id":15122,"href":"https:\/\/agora.xtec.cat\/esc-joancasas\/wp-json\/wp\/v2\/posts\/15118\/revisions\/15122"}],"wp:featuredmedia":[{"embeddable":true,"href":"https:\/\/agora.xtec.cat\/esc-joancasas\/wp-json\/wp\/v2\/media\/15119"}],"wp:attachment":[{"href":"https:\/\/agora.xtec.cat\/esc-joancasas\/wp-json\/wp\/v2\/media?parent=15118"}],"wp:term":[{"taxonomy":"category","embeddable":true,"href":"https:\/\/agora.xtec.cat\/esc-joancasas\/wp-json\/wp\/v2\/categories?post=15118"},{"taxonomy":"post_tag","embeddable":true,"href":"https:\/\/agora.xtec.cat\/esc-joancasas\/wp-json\/wp\/v2\/tags?post=15118"}],"curies":[{"name":"wp","href":"https:\/\/api.w.org\/{rel}","templated":true}]}}