{"id":14651,"date":"2023-10-13T00:56:20","date_gmt":"2023-10-12T22:56:20","guid":{"rendered":"https:\/\/agora.xtec.cat\/esc-joancasas\/?p=14651"},"modified":"2023-10-13T00:56:20","modified_gmt":"2023-10-12T22:56:20","slug":"vilaxof-programa-de-natacio-escolar","status":"publish","type":"post","link":"https:\/\/agora.xtec.cat\/esc-joancasas\/portada\/general\/vilaxof-programa-de-natacio-escolar\/","title":{"rendered":"VILAXOF, programa de nataci\u00f3 escolar"},"content":{"rendered":"<p><a href=\"https:\/\/agora.xtec.cat\/esc-joancasas\/wp-content\/uploads\/usu1722\/2023\/10\/Captura-de-pantalla-2023-10-13-005425.png\"><img loading=\"lazy\" decoding=\"async\" class=\"size-medium wp-image-14652 alignleft\" src=\"https:\/\/agora.xtec.cat\/esc-joancasas\/wp-content\/uploads\/usu1722\/2023\/10\/Captura-de-pantalla-2023-10-13-005425-300x175.png\" alt=\"\" width=\"300\" height=\"175\" srcset=\"https:\/\/agora.xtec.cat\/esc-joancasas\/wp-content\/uploads\/usu1722\/2023\/10\/Captura-de-pantalla-2023-10-13-005425-300x175.png 300w, https:\/\/agora.xtec.cat\/esc-joancasas\/wp-content\/uploads\/usu1722\/2023\/10\/Captura-de-pantalla-2023-10-13-005425-768x448.png 768w, https:\/\/agora.xtec.cat\/esc-joancasas\/wp-content\/uploads\/usu1722\/2023\/10\/Captura-de-pantalla-2023-10-13-005425.png 820w\" sizes=\"auto, (max-width: 300px) 100vw, 300px\" \/><\/a>Participem del programa VILAXOF als nivells d&#8217;I4, I5, EP1 i EP2 gr\u00e0cies a la subvenci\u00f3 rebuda per l&#8217;Ajuntament de Sant Antoni de Vilamajor.<\/p>\n<p><span style=\"font-weight: 400;\">El nostre programa de nataci\u00f3 infantil per a nens\/nenes a partir de I4 fins EP2 pret\u00e9n aconseguir, en primer lloc una familiaritzaci\u00f3 i un coneixement progressiu del medi aqu\u00e0tic i posteriorment un major control i domini del seu cos dins de l\u2019aigua.<\/span><\/p>\n<p><span style=\"font-weight: 400;\">Per aconseguir tot aix\u00f2 hem desenvolupat una programaci\u00f3 tenint en compte l\u2019edat, interessos i necessitats del nen\/a. <\/span><span style=\"font-weight: 400;\">El suport metodol\u00f2gic del joc es constituir\u00e0 en l\u2019eix vertebrador que ens permetr\u00e0 assolir els objectius i continguts proposats mantenint, alhora, l\u2019alumne en un context l\u00fadic i motivador que li faciliti l\u2019aprenentatge.<\/span><\/p>\n","protected":false},"excerpt":{"rendered":"<p>Participem del programa VILAXOF als nivells d&#8217;I4, I5, EP1 i EP2 gr\u00e0cies a la subvenci\u00f3 rebuda per l&#8217;Ajuntament de Sant Antoni de Vilamajor. El nostre programa de nataci\u00f3 infantil per a nens\/nenes a partir de I4 fins EP2 pret\u00e9n aconseguir, en primer lloc una familiaritzaci\u00f3 i un coneixement progressiu del medi aqu\u00e0tic i posteriorment un [&hellip;]<\/p>\n","protected":false},"author":1,"featured_media":14652,"comment_status":"open","ping_status":"closed","sticky":false,"template":"","format":"standard","meta":{"_bbp_topic_count":0,"_bbp_reply_count":0,"_bbp_total_topic_count":0,"_bbp_total_reply_count":0,"_bbp_voice_count":0,"_bbp_anonymous_reply_count":0,"_bbp_topic_count_hidden":0,"_bbp_reply_count_hidden":0,"_bbp_forum_subforum_count":0,"site-sidebar-layout":"default","site-content-layout":"","ast-site-content-layout":"","site-content-style":"default","site-sidebar-style":"default","ast-global-header-display":"","ast-banner-title-visibility":"","ast-main-header-display":"","ast-hfb-above-header-display":"","ast-hfb-below-header-display":"","ast-hfb-mobile-header-display":"","site-post-title":"","ast-breadcrumbs-content":"","ast-featured-img":"","footer-sml-layout":"","theme-transparent-header-meta":"","adv-header-id-meta":"","stick-header-meta":"","header-above-stick-meta":"","header-main-stick-meta":"","header-below-stick-meta":"","astra-migrate-meta-layouts":"default","ast-page-background-enabled":"default","ast-page-background-meta":{"desktop":{"background-color":"var(--ast-global-color-4)","background-image":"","background-repeat":"repeat","background-position":"center center","background-size":"auto","background-attachment":"scroll","background-type":"","background-media":"","overlay-type":"","overlay-color":"","overlay-opacity":"","overlay-gradient":""},"tablet":{"background-color":"","background-image":"","background-repeat":"repeat","background-position":"center center","background-size":"auto","background-attachment":"scroll","background-type":"","background-media":"","overlay-type":"","overlay-color":"","overlay-opacity":"","overlay-gradient":""},"mobile":{"background-color":"","background-image":"","background-repeat":"repeat","background-position":"center center","background-size":"auto","background-attachment":"scroll","background-type":"","background-media":"","overlay-type":"","overlay-color":"","overlay-opacity":"","overlay-gradient":""}},"ast-content-background-meta":{"desktop":{"background-color":"var(--ast-global-color-5)","background-image":"","background-repeat":"repeat","background-position":"center center","background-size":"auto","background-attachment":"scroll","background-type":"","background-media":"","overlay-type":"","overlay-color":"","overlay-opacity":"","overlay-gradient":""},"tablet":{"background-color":"var(--ast-global-color-5)","background-image":"","background-repeat":"repeat","background-position":"center center","background-size":"auto","background-attachment":"scroll","background-type":"","background-media":"","overlay-type":"","overlay-color":"","overlay-opacity":"","overlay-gradient":""},"mobile":{"background-color":"var(--ast-global-color-5)","background-image":"","background-repeat":"repeat","background-position":"center center","background-size":"auto","background-attachment":"scroll","background-type":"","background-media":"","overlay-type":"","overlay-color":"","overlay-opacity":"","overlay-gradient":""}},"footnotes":""},"categories":[1,4],"tags":[270,209,218,271],"class_list":["post-14651","post","type-post","status-publish","format-standard","has-post-thumbnail","hentry","category-general","category-portada","tag-ajuntament","tag-motricitat-a-educacio-primaria","tag-habits-saludables","tag-salut"],"post_mailing_queue_ids":[],"_links":{"self":[{"href":"https:\/\/agora.xtec.cat\/esc-joancasas\/wp-json\/wp\/v2\/posts\/14651","targetHints":{"allow":["GET"]}}],"collection":[{"href":"https:\/\/agora.xtec.cat\/esc-joancasas\/wp-json\/wp\/v2\/posts"}],"about":[{"href":"https:\/\/agora.xtec.cat\/esc-joancasas\/wp-json\/wp\/v2\/types\/post"}],"author":[{"embeddable":true,"href":"https:\/\/agora.xtec.cat\/esc-joancasas\/wp-json\/wp\/v2\/users\/1"}],"replies":[{"embeddable":true,"href":"https:\/\/agora.xtec.cat\/esc-joancasas\/wp-json\/wp\/v2\/comments?post=14651"}],"version-history":[{"count":1,"href":"https:\/\/agora.xtec.cat\/esc-joancasas\/wp-json\/wp\/v2\/posts\/14651\/revisions"}],"predecessor-version":[{"id":14653,"href":"https:\/\/agora.xtec.cat\/esc-joancasas\/wp-json\/wp\/v2\/posts\/14651\/revisions\/14653"}],"wp:featuredmedia":[{"embeddable":true,"href":"https:\/\/agora.xtec.cat\/esc-joancasas\/wp-json\/wp\/v2\/media\/14652"}],"wp:attachment":[{"href":"https:\/\/agora.xtec.cat\/esc-joancasas\/wp-json\/wp\/v2\/media?parent=14651"}],"wp:term":[{"taxonomy":"category","embeddable":true,"href":"https:\/\/agora.xtec.cat\/esc-joancasas\/wp-json\/wp\/v2\/categories?post=14651"},{"taxonomy":"post_tag","embeddable":true,"href":"https:\/\/agora.xtec.cat\/esc-joancasas\/wp-json\/wp\/v2\/tags?post=14651"}],"curies":[{"name":"wp","href":"https:\/\/api.w.org\/{rel}","templated":true}]}}