{"id":14493,"date":"2022-12-29T09:47:37","date_gmt":"2022-12-29T08:47:37","guid":{"rendered":"https:\/\/agora.xtec.cat\/esc-joancasas\/?p=14493"},"modified":"2024-01-22T22:42:27","modified_gmt":"2024-01-22T21:42:27","slug":"recaptacio-final-per-a-les-malalties-cardiovasculars","status":"publish","type":"post","link":"https:\/\/agora.xtec.cat\/esc-joancasas\/portada\/recaptacio-final-per-a-les-malalties-cardiovasculars\/","title":{"rendered":"Recaptaci\u00f3 Final per la Marat\u00f3 TV3"},"content":{"rendered":"<h3>Enguany, batem r\u00e8cord!!<\/h3>\n<h2><strong><span style=\"color: #ff0000;\">1904,35 euros<\/span> recaptats<\/strong> a la COMUNITAT JOAN CASAS!!<a href=\"https:\/\/agora.xtec.cat\/esc-joancasas\/wp-content\/uploads\/usu1722\/2022\/12\/MaratoTV3-22-23-JoanCasas.jpg\"><br \/>\n<img loading=\"lazy\" decoding=\"async\" class=\"wp-image-14494 aligncenter\" src=\"https:\/\/agora.xtec.cat\/esc-joancasas\/wp-content\/uploads\/usu1722\/2022\/12\/MaratoTV3-22-23-JoanCasas-300x294.jpg\" alt=\"\" width=\"513\" height=\"503\" srcset=\"https:\/\/agora.xtec.cat\/esc-joancasas\/wp-content\/uploads\/usu1722\/2022\/12\/MaratoTV3-22-23-JoanCasas-300x294.jpg 300w, https:\/\/agora.xtec.cat\/esc-joancasas\/wp-content\/uploads\/usu1722\/2022\/12\/MaratoTV3-22-23-JoanCasas-1024x1005.jpg 1024w, https:\/\/agora.xtec.cat\/esc-joancasas\/wp-content\/uploads\/usu1722\/2022\/12\/MaratoTV3-22-23-JoanCasas-768x754.jpg 768w, https:\/\/agora.xtec.cat\/esc-joancasas\/wp-content\/uploads\/usu1722\/2022\/12\/MaratoTV3-22-23-JoanCasas.jpg 1080w\" sizes=\"auto, (max-width: 513px) 100vw, 513px\" \/><\/a><\/h2>\n<p>MOLTES GR\u00c0CIES A TOTS AQUELLS I AQUELLES QUE HAN FET POSSIBLE RECAPTAR AQUESTA QUANTITAT PER CONTRIBUIR AMB LA MARAT\u00d3 DE TV3 D&#8217;ENGUANY PER A LA CONSCIENCIACI\u00d3 AL VOLTANT DE LA SALUT CARDIOVASCULAR.<\/p>\n<p>MOLTES GR\u00c0CIES ESPECIALMENT A L&#8217;AFA JOAN CASAS. I TAMB\u00c9 MOLTES GR\u00c0CIES ALS COL\u00b7LABORADORS: Ajuntament SAV, Forn NINOT, TRESMES Ecoactiva, Papereria SANT LLIBRE, cafeteria L&#8217;ENGRUNA i Pastisseria Sant LLEH\u00cd.<\/p>\n","protected":false},"excerpt":{"rendered":"<p>Enguany, batem r\u00e8cord!! 1904,35 euros recaptats a la COMUNITAT JOAN CASAS!! MOLTES GR\u00c0CIES A TOTS AQUELLS I AQUELLES QUE HAN FET POSSIBLE RECAPTAR AQUESTA QUANTITAT PER CONTRIBUIR AMB LA MARAT\u00d3 DE TV3 D&#8217;ENGUANY PER A LA CONSCIENCIACI\u00d3 AL VOLTANT DE LA SALUT CARDIOVASCULAR. MOLTES GR\u00c0CIES ESPECIALMENT A L&#8217;AFA JOAN CASAS. I TAMB\u00c9 MOLTES GR\u00c0CIES ALS [&hellip;]<\/p>\n","protected":false},"author":1,"featured_media":14494,"comment_status":"open","ping_status":"closed","sticky":false,"template":"","format":"standard","meta":{"_bbp_topic_count":0,"_bbp_reply_count":0,"_bbp_total_topic_count":0,"_bbp_total_reply_count":0,"_bbp_voice_count":0,"_bbp_anonymous_reply_count":0,"_bbp_topic_count_hidden":0,"_bbp_reply_count_hidden":0,"_bbp_forum_subforum_count":0,"site-sidebar-layout":"default","site-content-layout":"","ast-site-content-layout":"","site-content-style":"default","site-sidebar-style":"default","ast-global-header-display":"","ast-banner-title-visibility":"","ast-main-header-display":"","ast-hfb-above-header-display":"","ast-hfb-below-header-display":"","ast-hfb-mobile-header-display":"","site-post-title":"","ast-breadcrumbs-content":"","ast-featured-img":"","footer-sml-layout":"","theme-transparent-header-meta":"","adv-header-id-meta":"","stick-header-meta":"","header-above-stick-meta":"","header-main-stick-meta":"","header-below-stick-meta":"","astra-migrate-meta-layouts":"default","ast-page-background-enabled":"default","ast-page-background-meta":{"desktop":{"background-color":"var(--ast-global-color-4)","background-image":"","background-repeat":"repeat","background-position":"center center","background-size":"auto","background-attachment":"scroll","background-type":"","background-media":"","overlay-type":"","overlay-color":"","overlay-opacity":"","overlay-gradient":""},"tablet":{"background-color":"","background-image":"","background-repeat":"repeat","background-position":"center center","background-size":"auto","background-attachment":"scroll","background-type":"","background-media":"","overlay-type":"","overlay-color":"","overlay-opacity":"","overlay-gradient":""},"mobile":{"background-color":"","background-image":"","background-repeat":"repeat","background-position":"center center","background-size":"auto","background-attachment":"scroll","background-type":"","background-media":"","overlay-type":"","overlay-color":"","overlay-opacity":"","overlay-gradient":""}},"ast-content-background-meta":{"desktop":{"background-color":"var(--ast-global-color-5)","background-image":"","background-repeat":"repeat","background-position":"center center","background-size":"auto","background-attachment":"scroll","background-type":"","background-media":"","overlay-type":"","overlay-color":"","overlay-opacity":"","overlay-gradient":""},"tablet":{"background-color":"var(--ast-global-color-5)","background-image":"","background-repeat":"repeat","background-position":"center center","background-size":"auto","background-attachment":"scroll","background-type":"","background-media":"","overlay-type":"","overlay-color":"","overlay-opacity":"","overlay-gradient":""},"mobile":{"background-color":"var(--ast-global-color-5)","background-image":"","background-repeat":"repeat","background-position":"center center","background-size":"auto","background-attachment":"scroll","background-type":"","background-media":"","overlay-type":"","overlay-color":"","overlay-opacity":"","overlay-gradient":""}},"footnotes":""},"categories":[4],"tags":[156,75,90,101,264,253],"class_list":["post-14493","post","type-post","status-publish","format-standard","has-post-thumbnail","hentry","category-portada","tag-ampaescola","tag-fem-poble","tag-festes","tag-interes-compartit","tag-maratotv3","tag-valors"],"post_mailing_queue_ids":[],"_links":{"self":[{"href":"https:\/\/agora.xtec.cat\/esc-joancasas\/wp-json\/wp\/v2\/posts\/14493","targetHints":{"allow":["GET"]}}],"collection":[{"href":"https:\/\/agora.xtec.cat\/esc-joancasas\/wp-json\/wp\/v2\/posts"}],"about":[{"href":"https:\/\/agora.xtec.cat\/esc-joancasas\/wp-json\/wp\/v2\/types\/post"}],"author":[{"embeddable":true,"href":"https:\/\/agora.xtec.cat\/esc-joancasas\/wp-json\/wp\/v2\/users\/1"}],"replies":[{"embeddable":true,"href":"https:\/\/agora.xtec.cat\/esc-joancasas\/wp-json\/wp\/v2\/comments?post=14493"}],"version-history":[{"count":2,"href":"https:\/\/agora.xtec.cat\/esc-joancasas\/wp-json\/wp\/v2\/posts\/14493\/revisions"}],"predecessor-version":[{"id":14730,"href":"https:\/\/agora.xtec.cat\/esc-joancasas\/wp-json\/wp\/v2\/posts\/14493\/revisions\/14730"}],"wp:featuredmedia":[{"embeddable":true,"href":"https:\/\/agora.xtec.cat\/esc-joancasas\/wp-json\/wp\/v2\/media\/14494"}],"wp:attachment":[{"href":"https:\/\/agora.xtec.cat\/esc-joancasas\/wp-json\/wp\/v2\/media?parent=14493"}],"wp:term":[{"taxonomy":"category","embeddable":true,"href":"https:\/\/agora.xtec.cat\/esc-joancasas\/wp-json\/wp\/v2\/categories?post=14493"},{"taxonomy":"post_tag","embeddable":true,"href":"https:\/\/agora.xtec.cat\/esc-joancasas\/wp-json\/wp\/v2\/tags?post=14493"}],"curies":[{"name":"wp","href":"https:\/\/api.w.org\/{rel}","templated":true}]}}