{"id":14259,"date":"2026-02-19T00:36:12","date_gmt":"2026-02-18T23:36:12","guid":{"rendered":"https:\/\/agora.xtec.cat\/esc-joancasas\/?p=14259"},"modified":"2026-04-23T15:30:15","modified_gmt":"2026-04-23T13:30:15","slug":"preinscripcio-i-matriculacio-curs-2022-23","status":"publish","type":"post","link":"https:\/\/agora.xtec.cat\/esc-joancasas\/portada\/general\/preinscripcio-i-matriculacio-curs-2022-23\/","title":{"rendered":"TOTA LA INFORMACI\u00d3 SOBRE PREINSCRIPCI\u00d3 I MATRICULA curs 26-27"},"content":{"rendered":"<p><strong><span style=\"text-decoration: underline;\">CALENDARI PROC\u00c9S DE PREINSCRIPCI\u00d3 A EDUCACI\u00d3 INFANTIL (3-6 anys), PRIM\u00c0RIA (6-12 anys).<\/span><\/strong><\/p>\n<table style=\"height: 944px; width: 100%; border-style: double; border-color: #ffffff; background-color: #ffffff;\" border=\"3\" cellspacing=\"3\" cellpadding=\"3\">\n<caption>\u00a0<\/caption>\n<tbody>\n<tr style=\"height: 68px;\">\n<th style=\"height: 68px; background-color: #64d0de; border-color: #ffffff; border-style: solid;\"><span style=\"color: #ffffff;\"><b>FASES DE PREINSCRIPCI\u00d3 I MATR\u00cdCULA<\/b><\/span><\/th>\n<th style=\"height: 68px; background-color: #64d0de; border-color: #ffffff;\"><span style=\"color: #ffffff;\"><b>DATES<\/b><\/span><\/th>\n<\/tr>\n<tr style=\"height: 68px;\">\n<td style=\"height: 68px; width: 2px; border-style: solid; border-color: #ffffff; background-color: #c2e9ed;\"><span style=\"color: #0000ff;\"><a style=\"color: #0000ff;\" href=\"https:\/\/drive.google.com\/file\/d\/1TqODkm5D9Ik5As6vcp9kQ7kRmxsjaCad\/view?usp=sharing\"><strong>Publicaci\u00f3 del nombre de places per centre i curs<\/strong><\/a><\/span><\/td>\n<td style=\"height: 68px; width: 2px; border-style: solid; border-color: #ffffff; background-color: #c2e9ed;\"><strong>3 de mar\u00e7 de 2026<\/strong><\/td>\n<\/tr>\n<tr style=\"height: 68px; border-style: solid; background-color: #ffffff;\">\n<td style=\"height: 68px; width: 2px; border-style: solid; border-color: #ffffff; background-color: #c2e9ed;\"><span style=\"color: #0000ff;\"><strong><a style=\"color: #0000ff;\" href=\"https:\/\/triaeducativa.gencat.cat\/ca\/0-16-anys\/\">Preinscripci\u00f3 Educaci\u00f3 Infantil i Prim\u00e0ria<\/a><\/strong><\/span><\/td>\n<td style=\"height: 68px; width: 2px; border-style: solid; border-color: #ffffff; background-color: #c2e9ed;\"><strong>del 4 al 18 de mar\u00e7 de 2026<\/strong><\/td>\n<\/tr>\n<tr style=\"height: 68px;\">\n<td style=\"height: 68px; width: 2px; border-style: solid; border-color: #ffffff; background-color: #c2e9ed;\"><span style=\"color: #0000ff;\"><strong><a style=\"color: #0000ff;\" href=\"https:\/\/drive.google.com\/file\/d\/13D7W0lOwr9VtgrnZO3Dy_TNPd6XbQE5z\/view?usp=sharing\">Publicaci\u00f3 llistat amb puntuaci\u00f3 provisional<\/a><\/strong><\/span><\/td>\n<td style=\"height: 68px; width: 2px; border-style: solid; border-color: #ffffff; background-color: #c2e9ed;\"><strong>15 d\u2019abril de 2026<\/strong><\/td>\n<\/tr>\n<tr style=\"height: 68px;\">\n<td style=\"height: 68px; width: 2px; border-style: solid; border-color: #ffffff; background-color: #c2e9ed;\"><span style=\"font-weight: 400;\">Presentaci\u00f3 i reclamacions<\/span><\/td>\n<td style=\"height: 68px; width: 2px; border-style: solid; border-color: #ffffff; background-color: #c2e9ed;\"><span style=\"font-weight: 400;\">del 15 al 20 d\u2019abril de 2026<\/span><\/td>\n<\/tr>\n<tr style=\"height: 68px;\">\n<td style=\"height: 68px; width: 2px; border-style: solid; border-color: #ffffff; background-color: #c2e9ed;\"><span style=\"color: #0000ff;\"><strong><a style=\"color: #0000ff;\" href=\"https:\/\/drive.google.com\/file\/d\/1G_Tzma43zBIUqX3fHYcqlcmyP0yBxoq6\/view?usp=sharing\">Publicaci\u00f3 llistat amb puntuaci\u00f3 resoltes les reclamacions<\/a><\/strong><\/span><\/td>\n<td style=\"height: 68px; width: 2px; border-style: solid; border-color: #ffffff; background-color: #c2e9ed;\"><span style=\"font-weight: 400;\">23 d\u2019abril de 2026<\/span><\/td>\n<\/tr>\n<tr style=\"height: 68px;\">\n<td style=\"height: 68px; width: 2px; border-style: solid; border-color: #ffffff; background-color: #c2e9ed;\"><span style=\"font-weight: 400;\">Sorteig de desempat<\/span><\/td>\n<td style=\"height: 68px; width: 2px; border-style: solid; border-color: #ffffff; background-color: #c2e9ed;\"><span style=\"font-weight: 400;\">28 d\u2019abril de 2026<\/span><\/td>\n<\/tr>\n<tr style=\"height: 68px;\">\n<td style=\"height: 68px; width: 2px; border-style: solid; border-color: #ffffff; background-color: #c2e9ed;\"><span style=\"font-weight: 400;\">Publicaci\u00f3 llista ordenada<\/span><\/td>\n<td style=\"height: 68px; width: 2px; border-style: solid; border-color: #ffffff; background-color: #c2e9ed;\"><span style=\"font-weight: 400;\">29 d\u2019abril de 2026<\/span><\/td>\n<\/tr>\n<tr style=\"height: 68px;\">\n<td style=\"height: 68px; width: 2px; border-style: solid; border-color: #ffffff; background-color: #c2e9ed;\"><span style=\"font-weight: 400;\">Publicaci\u00f3 de les llistes d\u2019admesos i llista d\u2019espera<\/span><\/td>\n<td style=\"height: 68px; width: 2px; border-style: solid; border-color: #ffffff; background-color: #c2e9ed;\"><span style=\"font-weight: 400;\">10 de juny de 2026<\/span><\/td>\n<\/tr>\n<tr style=\"height: 68px;\">\n<td style=\"height: 68px; width: 2px; border-style: solid; border-color: #ffffff; background-color: #c2e9ed;\"><span style=\"font-weight: 400;\">Per\u00edode de matriculaci\u00f3 (Educaci\u00f3 infantil i prim\u00e0ria)<\/span><\/td>\n<td style=\"height: 68px; width: 2px; border-style: solid; border-color: #ffffff; background-color: #c2e9ed;\"><span style=\"font-weight: 400;\">de 22 al 30 de juny de 2026<\/span><\/td>\n<\/tr>\n<tr style=\"height: 68px;\">\n<td style=\"height: 68px; width: 2px; border-style: solid; border-color: #ffffff; background-color: #c2e9ed;\"><span style=\"font-weight: 400;\">Finalitzaci\u00f3 de la matr\u00edcula (Educaci\u00f3 infantil i prim\u00e0ria)<\/span><\/td>\n<td style=\"height: 68px; width: 2px; border-style: solid; border-color: #ffffff; background-color: #c2e9ed;\"><span style=\"font-weight: 400;\">de l\u20191 al 10 de juliol de 2026<\/span><\/td>\n<\/tr>\n<tr style=\"height: 98px;\">\n<td style=\"height: 98px; width: 2px; border-style: solid; border-color: #ffffff; background-color: #c2e9ed;\"><span style=\"font-weight: 400;\">Gesti\u00f3 de la llista d\u2019espera (Educaci\u00f3 infantil i prim\u00e0ria)<\/span><\/td>\n<td style=\"height: 98px; width: 2px; border-style: solid; border-color: #ffffff; background-color: #c2e9ed;\"><span style=\"font-weight: 400;\">de l\u20191 de juliol al 2 de setembre de 2026<\/span><\/td>\n<\/tr>\n<tr style=\"height: 98px;\">\n<td style=\"height: 98px; width: 2px; border-style: solid; border-color: #ffffff; background-color: #c2e9ed;\"><span style=\"font-weight: 400;\">Publicaci\u00f3 de la llista d\u2019alumnes matriculats procedents de preinscripci\u00f3 i nova admissi\u00f3<\/span><\/td>\n<td style=\"height: 98px; width: 2px; border-style: solid; border-color: #ffffff; background-color: #c2e9ed;\"><span style=\"font-weight: 400;\">30 de setembre de 2026<\/span><\/td>\n<\/tr>\n<\/tbody>\n<\/table>\n<p><strong>ENLLA\u00c7OS D&#8217;INTER\u00c8S DEL PROC\u00c9S DE PREINSCRIPCI\u00d3 I MATRICULACI\u00d3&#8230;<\/strong><\/p>\n<p><a href=\"https:\/\/preinscripcio.gencat.cat\/ca\/estudis\/infantil-3-6\/informat\/criteris-assignacio\/\"><span style=\"color: #ff0000;\"><strong>CRITERIS D&#8217;ASSIGNACI\u00d3 DE PLA\u00c7A<\/strong><\/span><\/a><\/p>\n<p><a href=\"https:\/\/preinscripcio.gencat.cat\/ca\/estudis\/infantil-3-6\/informat\/prepara-documentacio\/\"><strong><span style=\"color: #ff0000;\">PREPARA TOTA LA DOCUMENTACI\u00d3<\/span><\/strong><\/a><\/p>\n<p>&nbsp;<\/p>\n","protected":false},"excerpt":{"rendered":"<p>CALENDARI PROC\u00c9S DE PREINSCRIPCI\u00d3 A EDUCACI\u00d3 INFANTIL (3-6 anys), PRIM\u00c0RIA (6-12 anys). \u00a0 FASES DE PREINSCRIPCI\u00d3 I MATR\u00cdCULA DATES Publicaci\u00f3 del nombre de places per centre i curs 3 de mar\u00e7 de 2026 Preinscripci\u00f3 Educaci\u00f3 Infantil i Prim\u00e0ria del 4 al 18 de mar\u00e7 de 2026 Publicaci\u00f3 llistat amb puntuaci\u00f3 provisional 15 d\u2019abril de 2026 [&hellip;]<\/p>\n","protected":false},"author":1,"featured_media":15151,"comment_status":"open","ping_status":"closed","sticky":false,"template":"","format":"standard","meta":{"_bbp_topic_count":0,"_bbp_reply_count":0,"_bbp_total_topic_count":0,"_bbp_total_reply_count":0,"_bbp_voice_count":0,"_bbp_anonymous_reply_count":0,"_bbp_topic_count_hidden":0,"_bbp_reply_count_hidden":0,"_bbp_forum_subforum_count":0,"site-sidebar-layout":"default","site-content-layout":"","ast-site-content-layout":"default","site-content-style":"default","site-sidebar-style":"default","ast-global-header-display":"","ast-banner-title-visibility":"","ast-main-header-display":"","ast-hfb-above-header-display":"","ast-hfb-below-header-display":"","ast-hfb-mobile-header-display":"","site-post-title":"","ast-breadcrumbs-content":"","ast-featured-img":"","footer-sml-layout":"","theme-transparent-header-meta":"default","adv-header-id-meta":"","stick-header-meta":"","header-above-stick-meta":"","header-main-stick-meta":"","header-below-stick-meta":"","astra-migrate-meta-layouts":"set","ast-page-background-enabled":"default","ast-page-background-meta":{"desktop":{"background-color":"var(--ast-global-color-4)","background-image":"","background-repeat":"repeat","background-position":"center center","background-size":"auto","background-attachment":"scroll","background-type":"","background-media":"","overlay-type":"","overlay-color":"","overlay-opacity":"","overlay-gradient":""},"tablet":{"background-color":"","background-image":"","background-repeat":"repeat","background-position":"center center","background-size":"auto","background-attachment":"scroll","background-type":"","background-media":"","overlay-type":"","overlay-color":"","overlay-opacity":"","overlay-gradient":""},"mobile":{"background-color":"","background-image":"","background-repeat":"repeat","background-position":"center center","background-size":"auto","background-attachment":"scroll","background-type":"","background-media":"","overlay-type":"","overlay-color":"","overlay-opacity":"","overlay-gradient":""}},"ast-content-background-meta":{"desktop":{"background-color":"var(--ast-global-color-5)","background-image":"","background-repeat":"repeat","background-position":"center center","background-size":"auto","background-attachment":"scroll","background-type":"","background-media":"","overlay-type":"","overlay-color":"","overlay-opacity":"","overlay-gradient":""},"tablet":{"background-color":"var(--ast-global-color-5)","background-image":"","background-repeat":"repeat","background-position":"center center","background-size":"auto","background-attachment":"scroll","background-type":"","background-media":"","overlay-type":"","overlay-color":"","overlay-opacity":"","overlay-gradient":""},"mobile":{"background-color":"var(--ast-global-color-5)","background-image":"","background-repeat":"repeat","background-position":"center center","background-size":"auto","background-attachment":"scroll","background-type":"","background-media":"","overlay-type":"","overlay-color":"","overlay-opacity":"","overlay-gradient":""}},"footnotes":""},"categories":[1,4],"tags":[246],"class_list":["post-14259","post","type-post","status-publish","format-standard","has-post-thumbnail","hentry","category-general","category-portada","tag-preinscripcio"],"post_mailing_queue_ids":[],"_links":{"self":[{"href":"https:\/\/agora.xtec.cat\/esc-joancasas\/wp-json\/wp\/v2\/posts\/14259","targetHints":{"allow":["GET"]}}],"collection":[{"href":"https:\/\/agora.xtec.cat\/esc-joancasas\/wp-json\/wp\/v2\/posts"}],"about":[{"href":"https:\/\/agora.xtec.cat\/esc-joancasas\/wp-json\/wp\/v2\/types\/post"}],"author":[{"embeddable":true,"href":"https:\/\/agora.xtec.cat\/esc-joancasas\/wp-json\/wp\/v2\/users\/1"}],"replies":[{"embeddable":true,"href":"https:\/\/agora.xtec.cat\/esc-joancasas\/wp-json\/wp\/v2\/comments?post=14259"}],"version-history":[{"count":7,"href":"https:\/\/agora.xtec.cat\/esc-joancasas\/wp-json\/wp\/v2\/posts\/14259\/revisions"}],"predecessor-version":[{"id":15175,"href":"https:\/\/agora.xtec.cat\/esc-joancasas\/wp-json\/wp\/v2\/posts\/14259\/revisions\/15175"}],"wp:featuredmedia":[{"embeddable":true,"href":"https:\/\/agora.xtec.cat\/esc-joancasas\/wp-json\/wp\/v2\/media\/15151"}],"wp:attachment":[{"href":"https:\/\/agora.xtec.cat\/esc-joancasas\/wp-json\/wp\/v2\/media?parent=14259"}],"wp:term":[{"taxonomy":"category","embeddable":true,"href":"https:\/\/agora.xtec.cat\/esc-joancasas\/wp-json\/wp\/v2\/categories?post=14259"},{"taxonomy":"post_tag","embeddable":true,"href":"https:\/\/agora.xtec.cat\/esc-joancasas\/wp-json\/wp\/v2\/tags?post=14259"}],"curies":[{"name":"wp","href":"https:\/\/api.w.org\/{rel}","templated":true}]}}