{"id":14235,"date":"2022-02-02T14:40:28","date_gmt":"2022-02-02T13:40:28","guid":{"rendered":"https:\/\/agora.xtec.cat\/esc-joancasas\/?p=14235"},"modified":"2022-03-05T00:41:27","modified_gmt":"2022-03-04T23:41:27","slug":"programa-de-radio-escolar-a-radio-sav","status":"publish","type":"post","link":"https:\/\/agora.xtec.cat\/esc-joancasas\/portada\/general\/programa-de-radio-escolar-a-radio-sav\/","title":{"rendered":"Programa de r\u00e0dio escolar a R\u00e0dio SAV"},"content":{"rendered":"<p>L&#8217;alumnat de sis\u00e8 estrena programa radiof\u00f2nic a la R\u00e0dio SAV. Programa que s&#8217;emetr\u00e0 mensualment. Ens voleu escoltar? Ens voleu seguir per r\u00e0dio?<\/p>\n<h4 style=\"text-align: center;\"><strong><a href=\"https:\/\/agora.xtec.cat\/esc-joancasas\/wp-content\/uploads\/usu1722\/2022\/02\/radiovilamajor.jpg\"><img loading=\"lazy\" decoding=\"async\" class=\"alignnone wp-image-14237\" src=\"https:\/\/agora.xtec.cat\/esc-joancasas\/wp-content\/uploads\/usu1722\/2022\/02\/radiovilamajor.jpg\" alt=\"\" width=\"82\" height=\"114\" srcset=\"https:\/\/agora.xtec.cat\/esc-joancasas\/wp-content\/uploads\/usu1722\/2022\/02\/radiovilamajor.jpg 1384w, https:\/\/agora.xtec.cat\/esc-joancasas\/wp-content\/uploads\/usu1722\/2022\/02\/radiovilamajor-216x300.jpg 216w, https:\/\/agora.xtec.cat\/esc-joancasas\/wp-content\/uploads\/usu1722\/2022\/02\/radiovilamajor-736x1024.jpg 736w, https:\/\/agora.xtec.cat\/esc-joancasas\/wp-content\/uploads\/usu1722\/2022\/02\/radiovilamajor-768x1068.jpg 768w, https:\/\/agora.xtec.cat\/esc-joancasas\/wp-content\/uploads\/usu1722\/2022\/02\/radiovilamajor-1104x1536.jpg 1104w\" sizes=\"auto, (max-width: 82px) 100vw, 82px\" \/> \u00a0 \u00a0<\/a>A RITME DE J<span style=\"color: #333333;\">O<\/span>AN CASAS.<\/strong><\/h4>\n<p style=\"text-align: center;\">Sintonitzeu el dial\u00a0<strong>98.0FM el <span style=\"color: #0000ff;\">dilluns 7 de mar\u00e7 a les 8:00 del vespre<\/span> us donarem m\u00e9s informaci\u00f3.\u00a0<\/strong><\/p>\n<!--[if lt IE 9]><script>document.createElement('audio');<\/script><![endif]-->\n<audio class=\"wp-audio-shortcode\" id=\"audio-14235-1\" preload=\"none\" style=\"width: 100%;\" controls=\"controls\"><source type=\"audio\/mpeg\" src=\"https:\/\/agora.xtec.cat\/esc-joancasas\/wp-content\/uploads\/usu1722\/2022\/02\/Nova-gravacio\u0301-77.m4a?_=1\" \/><a href=\"https:\/\/agora.xtec.cat\/esc-joancasas\/wp-content\/uploads\/usu1722\/2022\/02\/Nova-gravacio\u0301-77.m4a\">https:\/\/agora.xtec.cat\/esc-joancasas\/wp-content\/uploads\/usu1722\/2022\/02\/Nova-gravacio\u0301-77.m4a<\/a><\/audio>\n","protected":false},"excerpt":{"rendered":"<p>L&#8217;alumnat de sis\u00e8 estrena programa radiof\u00f2nic a la R\u00e0dio SAV. Programa que s&#8217;emetr\u00e0 mensualment. Ens voleu escoltar? Ens voleu seguir per r\u00e0dio? \u00a0 \u00a0A RITME DE JOAN CASAS. Sintonitzeu el dial\u00a098.0FM el dilluns 7 de mar\u00e7 a les 8:00 del vespre us donarem m\u00e9s informaci\u00f3.\u00a0<\/p>\n","protected":false},"author":1,"featured_media":14237,"comment_status":"open","ping_status":"closed","sticky":false,"template":"","format":"standard","meta":{"_bbp_topic_count":0,"_bbp_reply_count":0,"_bbp_total_topic_count":0,"_bbp_total_reply_count":0,"_bbp_voice_count":0,"_bbp_anonymous_reply_count":0,"_bbp_topic_count_hidden":0,"_bbp_reply_count_hidden":0,"_bbp_forum_subforum_count":0,"site-sidebar-layout":"default","site-content-layout":"","ast-site-content-layout":"","site-content-style":"default","site-sidebar-style":"default","ast-global-header-display":"","ast-banner-title-visibility":"","ast-main-header-display":"","ast-hfb-above-header-display":"","ast-hfb-below-header-display":"","ast-hfb-mobile-header-display":"","site-post-title":"","ast-breadcrumbs-content":"","ast-featured-img":"","footer-sml-layout":"","theme-transparent-header-meta":"","adv-header-id-meta":"","stick-header-meta":"","header-above-stick-meta":"","header-main-stick-meta":"","header-below-stick-meta":"","astra-migrate-meta-layouts":"default","ast-page-background-enabled":"default","ast-page-background-meta":{"desktop":{"background-color":"var(--ast-global-color-4)","background-image":"","background-repeat":"repeat","background-position":"center center","background-size":"auto","background-attachment":"scroll","background-type":"","background-media":"","overlay-type":"","overlay-color":"","overlay-opacity":"","overlay-gradient":""},"tablet":{"background-color":"","background-image":"","background-repeat":"repeat","background-position":"center center","background-size":"auto","background-attachment":"scroll","background-type":"","background-media":"","overlay-type":"","overlay-color":"","overlay-opacity":"","overlay-gradient":""},"mobile":{"background-color":"","background-image":"","background-repeat":"repeat","background-position":"center center","background-size":"auto","background-attachment":"scroll","background-type":"","background-media":"","overlay-type":"","overlay-color":"","overlay-opacity":"","overlay-gradient":""}},"ast-content-background-meta":{"desktop":{"background-color":"var(--ast-global-color-5)","background-image":"","background-repeat":"repeat","background-position":"center center","background-size":"auto","background-attachment":"scroll","background-type":"","background-media":"","overlay-type":"","overlay-color":"","overlay-opacity":"","overlay-gradient":""},"tablet":{"background-color":"var(--ast-global-color-5)","background-image":"","background-repeat":"repeat","background-position":"center center","background-size":"auto","background-attachment":"scroll","background-type":"","background-media":"","overlay-type":"","overlay-color":"","overlay-opacity":"","overlay-gradient":""},"mobile":{"background-color":"var(--ast-global-color-5)","background-image":"","background-repeat":"repeat","background-position":"center center","background-size":"auto","background-attachment":"scroll","background-type":"","background-media":"","overlay-type":"","overlay-color":"","overlay-opacity":"","overlay-gradient":""}},"footnotes":""},"categories":[1],"tags":[],"class_list":["post-14235","post","type-post","status-publish","format-standard","has-post-thumbnail","hentry","category-general"],"post_mailing_queue_ids":[],"_links":{"self":[{"href":"https:\/\/agora.xtec.cat\/esc-joancasas\/wp-json\/wp\/v2\/posts\/14235","targetHints":{"allow":["GET"]}}],"collection":[{"href":"https:\/\/agora.xtec.cat\/esc-joancasas\/wp-json\/wp\/v2\/posts"}],"about":[{"href":"https:\/\/agora.xtec.cat\/esc-joancasas\/wp-json\/wp\/v2\/types\/post"}],"author":[{"embeddable":true,"href":"https:\/\/agora.xtec.cat\/esc-joancasas\/wp-json\/wp\/v2\/users\/1"}],"replies":[{"embeddable":true,"href":"https:\/\/agora.xtec.cat\/esc-joancasas\/wp-json\/wp\/v2\/comments?post=14235"}],"version-history":[{"count":1,"href":"https:\/\/agora.xtec.cat\/esc-joancasas\/wp-json\/wp\/v2\/posts\/14235\/revisions"}],"predecessor-version":[{"id":14238,"href":"https:\/\/agora.xtec.cat\/esc-joancasas\/wp-json\/wp\/v2\/posts\/14235\/revisions\/14238"}],"wp:featuredmedia":[{"embeddable":true,"href":"https:\/\/agora.xtec.cat\/esc-joancasas\/wp-json\/wp\/v2\/media\/14237"}],"wp:attachment":[{"href":"https:\/\/agora.xtec.cat\/esc-joancasas\/wp-json\/wp\/v2\/media?parent=14235"}],"wp:term":[{"taxonomy":"category","embeddable":true,"href":"https:\/\/agora.xtec.cat\/esc-joancasas\/wp-json\/wp\/v2\/categories?post=14235"},{"taxonomy":"post_tag","embeddable":true,"href":"https:\/\/agora.xtec.cat\/esc-joancasas\/wp-json\/wp\/v2\/tags?post=14235"}],"curies":[{"name":"wp","href":"https:\/\/api.w.org\/{rel}","templated":true}]}}