{"id":14084,"date":"2021-05-21T12:45:59","date_gmt":"2021-05-21T10:45:59","guid":{"rendered":"http:\/\/agora.xtec.cat\/esc-joancasas\/?p=14084"},"modified":"2021-05-21T12:40:41","modified_gmt":"2021-05-21T10:40:41","slug":"concurs-agenda-escolar-curs-21-22","status":"publish","type":"post","link":"https:\/\/agora.xtec.cat\/esc-joancasas\/portada\/general\/concurs-agenda-escolar-curs-21-22\/","title":{"rendered":"NOVETATS! AGENDA ESCOLAR curs 21-22"},"content":{"rendered":"<div class=\"gmail_default\" style=\"text-align: justify;\"><b style=\"font-family: inherit; font-size: 1em;\">ESCOLA JOAN CASAS- <\/b><b style=\"font-family: inherit; font-size: 1em;\">CONCURS DE DIBUIX\u00a0<\/b><b style=\"font-family: inherit; font-size: 1em;\">PER L\u2019AGENDA <\/b><b style=\"font-family: inherit; font-size: 1em;\">convocat\u00f2ria curs 21-22<\/b><\/div>\n<div><\/div>\n<div>\n<p><span style=\"font-weight: 400;\">L&#8217;Alumnat del Joan Casas participa cada curs en el dibuix de l\u2019agenda del proper curs. L<\/span><span style=\"font-weight: 400;\">\u2019AMPA i l\u2019escola recullen dibuixos cada any per trobar el disseny i la futura maquetaci\u00f3 de la propera agenda escolar.\u00a0<\/span><span style=\"font-weight: 400;\">Aix\u00ed busquem un dibuix per l\u2019agenda d\u2019infantil on hi participen alumnat d\u2019EI1, EI2 i per l\u2019agenda de prim\u00e0ria on hi participa l\u2019alumnat d\u2019EI3 fins EP5.\u00a0\u00a0<\/span><\/p>\n<p><span style=\"font-weight: 400;\">Enguany els <\/span><b>criteris de participaci\u00f3 individual<\/b><span style=\"font-weight: 400;\"> han estat:<\/span><\/p>\n<p><span style=\"font-weight: 400;\">\u2013 <\/span><span style=\"font-weight: 400;\">Dibuix fet amb paper Din A4 horitzontal.<\/span><\/p>\n<p><span style=\"font-weight: 400;\">\u2013 <\/span><span style=\"font-weight: 400;\">Dibuix creat amb la t\u00e8cnica COLLAGE.<\/span><\/p>\n<p><span style=\"font-weight: 400;\">\u2013 <\/span><span style=\"font-weight: 400;\">Dibuix relacionat amb l&#8217; art matem\u00e0tic (ARTIMAT).\u00a0<\/span><\/p>\n<p><span style=\"font-weight: 400;\">Els <\/span><b>Criteris de selecci\u00f3<\/b><span style=\"font-weight: 400;\"> dels dibuixos EI i EP- Jurat format per l&#8217;artista i mestra Dolo Navas, representant d&#8217;AMPA i ED-escola.<\/span><\/p>\n<p><span style=\"font-weight: 400;\">Primera fase: recull dibuixos TUTORS\/ES<\/span><\/p>\n<p><span style=\"font-weight: 400;\">Segona fase: selecci\u00f3 dels 10 millors de cada NIVELL<\/span><\/p>\n<p><span style=\"font-weight: 400;\">Tercera fase: El Jurat fa la valoraci\u00f3 dels dibuixos per Infantil i Prim\u00e0ria tenint en compte l&#8217;edat i producci\u00f3 d&#8217;aquests.<\/span><\/p>\n<p><span style=\"text-decoration: underline;\">Selecci\u00f3 dels guanyadors\/es<\/span><b>: Segons nombre de votacions- dibuix <span style=\"text-decoration: underline;\">1r seleccionat\u00a0per la portada<\/span> i 2n i tercer per la contraportada.\u00a0 Aquesta tamb\u00e9 inclour\u00e0 els i les guanyadores del concurs fotogr\u00e0fic d\u2019enguany.<\/b><\/p>\n<\/div>\n<div class=\"gmail_default\"><strong><em><span style=\"font-family: arial, sans-serif;\">Esperem que us agradin.\u00a0<\/span><\/em><\/strong><\/div>\n<div><\/div>\n<div class=\"gmail_default\"><span style=\"font-family: arial, sans-serif;\"><b><u>INFANTIL:<\/u><\/b><\/span><\/div>\n<div><\/div>\n<div class=\"gmail_default\"><b>1r SELECCIONAT (P3)<\/b><\/div>\n<div class=\"gmail_default\"><img loading=\"lazy\" decoding=\"async\" class=\"CToWUd a6T\" tabindex=\"0\" src=\"https:\/\/mail.google.com\/mail\/u\/0?ui=2&amp;ik=fe81ac6e74&amp;attid=0.1&amp;permmsgid=msg-a:r8870956918418160374&amp;th=1798e6d3798101fa&amp;view=fimg&amp;sz=s0-l75-ft&amp;attbid=ANGjdJ_ilTmx9CI7JUs_8RHHg0qtXCvfc0Wbjx_BZCEDJ3EXVAk-32m82nBWR2cXh_5Lwstzbf2GGnhR0Te9xGZ4l3IS4Jo2yrxx1-t9uiKn_lwY5iFBIJHZZcJYHl8&amp;disp=emb&amp;realattid=ii_koy5w5mx1\" alt=\"image.png\" width=\"430\" height=\"302\" data-image-whitelisted=\"\" \/><\/div>\n<div class=\"gmail_default\"><b>2N SELECCIONAT:\u00a0<\/b><\/div>\n<div class=\"gmail_default\"><img loading=\"lazy\" decoding=\"async\" class=\"CToWUd a6T\" tabindex=\"0\" src=\"https:\/\/mail.google.com\/mail\/u\/0?ui=2&amp;ik=fe81ac6e74&amp;attid=0.2&amp;permmsgid=msg-a:r8870956918418160374&amp;th=1798e6d3798101fa&amp;view=fimg&amp;sz=s0-l75-ft&amp;attbid=ANGjdJ-0iVH6dhZV_CKKtseStMSSo2rJ8P-8a-4xrCF-5QItYfL__esBKDn98Xp5j0XVUWCg9PJHDabjhpkRQ7BjuVc9gF87QN8aCcJoFUYBAP0WOVMB_TDadZk9GI4&amp;disp=emb&amp;realattid=ii_koy5xvi12\" alt=\"image.png\" width=\"429\" height=\"301\" data-image-whitelisted=\"\" \/><\/div>\n<div class=\"gmail_default\"><\/div>\n<div class=\"gmail_default\"><b><u>PRIM\u00c0RIA:<\/u><\/b><\/div>\n<div><\/div>\n<div class=\"gmail_default\"><b>1r SELECCIONAT (EP5)<\/b><\/div>\n<div class=\"gmail_default\"><img loading=\"lazy\" decoding=\"async\" class=\"CToWUd a6T\" tabindex=\"0\" src=\"https:\/\/mail.google.com\/mail\/u\/0?ui=2&amp;ik=fe81ac6e74&amp;attid=0.3&amp;permmsgid=msg-a:r8870956918418160374&amp;th=1798e6d3798101fa&amp;view=fimg&amp;sz=s0-l75-ft&amp;attbid=ANGjdJ9kWVDsmTx9pFFFsj5A_HiOUoonsycGnGh27BchR7Aobme5TKLZ3iX9Wj7IVujHnMApNocIAgeJxtnn3Lv_1EvltS_9bC5Em2QZoe5ugzuhvoYA73W1IRjhSx8&amp;disp=emb&amp;realattid=ii_koy60o2h3\" alt=\"image.png\" width=\"433\" height=\"305\" data-image-whitelisted=\"\" \/><\/div>\n<div class=\"gmail_default\"><b>2n SELECCIONAT (EP4)<\/b><\/div>\n<div class=\"gmail_default\"><img loading=\"lazy\" decoding=\"async\" class=\"CToWUd a6T\" tabindex=\"0\" src=\"https:\/\/mail.google.com\/mail\/u\/0?ui=2&amp;ik=fe81ac6e74&amp;attid=0.4&amp;permmsgid=msg-a:r8870956918418160374&amp;th=1798e6d3798101fa&amp;view=fimg&amp;sz=s0-l75-ft&amp;attbid=ANGjdJ_0JI7bGueIJM9khCIB0PtdKP_xXBthrzriKQy03hytiOzX1aokbWdGALnQxtg9QM0knsK1sIM_4xWi5mZdht7NkqzHYWr3R7eQqPhNNq1H5Zfc_Ss7SuqsQK8&amp;disp=emb&amp;realattid=ii_koy61gim4\" alt=\"image.png\" width=\"432\" height=\"303\" data-image-whitelisted=\"\" \/><\/div>\n<div class=\"gmail_default\"><b>3r SELECCIONAT (EP1)<\/b><\/div>\n<div class=\"gmail_default\"><img loading=\"lazy\" decoding=\"async\" class=\"CToWUd a6T\" tabindex=\"0\" src=\"https:\/\/mail.google.com\/mail\/u\/0?ui=2&amp;ik=fe81ac6e74&amp;attid=0.5&amp;permmsgid=msg-a:r8870956918418160374&amp;th=1798e6d3798101fa&amp;view=fimg&amp;sz=s0-l75-ft&amp;attbid=ANGjdJ-rd6u5ALjPc_E3kcfmNpvA8xA2scJmbFhMY_KMShn19V23La-EresI0ENvnX_CVuDygtkgan-fVT7PQi62tAnKa-Irnzkg5oIx3icrcPn3tj3Grv4fS_Xu7x0&amp;disp=emb&amp;realattid=ii_koy626ht5\" alt=\"image.png\" width=\"434\" height=\"305\" data-image-whitelisted=\"\" \/><\/div>\n<div class=\"gmail_default\"><\/div>\n<div class=\"gmail_default\"><span style=\"font-family: arial, sans-serif;\"><b>Moltes gr\u00e0cies a tots i totes! Gr\u00e0cies a l&#8217;AMPA, a la Dolo i a tothom per fer-ho possible!<\/b><\/span><\/div>\n<p>&nbsp;<\/p>\n","protected":false},"excerpt":{"rendered":"<p>ESCOLA JOAN CASAS- CONCURS DE DIBUIX\u00a0PER L\u2019AGENDA convocat\u00f2ria curs 21-22 L&#8217;Alumnat del Joan Casas participa cada curs en el dibuix de l\u2019agenda del proper curs. L\u2019AMPA i l\u2019escola recullen dibuixos cada any per trobar el disseny i la futura maquetaci\u00f3 de la propera agenda escolar.\u00a0Aix\u00ed busquem un dibuix per l\u2019agenda d\u2019infantil on hi participen alumnat [&hellip;]<\/p>\n","protected":false},"author":1,"featured_media":14108,"comment_status":"open","ping_status":"closed","sticky":false,"template":"","format":"standard","meta":{"_bbp_topic_count":0,"_bbp_reply_count":0,"_bbp_total_topic_count":0,"_bbp_total_reply_count":0,"_bbp_voice_count":0,"_bbp_anonymous_reply_count":0,"_bbp_topic_count_hidden":0,"_bbp_reply_count_hidden":0,"_bbp_forum_subforum_count":0,"site-sidebar-layout":"default","site-content-layout":"","ast-site-content-layout":"","site-content-style":"default","site-sidebar-style":"default","ast-global-header-display":"","ast-banner-title-visibility":"","ast-main-header-display":"","ast-hfb-above-header-display":"","ast-hfb-below-header-display":"","ast-hfb-mobile-header-display":"","site-post-title":"","ast-breadcrumbs-content":"","ast-featured-img":"","footer-sml-layout":"","theme-transparent-header-meta":"","adv-header-id-meta":"","stick-header-meta":"","header-above-stick-meta":"","header-main-stick-meta":"","header-below-stick-meta":"","astra-migrate-meta-layouts":"default","ast-page-background-enabled":"default","ast-page-background-meta":{"desktop":{"background-color":"var(--ast-global-color-4)","background-image":"","background-repeat":"repeat","background-position":"center center","background-size":"auto","background-attachment":"scroll","background-type":"","background-media":"","overlay-type":"","overlay-color":"","overlay-opacity":"","overlay-gradient":""},"tablet":{"background-color":"","background-image":"","background-repeat":"repeat","background-position":"center center","background-size":"auto","background-attachment":"scroll","background-type":"","background-media":"","overlay-type":"","overlay-color":"","overlay-opacity":"","overlay-gradient":""},"mobile":{"background-color":"","background-image":"","background-repeat":"repeat","background-position":"center center","background-size":"auto","background-attachment":"scroll","background-type":"","background-media":"","overlay-type":"","overlay-color":"","overlay-opacity":"","overlay-gradient":""}},"ast-content-background-meta":{"desktop":{"background-color":"var(--ast-global-color-5)","background-image":"","background-repeat":"repeat","background-position":"center center","background-size":"auto","background-attachment":"scroll","background-type":"","background-media":"","overlay-type":"","overlay-color":"","overlay-opacity":"","overlay-gradient":""},"tablet":{"background-color":"var(--ast-global-color-5)","background-image":"","background-repeat":"repeat","background-position":"center center","background-size":"auto","background-attachment":"scroll","background-type":"","background-media":"","overlay-type":"","overlay-color":"","overlay-opacity":"","overlay-gradient":""},"mobile":{"background-color":"var(--ast-global-color-5)","background-image":"","background-repeat":"repeat","background-position":"center center","background-size":"auto","background-attachment":"scroll","background-type":"","background-media":"","overlay-type":"","overlay-color":"","overlay-opacity":"","overlay-gradient":""}},"footnotes":""},"categories":[1],"tags":[259,174,101,134],"class_list":["post-14084","post","type-post","status-publish","format-standard","has-post-thumbnail","hentry","category-general","tag-ampa","tag-ambit-artistic-vinculat-amb-contingut-matematic","tag-interes-compartit","tag-steamcat"],"post_mailing_queue_ids":[],"_links":{"self":[{"href":"https:\/\/agora.xtec.cat\/esc-joancasas\/wp-json\/wp\/v2\/posts\/14084","targetHints":{"allow":["GET"]}}],"collection":[{"href":"https:\/\/agora.xtec.cat\/esc-joancasas\/wp-json\/wp\/v2\/posts"}],"about":[{"href":"https:\/\/agora.xtec.cat\/esc-joancasas\/wp-json\/wp\/v2\/types\/post"}],"author":[{"embeddable":true,"href":"https:\/\/agora.xtec.cat\/esc-joancasas\/wp-json\/wp\/v2\/users\/1"}],"replies":[{"embeddable":true,"href":"https:\/\/agora.xtec.cat\/esc-joancasas\/wp-json\/wp\/v2\/comments?post=14084"}],"version-history":[{"count":3,"href":"https:\/\/agora.xtec.cat\/esc-joancasas\/wp-json\/wp\/v2\/posts\/14084\/revisions"}],"predecessor-version":[{"id":14107,"href":"https:\/\/agora.xtec.cat\/esc-joancasas\/wp-json\/wp\/v2\/posts\/14084\/revisions\/14107"}],"wp:featuredmedia":[{"embeddable":true,"href":"https:\/\/agora.xtec.cat\/esc-joancasas\/wp-json\/wp\/v2\/media\/14108"}],"wp:attachment":[{"href":"https:\/\/agora.xtec.cat\/esc-joancasas\/wp-json\/wp\/v2\/media?parent=14084"}],"wp:term":[{"taxonomy":"category","embeddable":true,"href":"https:\/\/agora.xtec.cat\/esc-joancasas\/wp-json\/wp\/v2\/categories?post=14084"},{"taxonomy":"post_tag","embeddable":true,"href":"https:\/\/agora.xtec.cat\/esc-joancasas\/wp-json\/wp\/v2\/tags?post=14084"}],"curies":[{"name":"wp","href":"https:\/\/api.w.org\/{rel}","templated":true}]}}