{"id":14065,"date":"2021-04-23T19:50:45","date_gmt":"2021-04-23T17:50:45","guid":{"rendered":"http:\/\/agora.xtec.cat\/esc-joancasas\/?p=14065"},"modified":"2021-04-25T19:53:41","modified_gmt":"2021-04-25T17:53:41","slug":"un-sant-jordi-molt-especial","status":"publish","type":"post","link":"https:\/\/agora.xtec.cat\/esc-joancasas\/portada\/general\/un-sant-jordi-molt-especial\/","title":{"rendered":"Un Sant Jordi molt especial"},"content":{"rendered":"<h6>La <strong>Setmana Cultural<\/strong> a l&#8217;escola s&#8217;ha celebrat de manera molt especial.<\/h6>\n<p>Enguany AMPA ens ha regalat tallers de segells i llegenda teatralitzada pels m\u00e9s menuts.<\/p>\n<p>I per la jornada de <strong>Sant Jordi<\/strong> hem tingut festa gran: <strong>Jocs Florals, Danses i Mercat Solidari.<\/strong><\/p>\n<p><strong><span style=\"color: #008000;\">JOCS FLORALS:<\/span><\/strong> El mat\u00ed Infantil i fins segon de prim\u00e0ria ha penjat poemes al tancat exterior de l&#8217;escola, per regalar lectura a qualsevol que passi de cam\u00ed. I l&#8217;alumnat de tercer a sis\u00e8 ha dedicat poemes a alguns establiments i serveis del poble. Han confeccionat poesies al voltant de la rima, dels missatges d&#8217;amor i de les pr\u00f2pies hist\u00f2ries que envolten botigues i botiguers de SAV. Tamb\u00e9 ha donat temps el programa per llegir els poemes dedicats a l&#8217;Alcalde i la regidora d&#8217;Educaci\u00f3, al CAP, a la polic\u00eda aix\u00ed com altres estaments municipals. Tots els poemes s&#8217;han editat amb un codi QR per si els voleu anar ca\u00e7ant pel poble i descobrir la paraula enigm\u00e0tica que amaguen.<\/p>\n<p><strong><span style=\"color: #008000;\">DANSES:<\/span> <\/strong>Per la tarda m\u00fasiques i danses al pati escolar. L&#8217;alumnat finalitza la jornada amb danses tradicionals, balls de bastons i tabals gr\u00e0cies als Diables SAV. L&#8217;alumnat de sis\u00e8 tanca el festival amb les seves pr\u00f2pies coreograf\u00edes de m\u00fasica moderna. Tot un goig!<\/p>\n<p><strong><span style=\"color: #008000;\">MERCAT SOLIDARI:<\/span> <\/strong>Finalment, per concloure la jornada, paradetes organitzades pels nivells d&#8217;infantil i prim\u00e0ria per recaptar diners per l&#8217;organitzaci\u00f3 CASA TERRA. <span style=\"font-family: inherit; font-size: 1em;\">Tot un \u00e8xit de jornada.<\/span><\/p>\n<table style=\"width: 267px;\">\n<tbody>\n<tr>\n<td style=\"width: 261.333px;\"><a href=\"https:\/\/agora.xtec.cat\/esc-joancasas\/wp-content\/uploads\/usu1722\/2021\/04\/NAPA.gif\"><img loading=\"lazy\" decoding=\"async\" class=\"alignnone size-full wp-image-14069\" src=\"https:\/\/agora.xtec.cat\/esc-joancasas\/wp-content\/uploads\/usu1722\/2021\/04\/NAPA.gif\" alt=\"\" width=\"750\" height=\"1334\" \/><\/a><\/td>\n<\/tr>\n<tr>\n<td style=\"width: 261.333px;\"><a href=\"https:\/\/agora.xtec.cat\/esc-joancasas\/wp-content\/uploads\/usu1722\/2021\/04\/IMG_1187.png\"><img loading=\"lazy\" decoding=\"async\" class=\"alignnone wp-image-14066\" src=\"https:\/\/agora.xtec.cat\/esc-joancasas\/wp-content\/uploads\/usu1722\/2021\/04\/IMG_1187.png\" alt=\"\" width=\"247\" height=\"139\" srcset=\"https:\/\/agora.xtec.cat\/esc-joancasas\/wp-content\/uploads\/usu1722\/2021\/04\/IMG_1187.png 1334w, https:\/\/agora.xtec.cat\/esc-joancasas\/wp-content\/uploads\/usu1722\/2021\/04\/IMG_1187-300x169.png 300w, https:\/\/agora.xtec.cat\/esc-joancasas\/wp-content\/uploads\/usu1722\/2021\/04\/IMG_1187-768x432.png 768w, https:\/\/agora.xtec.cat\/esc-joancasas\/wp-content\/uploads\/usu1722\/2021\/04\/IMG_1187-1024x576.png 1024w\" sizes=\"auto, (max-width: 247px) 100vw, 247px\" \/><\/a><\/td>\n<\/tr>\n<tr>\n<td style=\"width: 261.333px;\"><a href=\"https:\/\/agora.xtec.cat\/esc-joancasas\/wp-content\/uploads\/usu1722\/2021\/04\/a1332e86-a1ae-401c-895b-e1e6f564b7ad.jpg\"><img loading=\"lazy\" decoding=\"async\" class=\"alignnone size-full wp-image-14067\" src=\"https:\/\/agora.xtec.cat\/esc-joancasas\/wp-content\/uploads\/usu1722\/2021\/04\/a1332e86-a1ae-401c-895b-e1e6f564b7ad.jpg\" alt=\"\" width=\"899\" height=\"1599\" srcset=\"https:\/\/agora.xtec.cat\/esc-joancasas\/wp-content\/uploads\/usu1722\/2021\/04\/a1332e86-a1ae-401c-895b-e1e6f564b7ad.jpg 899w, https:\/\/agora.xtec.cat\/esc-joancasas\/wp-content\/uploads\/usu1722\/2021\/04\/a1332e86-a1ae-401c-895b-e1e6f564b7ad-169x300.jpg 169w, https:\/\/agora.xtec.cat\/esc-joancasas\/wp-content\/uploads\/usu1722\/2021\/04\/a1332e86-a1ae-401c-895b-e1e6f564b7ad-768x1366.jpg 768w, https:\/\/agora.xtec.cat\/esc-joancasas\/wp-content\/uploads\/usu1722\/2021\/04\/a1332e86-a1ae-401c-895b-e1e6f564b7ad-576x1024.jpg 576w\" sizes=\"auto, (max-width: 899px) 100vw, 899px\" \/><\/a><\/td>\n<\/tr>\n<tr>\n<td style=\"width: 261.333px;\"><a href=\"https:\/\/agora.xtec.cat\/esc-joancasas\/wp-content\/uploads\/usu1722\/2021\/04\/0ca98b00-67c2-4a88-bcb2-0272ffe86746.jpg\"><img loading=\"lazy\" decoding=\"async\" class=\"alignnone size-full wp-image-14068\" src=\"https:\/\/agora.xtec.cat\/esc-joancasas\/wp-content\/uploads\/usu1722\/2021\/04\/0ca98b00-67c2-4a88-bcb2-0272ffe86746.jpg\" alt=\"\" width=\"899\" height=\"1599\" srcset=\"https:\/\/agora.xtec.cat\/esc-joancasas\/wp-content\/uploads\/usu1722\/2021\/04\/0ca98b00-67c2-4a88-bcb2-0272ffe86746.jpg 899w, https:\/\/agora.xtec.cat\/esc-joancasas\/wp-content\/uploads\/usu1722\/2021\/04\/0ca98b00-67c2-4a88-bcb2-0272ffe86746-169x300.jpg 169w, https:\/\/agora.xtec.cat\/esc-joancasas\/wp-content\/uploads\/usu1722\/2021\/04\/0ca98b00-67c2-4a88-bcb2-0272ffe86746-768x1366.jpg 768w, https:\/\/agora.xtec.cat\/esc-joancasas\/wp-content\/uploads\/usu1722\/2021\/04\/0ca98b00-67c2-4a88-bcb2-0272ffe86746-576x1024.jpg 576w\" sizes=\"auto, (max-width: 899px) 100vw, 899px\" \/><\/a><\/td>\n<\/tr>\n<\/tbody>\n<\/table>\n","protected":false},"excerpt":{"rendered":"<p>La Setmana Cultural a l&#8217;escola s&#8217;ha celebrat de manera molt especial. Enguany AMPA ens ha regalat tallers de segells i llegenda teatralitzada pels m\u00e9s menuts. I per la jornada de Sant Jordi hem tingut festa gran: Jocs Florals, Danses i Mercat Solidari. JOCS FLORALS: El mat\u00ed Infantil i fins segon de prim\u00e0ria ha penjat poemes [&hellip;]<\/p>\n","protected":false},"author":1,"featured_media":14069,"comment_status":"open","ping_status":"closed","sticky":false,"template":"","format":"standard","meta":{"_bbp_topic_count":0,"_bbp_reply_count":0,"_bbp_total_topic_count":0,"_bbp_total_reply_count":0,"_bbp_voice_count":0,"_bbp_anonymous_reply_count":0,"_bbp_topic_count_hidden":0,"_bbp_reply_count_hidden":0,"_bbp_forum_subforum_count":0,"site-sidebar-layout":"default","site-content-layout":"","ast-site-content-layout":"","site-content-style":"default","site-sidebar-style":"default","ast-global-header-display":"","ast-banner-title-visibility":"","ast-main-header-display":"","ast-hfb-above-header-display":"","ast-hfb-below-header-display":"","ast-hfb-mobile-header-display":"","site-post-title":"","ast-breadcrumbs-content":"","ast-featured-img":"","footer-sml-layout":"","theme-transparent-header-meta":"","adv-header-id-meta":"","stick-header-meta":"","header-above-stick-meta":"","header-main-stick-meta":"","header-below-stick-meta":"","astra-migrate-meta-layouts":"default","ast-page-background-enabled":"default","ast-page-background-meta":{"desktop":{"background-color":"var(--ast-global-color-4)","background-image":"","background-repeat":"repeat","background-position":"center center","background-size":"auto","background-attachment":"scroll","background-type":"","background-media":"","overlay-type":"","overlay-color":"","overlay-opacity":"","overlay-gradient":""},"tablet":{"background-color":"","background-image":"","background-repeat":"repeat","background-position":"center center","background-size":"auto","background-attachment":"scroll","background-type":"","background-media":"","overlay-type":"","overlay-color":"","overlay-opacity":"","overlay-gradient":""},"mobile":{"background-color":"","background-image":"","background-repeat":"repeat","background-position":"center center","background-size":"auto","background-attachment":"scroll","background-type":"","background-media":"","overlay-type":"","overlay-color":"","overlay-opacity":"","overlay-gradient":""}},"ast-content-background-meta":{"desktop":{"background-color":"var(--ast-global-color-5)","background-image":"","background-repeat":"repeat","background-position":"center center","background-size":"auto","background-attachment":"scroll","background-type":"","background-media":"","overlay-type":"","overlay-color":"","overlay-opacity":"","overlay-gradient":""},"tablet":{"background-color":"var(--ast-global-color-5)","background-image":"","background-repeat":"repeat","background-position":"center center","background-size":"auto","background-attachment":"scroll","background-type":"","background-media":"","overlay-type":"","overlay-color":"","overlay-opacity":"","overlay-gradient":""},"mobile":{"background-color":"var(--ast-global-color-5)","background-image":"","background-repeat":"repeat","background-position":"center center","background-size":"auto","background-attachment":"scroll","background-type":"","background-media":"","overlay-type":"","overlay-color":"","overlay-opacity":"","overlay-gradient":""}},"footnotes":""},"categories":[1,4,5],"tags":[156,75,90,164],"class_list":["post-14065","post","type-post","status-publish","format-standard","has-post-thumbnail","hentry","category-general","category-portada","category-primaria","tag-ampaescola","tag-fem-poble","tag-festes","tag-que-anem-fent"],"post_mailing_queue_ids":[],"_links":{"self":[{"href":"https:\/\/agora.xtec.cat\/esc-joancasas\/wp-json\/wp\/v2\/posts\/14065","targetHints":{"allow":["GET"]}}],"collection":[{"href":"https:\/\/agora.xtec.cat\/esc-joancasas\/wp-json\/wp\/v2\/posts"}],"about":[{"href":"https:\/\/agora.xtec.cat\/esc-joancasas\/wp-json\/wp\/v2\/types\/post"}],"author":[{"embeddable":true,"href":"https:\/\/agora.xtec.cat\/esc-joancasas\/wp-json\/wp\/v2\/users\/1"}],"replies":[{"embeddable":true,"href":"https:\/\/agora.xtec.cat\/esc-joancasas\/wp-json\/wp\/v2\/comments?post=14065"}],"version-history":[{"count":1,"href":"https:\/\/agora.xtec.cat\/esc-joancasas\/wp-json\/wp\/v2\/posts\/14065\/revisions"}],"predecessor-version":[{"id":14070,"href":"https:\/\/agora.xtec.cat\/esc-joancasas\/wp-json\/wp\/v2\/posts\/14065\/revisions\/14070"}],"wp:featuredmedia":[{"embeddable":true,"href":"https:\/\/agora.xtec.cat\/esc-joancasas\/wp-json\/wp\/v2\/media\/14069"}],"wp:attachment":[{"href":"https:\/\/agora.xtec.cat\/esc-joancasas\/wp-json\/wp\/v2\/media?parent=14065"}],"wp:term":[{"taxonomy":"category","embeddable":true,"href":"https:\/\/agora.xtec.cat\/esc-joancasas\/wp-json\/wp\/v2\/categories?post=14065"},{"taxonomy":"post_tag","embeddable":true,"href":"https:\/\/agora.xtec.cat\/esc-joancasas\/wp-json\/wp\/v2\/tags?post=14065"}],"curies":[{"name":"wp","href":"https:\/\/api.w.org\/{rel}","templated":true}]}}