{"id":13996,"date":"2021-03-08T13:33:08","date_gmt":"2021-03-08T12:33:08","guid":{"rendered":"http:\/\/agora.xtec.cat\/esc-joancasas\/?p=13996"},"modified":"2021-03-16T19:02:33","modified_gmt":"2021-03-16T18:02:33","slug":"dia-internacional-de-la-dona","status":"publish","type":"post","link":"https:\/\/agora.xtec.cat\/esc-joancasas\/portada\/general\/dia-internacional-de-la-dona\/","title":{"rendered":"Dia Internacional de la dona"},"content":{"rendered":"<p><a href=\"https:\/\/agora.xtec.cat\/esc-joancasas\/wp-content\/uploads\/usu1722\/2021\/03\/PHOTO-2021-03-08-08-31-24.jpg\"><img loading=\"lazy\" decoding=\"async\" class=\"alignnone size-full wp-image-13997\" src=\"https:\/\/agora.xtec.cat\/esc-joancasas\/wp-content\/uploads\/usu1722\/2021\/03\/PHOTO-2021-03-08-08-31-24.jpg\" alt=\"\" width=\"720\" height=\"705\" srcset=\"https:\/\/agora.xtec.cat\/esc-joancasas\/wp-content\/uploads\/usu1722\/2021\/03\/PHOTO-2021-03-08-08-31-24.jpg 720w, https:\/\/agora.xtec.cat\/esc-joancasas\/wp-content\/uploads\/usu1722\/2021\/03\/PHOTO-2021-03-08-08-31-24-300x294.jpg 300w\" sizes=\"auto, (max-width: 720px) 100vw, 720px\" \/><\/a><\/p>\n<p>La primera celebraci\u00f3 va tenir lloc el\u00a0<a title=\"19 de mar\u00e7\" href=\"https:\/\/ca.wikipedia.org\/wiki\/19_de_mar%C3%A7\">19 de mar\u00e7<\/a>\u00a0de\u00a0<a title=\"1911\" href=\"https:\/\/ca.wikipedia.org\/wiki\/1911\">1911<\/a>\u00a0a\u00a0<a title=\"Alemanya\" href=\"https:\/\/ca.wikipedia.org\/wiki\/Alemanya\">Alemanya<\/a>,\u00a0<a title=\"\u00c0ustria\" href=\"https:\/\/ca.wikipedia.org\/wiki\/%C3%80ustria\">\u00c0ustria<\/a>,\u00a0<a title=\"Dinamarca\" href=\"https:\/\/ca.wikipedia.org\/wiki\/Dinamarca\">Dinamarca<\/a>\u00a0i\u00a0<a title=\"Su\u00efssa\" href=\"https:\/\/ca.wikipedia.org\/wiki\/Su%C3%AFssa\">Su\u00efssa<\/a>, i la seva commemoraci\u00f3 s&#8217;ha anat estenent, des de llavors, a molts altres estats.<\/p>\n<p>El sentit de la diada respon a la lluita de les treballadores per tal d&#8217;obtenir millores laborals i socials. Al llarg del s. XX el Dia de les Dones s&#8217;utilitz\u00e0 tamb\u00e9 per a reivindicar principalment el dret al vot femen\u00ed.<\/p>\n<p>El 8 de mar\u00e7 de 2011 es va celebrar el primer &#8220;Dia Internacional de la Dona de les Nacions Unides&#8221; per l&#8217;<a title=\"ONU Dones\" href=\"https:\/\/ca.wikipedia.org\/wiki\/ONU_Dones\">ONU Dones<\/a>, entitat de l&#8217;ONU per a la Igualtat de G\u00e8nere i l&#8217;Empoderament de la Dona, creada per l&#8217;Assemblea General de l&#8217;ONU el 2 de juliol de 2010.<\/p>\n","protected":false},"excerpt":{"rendered":"<p>La primera celebraci\u00f3 va tenir lloc el\u00a019 de mar\u00e7\u00a0de\u00a01911\u00a0a\u00a0Alemanya,\u00a0\u00c0ustria,\u00a0Dinamarca\u00a0i\u00a0Su\u00efssa, i la seva commemoraci\u00f3 s&#8217;ha anat estenent, des de llavors, a molts altres estats. El sentit de la diada respon a la lluita de les treballadores per tal d&#8217;obtenir millores laborals i socials. Al llarg del s. XX el Dia de les Dones s&#8217;utilitz\u00e0 tamb\u00e9 per [&hellip;]<\/p>\n","protected":false},"author":1,"featured_media":13997,"comment_status":"open","ping_status":"closed","sticky":false,"template":"","format":"standard","meta":{"_bbp_topic_count":0,"_bbp_reply_count":0,"_bbp_total_topic_count":0,"_bbp_total_reply_count":0,"_bbp_voice_count":0,"_bbp_anonymous_reply_count":0,"_bbp_topic_count_hidden":0,"_bbp_reply_count_hidden":0,"_bbp_forum_subforum_count":0,"site-sidebar-layout":"default","site-content-layout":"","ast-site-content-layout":"","site-content-style":"default","site-sidebar-style":"default","ast-global-header-display":"","ast-banner-title-visibility":"","ast-main-header-display":"","ast-hfb-above-header-display":"","ast-hfb-below-header-display":"","ast-hfb-mobile-header-display":"","site-post-title":"","ast-breadcrumbs-content":"","ast-featured-img":"","footer-sml-layout":"","theme-transparent-header-meta":"","adv-header-id-meta":"","stick-header-meta":"","header-above-stick-meta":"","header-main-stick-meta":"","header-below-stick-meta":"","astra-migrate-meta-layouts":"default","ast-page-background-enabled":"default","ast-page-background-meta":{"desktop":{"background-color":"var(--ast-global-color-4)","background-image":"","background-repeat":"repeat","background-position":"center center","background-size":"auto","background-attachment":"scroll","background-type":"","background-media":"","overlay-type":"","overlay-color":"","overlay-opacity":"","overlay-gradient":""},"tablet":{"background-color":"","background-image":"","background-repeat":"repeat","background-position":"center center","background-size":"auto","background-attachment":"scroll","background-type":"","background-media":"","overlay-type":"","overlay-color":"","overlay-opacity":"","overlay-gradient":""},"mobile":{"background-color":"","background-image":"","background-repeat":"repeat","background-position":"center center","background-size":"auto","background-attachment":"scroll","background-type":"","background-media":"","overlay-type":"","overlay-color":"","overlay-opacity":"","overlay-gradient":""}},"ast-content-background-meta":{"desktop":{"background-color":"var(--ast-global-color-5)","background-image":"","background-repeat":"repeat","background-position":"center center","background-size":"auto","background-attachment":"scroll","background-type":"","background-media":"","overlay-type":"","overlay-color":"","overlay-opacity":"","overlay-gradient":""},"tablet":{"background-color":"var(--ast-global-color-5)","background-image":"","background-repeat":"repeat","background-position":"center center","background-size":"auto","background-attachment":"scroll","background-type":"","background-media":"","overlay-type":"","overlay-color":"","overlay-opacity":"","overlay-gradient":""},"mobile":{"background-color":"var(--ast-global-color-5)","background-image":"","background-repeat":"repeat","background-position":"center center","background-size":"auto","background-attachment":"scroll","background-type":"","background-media":"","overlay-type":"","overlay-color":"","overlay-opacity":"","overlay-gradient":""}},"footnotes":""},"categories":[1],"tags":[101,140,134],"class_list":["post-13996","post","type-post","status-publish","format-standard","has-post-thumbnail","hentry","category-general","tag-interes-compartit","tag-projecte-descola","tag-steamcat"],"post_mailing_queue_ids":[],"_links":{"self":[{"href":"https:\/\/agora.xtec.cat\/esc-joancasas\/wp-json\/wp\/v2\/posts\/13996","targetHints":{"allow":["GET"]}}],"collection":[{"href":"https:\/\/agora.xtec.cat\/esc-joancasas\/wp-json\/wp\/v2\/posts"}],"about":[{"href":"https:\/\/agora.xtec.cat\/esc-joancasas\/wp-json\/wp\/v2\/types\/post"}],"author":[{"embeddable":true,"href":"https:\/\/agora.xtec.cat\/esc-joancasas\/wp-json\/wp\/v2\/users\/1"}],"replies":[{"embeddable":true,"href":"https:\/\/agora.xtec.cat\/esc-joancasas\/wp-json\/wp\/v2\/comments?post=13996"}],"version-history":[{"count":2,"href":"https:\/\/agora.xtec.cat\/esc-joancasas\/wp-json\/wp\/v2\/posts\/13996\/revisions"}],"predecessor-version":[{"id":14000,"href":"https:\/\/agora.xtec.cat\/esc-joancasas\/wp-json\/wp\/v2\/posts\/13996\/revisions\/14000"}],"wp:featuredmedia":[{"embeddable":true,"href":"https:\/\/agora.xtec.cat\/esc-joancasas\/wp-json\/wp\/v2\/media\/13997"}],"wp:attachment":[{"href":"https:\/\/agora.xtec.cat\/esc-joancasas\/wp-json\/wp\/v2\/media?parent=13996"}],"wp:term":[{"taxonomy":"category","embeddable":true,"href":"https:\/\/agora.xtec.cat\/esc-joancasas\/wp-json\/wp\/v2\/categories?post=13996"},{"taxonomy":"post_tag","embeddable":true,"href":"https:\/\/agora.xtec.cat\/esc-joancasas\/wp-json\/wp\/v2\/tags?post=13996"}],"curies":[{"name":"wp","href":"https:\/\/api.w.org\/{rel}","templated":true}]}}