{"id":13291,"date":"2020-10-25T11:10:24","date_gmt":"2020-10-25T10:10:24","guid":{"rendered":"http:\/\/agora.xtec.cat\/esc-joancasas\/?p=13291"},"modified":"2021-03-16T19:08:12","modified_gmt":"2021-03-16T18:08:12","slug":"lart-de-les-matematiques-a-lescola","status":"publish","type":"post","link":"https:\/\/agora.xtec.cat\/esc-joancasas\/portada\/general\/lart-de-les-matematiques-a-lescola\/","title":{"rendered":"L&#8217;art de les matem\u00e0tiques a l&#8217;escola"},"content":{"rendered":"<div dir=\"auto\">\n<p>A l\u2019escola, realitzem un aprenentatge competencial de les matem\u00e0tiques a partir del di\u00e0leg i la manipulaci\u00f3. Aquest curs, refor\u00e7at amb el programa d\u2019Innovamat. Els materials dels que disposem, posen l\u2019alumnat al centre del seu propi proc\u00e9s d\u2019ensenyament-aprenentatge i permet, aix\u00ed, desenvolupar l\u2019autonomia i el pensament cr\u00edtic.<\/p>\n<p>Tot el contingut matem\u00e0tic s\u2019organitza en <strong><span style=\"color: #0000ff;\">tres grans blocs<\/span><\/strong> on s&#8217;ofereixen els diferents conceptes matem\u00e0tics i dimensions emprant metodologies pedag\u00f2giques diverses:<\/p>\n<ol>\n<li>) <span style=\"color: #800080;\"><strong>Laboratori de nombres<\/strong><\/span>: cobreix numeraci\u00f3 i c\u00e0lcul, el bloc amb m\u00e9s pes durant l\u2019etapa d\u2019educaci\u00f3 prim\u00e0ria, especialment a cicle inicial, i que estableix els fonaments de l\u2019aprenentatge matem\u00e0tic.<\/li>\n<li>b)<span style=\"color: #ff6600;\">\u00a0<strong>Aventures i reptes matem\u00e0tics<\/strong><\/span>: cobreix la resta de blocs (relacions i canvi, espai i forma, mesura i estad\u00edstica i atzar) sense perdre de vista numeraci\u00f3 i c\u00e0lcul.<\/li>\n<li>c)\u00a0<span style=\"color: #339966;\"><strong>Plataforma<\/strong><\/span>: permet la pr\u00e0ctica individual a l\u2019aula d\u2019activitats de tots els blocs\u00a0de continguts. La seva aparici\u00f3 es regula en funci\u00f3 de les necessitats individuals. Les activitats ofereixen ajudes i explicacions adaptades al nivell de cada infant.<\/li>\n<\/ol>\n<p>Gr\u00e0cies al projecte, podem treballar les matem\u00e0tiques d\u2019una forma diferent i engrescadora per a l\u2019alumnat.<\/p>\n<\/div>\n<p><a href=\"https:\/\/agora.xtec.cat\/ceipsantanna\/wp-content\/uploads\/usu517\/2020\/05\/Imatge-PNG.png\"><img loading=\"lazy\" decoding=\"async\" class=\"alignnone wp-image-21097\" src=\"https:\/\/agora.xtec.cat\/ceipsantanna\/wp-content\/uploads\/usu517\/2020\/05\/Imatge-PNG-1024x569.png\" sizes=\"auto, (max-width: 1024px) 100vw, 1024px\" srcset=\"https:\/\/agora.xtec.cat\/ceipsantanna\/wp-content\/uploads\/usu517\/2020\/05\/Imatge-PNG-1024x569.png 1024w, https:\/\/agora.xtec.cat\/ceipsantanna\/wp-content\/uploads\/usu517\/2020\/05\/Imatge-PNG-300x167.png 300w, https:\/\/agora.xtec.cat\/ceipsantanna\/wp-content\/uploads\/usu517\/2020\/05\/Imatge-PNG-768x427.png 768w\" alt=\"\" width=\"683\" height=\"379\" \/><\/a>\u00a0<a href=\"https:\/\/agora.xtec.cat\/ceipsantanna\/wp-content\/uploads\/usu517\/2020\/05\/Matem%C3%A0tiques-manipulatives-vivencials-i-competencials-per-lescola-Innovamat.png\"><img loading=\"lazy\" decoding=\"async\" class=\"alignnone wp-image-21098\" src=\"https:\/\/agora.xtec.cat\/ceipsantanna\/wp-content\/uploads\/usu517\/2020\/05\/Matem%C3%A0tiques-manipulatives-vivencials-i-competencials-per-lescola-Innovamat-1024x466.png\" sizes=\"auto, (max-width: 1024px) 100vw, 1024px\" srcset=\"https:\/\/agora.xtec.cat\/ceipsantanna\/wp-content\/uploads\/usu517\/2020\/05\/Matem\u00e0tiques-manipulatives-vivencials-i-competencials-per-lescola-Innovamat-1024x466.png 1024w, https:\/\/agora.xtec.cat\/ceipsantanna\/wp-content\/uploads\/usu517\/2020\/05\/Matem\u00e0tiques-manipulatives-vivencials-i-competencials-per-lescola-Innovamat-300x136.png 300w, https:\/\/agora.xtec.cat\/ceipsantanna\/wp-content\/uploads\/usu517\/2020\/05\/Matem\u00e0tiques-manipulatives-vivencials-i-competencials-per-lescola-Innovamat-768x349.png 768w\" alt=\"\" width=\"614\" height=\"279\" \/><\/a>\u00a0<a href=\"https:\/\/agora.xtec.cat\/ceipsantanna\/wp-content\/uploads\/usu517\/2020\/05\/Matem%C3%A0tiques-manipulatives-vivencials-i-competencials-per-lescola-Innovamat-2.png\"><img loading=\"lazy\" decoding=\"async\" class=\"alignnone wp-image-21099\" src=\"https:\/\/agora.xtec.cat\/ceipsantanna\/wp-content\/uploads\/usu517\/2020\/05\/Matem%C3%A0tiques-manipulatives-vivencials-i-competencials-per-lescola-Innovamat-2-1024x554.png\" sizes=\"auto, (max-width: 1024px) 100vw, 1024px\" srcset=\"https:\/\/agora.xtec.cat\/ceipsantanna\/wp-content\/uploads\/usu517\/2020\/05\/Matem\u00e0tiques-manipulatives-vivencials-i-competencials-per-lescola-Innovamat-2-1024x554.png 1024w, https:\/\/agora.xtec.cat\/ceipsantanna\/wp-content\/uploads\/usu517\/2020\/05\/Matem\u00e0tiques-manipulatives-vivencials-i-competencials-per-lescola-Innovamat-2-300x162.png 300w, https:\/\/agora.xtec.cat\/ceipsantanna\/wp-content\/uploads\/usu517\/2020\/05\/Matem\u00e0tiques-manipulatives-vivencials-i-competencials-per-lescola-Innovamat-2-768x415.png 768w\" alt=\"\" width=\"575\" height=\"311\" \/><\/a>\u00a0<a href=\"https:\/\/agora.xtec.cat\/ceipsantanna\/wp-content\/uploads\/usu517\/2020\/05\/Matem%C3%A0tiques-manipulatives-vivencials-i-competencials-per-lescola-Innovamat-3.png\"><img loading=\"lazy\" decoding=\"async\" class=\"alignnone wp-image-21100\" src=\"https:\/\/agora.xtec.cat\/ceipsantanna\/wp-content\/uploads\/usu517\/2020\/05\/Matem%C3%A0tiques-manipulatives-vivencials-i-competencials-per-lescola-Innovamat-3-1024x566.png\" sizes=\"auto, (max-width: 1024px) 100vw, 1024px\" srcset=\"https:\/\/agora.xtec.cat\/ceipsantanna\/wp-content\/uploads\/usu517\/2020\/05\/Matem\u00e0tiques-manipulatives-vivencials-i-competencials-per-lescola-Innovamat-3-1024x566.png 1024w, https:\/\/agora.xtec.cat\/ceipsantanna\/wp-content\/uploads\/usu517\/2020\/05\/Matem\u00e0tiques-manipulatives-vivencials-i-competencials-per-lescola-Innovamat-3-300x166.png 300w, https:\/\/agora.xtec.cat\/ceipsantanna\/wp-content\/uploads\/usu517\/2020\/05\/Matem\u00e0tiques-manipulatives-vivencials-i-competencials-per-lescola-Innovamat-3-768x424.png 768w\" alt=\"\" width=\"620\" height=\"343\" \/><\/a><\/p>\n","protected":false},"excerpt":{"rendered":"<p>A l\u2019escola, realitzem un aprenentatge competencial de les matem\u00e0tiques a partir del di\u00e0leg i la manipulaci\u00f3. Aquest curs, refor\u00e7at amb el programa d\u2019Innovamat. Els materials dels que disposem, posen l\u2019alumnat al centre del seu propi proc\u00e9s d\u2019ensenyament-aprenentatge i permet, aix\u00ed, desenvolupar l\u2019autonomia i el pensament cr\u00edtic. Tot el contingut matem\u00e0tic s\u2019organitza en tres grans blocs [&hellip;]<\/p>\n","protected":false},"author":37,"featured_media":13293,"comment_status":"open","ping_status":"closed","sticky":false,"template":"","format":"standard","meta":{"_bbp_topic_count":0,"_bbp_reply_count":0,"_bbp_total_topic_count":0,"_bbp_total_reply_count":0,"_bbp_voice_count":0,"_bbp_anonymous_reply_count":0,"_bbp_topic_count_hidden":0,"_bbp_reply_count_hidden":0,"_bbp_forum_subforum_count":0,"site-sidebar-layout":"default","site-content-layout":"","ast-site-content-layout":"","site-content-style":"default","site-sidebar-style":"default","ast-global-header-display":"","ast-banner-title-visibility":"","ast-main-header-display":"","ast-hfb-above-header-display":"","ast-hfb-below-header-display":"","ast-hfb-mobile-header-display":"","site-post-title":"","ast-breadcrumbs-content":"","ast-featured-img":"","footer-sml-layout":"","theme-transparent-header-meta":"","adv-header-id-meta":"","stick-header-meta":"","header-above-stick-meta":"","header-main-stick-meta":"","header-below-stick-meta":"","astra-migrate-meta-layouts":"default","ast-page-background-enabled":"default","ast-page-background-meta":{"desktop":{"background-color":"var(--ast-global-color-4)","background-image":"","background-repeat":"repeat","background-position":"center center","background-size":"auto","background-attachment":"scroll","background-type":"","background-media":"","overlay-type":"","overlay-color":"","overlay-opacity":"","overlay-gradient":""},"tablet":{"background-color":"","background-image":"","background-repeat":"repeat","background-position":"center center","background-size":"auto","background-attachment":"scroll","background-type":"","background-media":"","overlay-type":"","overlay-color":"","overlay-opacity":"","overlay-gradient":""},"mobile":{"background-color":"","background-image":"","background-repeat":"repeat","background-position":"center center","background-size":"auto","background-attachment":"scroll","background-type":"","background-media":"","overlay-type":"","overlay-color":"","overlay-opacity":"","overlay-gradient":""}},"ast-content-background-meta":{"desktop":{"background-color":"var(--ast-global-color-5)","background-image":"","background-repeat":"repeat","background-position":"center center","background-size":"auto","background-attachment":"scroll","background-type":"","background-media":"","overlay-type":"","overlay-color":"","overlay-opacity":"","overlay-gradient":""},"tablet":{"background-color":"var(--ast-global-color-5)","background-image":"","background-repeat":"repeat","background-position":"center center","background-size":"auto","background-attachment":"scroll","background-type":"","background-media":"","overlay-type":"","overlay-color":"","overlay-opacity":"","overlay-gradient":""},"mobile":{"background-color":"var(--ast-global-color-5)","background-image":"","background-repeat":"repeat","background-position":"center center","background-size":"auto","background-attachment":"scroll","background-type":"","background-media":"","overlay-type":"","overlay-color":"","overlay-opacity":"","overlay-gradient":""}},"footnotes":""},"categories":[1],"tags":[140,135,164,134,116],"class_list":["post-13291","post","type-post","status-publish","format-standard","has-post-thumbnail","hentry","category-general","tag-projecte-descola","tag-projectes-innovacio","tag-que-anem-fent","tag-steamcat","tag-art"],"post_mailing_queue_ids":[],"_links":{"self":[{"href":"https:\/\/agora.xtec.cat\/esc-joancasas\/wp-json\/wp\/v2\/posts\/13291","targetHints":{"allow":["GET"]}}],"collection":[{"href":"https:\/\/agora.xtec.cat\/esc-joancasas\/wp-json\/wp\/v2\/posts"}],"about":[{"href":"https:\/\/agora.xtec.cat\/esc-joancasas\/wp-json\/wp\/v2\/types\/post"}],"author":[{"embeddable":true,"href":"https:\/\/agora.xtec.cat\/esc-joancasas\/wp-json\/wp\/v2\/users\/37"}],"replies":[{"embeddable":true,"href":"https:\/\/agora.xtec.cat\/esc-joancasas\/wp-json\/wp\/v2\/comments?post=13291"}],"version-history":[{"count":1,"href":"https:\/\/agora.xtec.cat\/esc-joancasas\/wp-json\/wp\/v2\/posts\/13291\/revisions"}],"predecessor-version":[{"id":13292,"href":"https:\/\/agora.xtec.cat\/esc-joancasas\/wp-json\/wp\/v2\/posts\/13291\/revisions\/13292"}],"wp:featuredmedia":[{"embeddable":true,"href":"https:\/\/agora.xtec.cat\/esc-joancasas\/wp-json\/wp\/v2\/media\/13293"}],"wp:attachment":[{"href":"https:\/\/agora.xtec.cat\/esc-joancasas\/wp-json\/wp\/v2\/media?parent=13291"}],"wp:term":[{"taxonomy":"category","embeddable":true,"href":"https:\/\/agora.xtec.cat\/esc-joancasas\/wp-json\/wp\/v2\/categories?post=13291"},{"taxonomy":"post_tag","embeddable":true,"href":"https:\/\/agora.xtec.cat\/esc-joancasas\/wp-json\/wp\/v2\/tags?post=13291"}],"curies":[{"name":"wp","href":"https:\/\/api.w.org\/{rel}","templated":true}]}}