{"id":13077,"date":"2020-05-26T12:12:01","date_gmt":"2020-05-26T10:12:01","guid":{"rendered":"http:\/\/agora.xtec.cat\/esc-joancasas\/?p=13077"},"modified":"2022-07-21T11:34:38","modified_gmt":"2022-07-21T09:34:38","slug":"nou-espai-de-consulta-amb-lequip-directiu","status":"publish","type":"post","link":"https:\/\/agora.xtec.cat\/esc-joancasas\/portada\/general\/nou-espai-de-consulta-amb-lequip-directiu\/","title":{"rendered":"Caf\u00e8 amb l&#8217;ED: Espai de consulta amb l&#8217;equip directiu."},"content":{"rendered":"<p>Com<a href=\"https:\/\/agora.xtec.cat\/esc-joancasas\/wp-content\/uploads\/usu1722\/2020\/04\/Logo-BB.png\"><img loading=\"lazy\" decoding=\"async\" class=\" wp-image-12983 alignright\" src=\"https:\/\/agora.xtec.cat\/esc-joancasas\/wp-content\/uploads\/usu1722\/2020\/04\/Logo-BB.png\" alt=\"\" width=\"222\" height=\"222\" \/><\/a> b\u00e9 sabeu l&#8217;equip directiu de l&#8217;Escola Joan Casas, M\u00edriam, Iris i Laura destaca i aix\u00ed volem que sigui, per proper i accessible, tant amb l&#8217;alumnat com amb les seves fam\u00edlies. De fet som mestres vocacionals i \u00e9s el contacte i la interacci\u00f3 amb tots\/es vosaltres la font de la nostra motivaci\u00f3 de servei a la comunitat educativa i de creixement compartit.<\/p>\n<p>Per aix\u00f2 us oferim l&#8217;enlla\u00e7 a un <span style=\"text-decoration: underline;\"><a href=\"https:\/\/calendar.google.com\/calendar\/appointments\/schedules\/AcZssZ2PfwFIEAM8W8yGC340_aJ7cIjpdL4yqLuenO333b4zi8K9bXwf3BzHGaQlZVZkNW-Puv28a6XC\">CALENDARI DE RESERVA<\/a>\u00a0<\/span> per a demanar una videotrobada amb l&#8217;equip directiu. Atendrem qualsevol dubte i\/o aclariment que vulgueu o necessiteu resoldre.<\/p>\n<p>Esperem us sigui d&#8217;utilitat.<\/p>\n<p><em>Laura Bertran (Directora) &#8211; M\u00edriam Balmes (Cap d&#8217;Estudis) &#8211; Iris Sant (Secret\u00e0ria)<\/em><\/p>\n","protected":false},"excerpt":{"rendered":"<p>Com b\u00e9 sabeu l&#8217;equip directiu de l&#8217;Escola Joan Casas, M\u00edriam, Iris i Laura destaca i aix\u00ed volem que sigui, per proper i accessible, tant amb l&#8217;alumnat com amb les seves fam\u00edlies. De fet som mestres vocacionals i \u00e9s el contacte i la interacci\u00f3 amb tots\/es vosaltres la font de la nostra motivaci\u00f3 de servei a [&hellip;]<\/p>\n","protected":false},"author":1,"featured_media":12983,"comment_status":"open","ping_status":"closed","sticky":false,"template":"","format":"standard","meta":{"_bbp_topic_count":0,"_bbp_reply_count":0,"_bbp_total_topic_count":0,"_bbp_total_reply_count":0,"_bbp_voice_count":0,"_bbp_anonymous_reply_count":0,"_bbp_topic_count_hidden":0,"_bbp_reply_count_hidden":0,"_bbp_forum_subforum_count":0,"site-sidebar-layout":"default","site-content-layout":"","ast-site-content-layout":"","site-content-style":"default","site-sidebar-style":"default","ast-global-header-display":"","ast-banner-title-visibility":"","ast-main-header-display":"","ast-hfb-above-header-display":"","ast-hfb-below-header-display":"","ast-hfb-mobile-header-display":"","site-post-title":"","ast-breadcrumbs-content":"","ast-featured-img":"","footer-sml-layout":"","theme-transparent-header-meta":"","adv-header-id-meta":"","stick-header-meta":"","header-above-stick-meta":"","header-main-stick-meta":"","header-below-stick-meta":"","astra-migrate-meta-layouts":"default","ast-page-background-enabled":"default","ast-page-background-meta":{"desktop":{"background-color":"var(--ast-global-color-4)","background-image":"","background-repeat":"repeat","background-position":"center center","background-size":"auto","background-attachment":"scroll","background-type":"","background-media":"","overlay-type":"","overlay-color":"","overlay-opacity":"","overlay-gradient":""},"tablet":{"background-color":"","background-image":"","background-repeat":"repeat","background-position":"center center","background-size":"auto","background-attachment":"scroll","background-type":"","background-media":"","overlay-type":"","overlay-color":"","overlay-opacity":"","overlay-gradient":""},"mobile":{"background-color":"","background-image":"","background-repeat":"repeat","background-position":"center center","background-size":"auto","background-attachment":"scroll","background-type":"","background-media":"","overlay-type":"","overlay-color":"","overlay-opacity":"","overlay-gradient":""}},"ast-content-background-meta":{"desktop":{"background-color":"var(--ast-global-color-5)","background-image":"","background-repeat":"repeat","background-position":"center center","background-size":"auto","background-attachment":"scroll","background-type":"","background-media":"","overlay-type":"","overlay-color":"","overlay-opacity":"","overlay-gradient":""},"tablet":{"background-color":"var(--ast-global-color-5)","background-image":"","background-repeat":"repeat","background-position":"center center","background-size":"auto","background-attachment":"scroll","background-type":"","background-media":"","overlay-type":"","overlay-color":"","overlay-opacity":"","overlay-gradient":""},"mobile":{"background-color":"var(--ast-global-color-5)","background-image":"","background-repeat":"repeat","background-position":"center center","background-size":"auto","background-attachment":"scroll","background-type":"","background-media":"","overlay-type":"","overlay-color":"","overlay-opacity":"","overlay-gradient":""}},"footnotes":""},"categories":[1,4],"tags":[],"class_list":["post-13077","post","type-post","status-publish","format-standard","has-post-thumbnail","hentry","category-general","category-portada"],"post_mailing_queue_ids":[],"_links":{"self":[{"href":"https:\/\/agora.xtec.cat\/esc-joancasas\/wp-json\/wp\/v2\/posts\/13077","targetHints":{"allow":["GET"]}}],"collection":[{"href":"https:\/\/agora.xtec.cat\/esc-joancasas\/wp-json\/wp\/v2\/posts"}],"about":[{"href":"https:\/\/agora.xtec.cat\/esc-joancasas\/wp-json\/wp\/v2\/types\/post"}],"author":[{"embeddable":true,"href":"https:\/\/agora.xtec.cat\/esc-joancasas\/wp-json\/wp\/v2\/users\/1"}],"replies":[{"embeddable":true,"href":"https:\/\/agora.xtec.cat\/esc-joancasas\/wp-json\/wp\/v2\/comments?post=13077"}],"version-history":[{"count":3,"href":"https:\/\/agora.xtec.cat\/esc-joancasas\/wp-json\/wp\/v2\/posts\/13077\/revisions"}],"predecessor-version":[{"id":14401,"href":"https:\/\/agora.xtec.cat\/esc-joancasas\/wp-json\/wp\/v2\/posts\/13077\/revisions\/14401"}],"wp:featuredmedia":[{"embeddable":true,"href":"https:\/\/agora.xtec.cat\/esc-joancasas\/wp-json\/wp\/v2\/media\/12983"}],"wp:attachment":[{"href":"https:\/\/agora.xtec.cat\/esc-joancasas\/wp-json\/wp\/v2\/media?parent=13077"}],"wp:term":[{"taxonomy":"category","embeddable":true,"href":"https:\/\/agora.xtec.cat\/esc-joancasas\/wp-json\/wp\/v2\/categories?post=13077"},{"taxonomy":"post_tag","embeddable":true,"href":"https:\/\/agora.xtec.cat\/esc-joancasas\/wp-json\/wp\/v2\/tags?post=13077"}],"curies":[{"name":"wp","href":"https:\/\/api.w.org\/{rel}","templated":true}]}}