{"id":12920,"date":"2020-04-23T15:16:28","date_gmt":"2020-04-23T13:16:28","guid":{"rendered":"http:\/\/agora.xtec.cat\/esc-joancasas\/?p=12920"},"modified":"2020-04-26T18:48:17","modified_gmt":"2020-04-26T16:48:17","slug":"sant-jordi-cultura-i-amor","status":"publish","type":"post","link":"https:\/\/agora.xtec.cat\/esc-joancasas\/portada\/sant-jordi-cultura-i-amor\/","title":{"rendered":"SANT JORDI, CULTURA I AMOR"},"content":{"rendered":"<p>Aquest any, no som a l&#8217;escola per celebrar els Jocs Florals al Patronat, tampoc les tardes dels Detectius SAV, ni totes les danses assajades durant dies per exposar-les amb grans somriures davant les fam\u00edlies que fan cua molt abans per poder seure en un lloc proper i visible de l&#8217;escenari del camp de futbol del Municipi. Ens manquen moments compartits d&#8217;aquesta setmana cultural, per\u00f2 seguim aqu\u00ed! amb vosaltres! I us trobem molt a faltar!!!!<\/p>\n<p>Us deixem un v\u00eddeo dels cal\u00b7ligrames elaborats per alumnes d&#8217;EP5 que ens han fet arribar. Els volem compartir amb tothom. Tamb\u00e9 escrits i produccions que ens arriben del vostre esfor\u00e7, del vostre gaudi, del vostre cor&#8230; MIL GR\u00c0CIES!!<\/p>\n<p><span style=\"color: #333399;\"><strong><a style=\"color: #333399;\" href=\"https:\/\/drive.google.com\/file\/d\/1FJavqwPtYvPWV9ToeO6nujgBXSNDrSrn\/view?usp=sharing\">CAL\u00b7LIGRAMES D&#8217;EP5 &#8211; EL CORONAVIRUS &#8211; <\/a><\/strong><\/span><\/p>\n<p>i a m\u00e9s a m\u00e9s&#8230;<\/p>\n<p><strong><span style=\"color: #0000ff;\"><a style=\"color: #0000ff;\" href=\"https:\/\/drive.google.com\/drive\/folders\/19T7AHe6jEXC0iSYn79XjzEe0HM0yyVx7?usp=sharing\">LES VOSTRES CREACIONS!<\/a><\/span><\/strong><\/p>\n<p><a href=\"https:\/\/agora.xtec.cat\/esc-joancasas\/wp-content\/uploads\/usu1722\/2020\/04\/SANT-JORDI.png\"><img loading=\"lazy\" decoding=\"async\" class=\"aligncenter wp-image-12921\" src=\"https:\/\/agora.xtec.cat\/esc-joancasas\/wp-content\/uploads\/usu1722\/2020\/04\/SANT-JORDI.png\" alt=\"\" width=\"719\" height=\"280\" srcset=\"https:\/\/agora.xtec.cat\/esc-joancasas\/wp-content\/uploads\/usu1722\/2020\/04\/SANT-JORDI.png 512w, https:\/\/agora.xtec.cat\/esc-joancasas\/wp-content\/uploads\/usu1722\/2020\/04\/SANT-JORDI-300x117.png 300w\" sizes=\"auto, (max-width: 719px) 100vw, 719px\" \/><\/a><\/p>\n<p>&nbsp;<\/p>\n","protected":false},"excerpt":{"rendered":"<p>Aquest any, no som a l&#8217;escola per celebrar els Jocs Florals al Patronat, tampoc les tardes dels Detectius SAV, ni totes les danses assajades durant dies per exposar-les amb grans somriures davant les fam\u00edlies que fan cua molt abans per poder seure en un lloc proper i visible de l&#8217;escenari del camp de futbol del [&hellip;]<\/p>\n","protected":false},"author":37,"featured_media":12921,"comment_status":"open","ping_status":"closed","sticky":false,"template":"","format":"standard","meta":{"_bbp_topic_count":0,"_bbp_reply_count":0,"_bbp_total_topic_count":0,"_bbp_total_reply_count":0,"_bbp_voice_count":0,"_bbp_anonymous_reply_count":0,"_bbp_topic_count_hidden":0,"_bbp_reply_count_hidden":0,"_bbp_forum_subforum_count":0,"site-sidebar-layout":"default","site-content-layout":"","ast-site-content-layout":"","site-content-style":"default","site-sidebar-style":"default","ast-global-header-display":"","ast-banner-title-visibility":"","ast-main-header-display":"","ast-hfb-above-header-display":"","ast-hfb-below-header-display":"","ast-hfb-mobile-header-display":"","site-post-title":"","ast-breadcrumbs-content":"","ast-featured-img":"","footer-sml-layout":"","theme-transparent-header-meta":"","adv-header-id-meta":"","stick-header-meta":"","header-above-stick-meta":"","header-main-stick-meta":"","header-below-stick-meta":"","astra-migrate-meta-layouts":"default","ast-page-background-enabled":"default","ast-page-background-meta":{"desktop":{"background-color":"var(--ast-global-color-4)","background-image":"","background-repeat":"repeat","background-position":"center center","background-size":"auto","background-attachment":"scroll","background-type":"","background-media":"","overlay-type":"","overlay-color":"","overlay-opacity":"","overlay-gradient":""},"tablet":{"background-color":"","background-image":"","background-repeat":"repeat","background-position":"center center","background-size":"auto","background-attachment":"scroll","background-type":"","background-media":"","overlay-type":"","overlay-color":"","overlay-opacity":"","overlay-gradient":""},"mobile":{"background-color":"","background-image":"","background-repeat":"repeat","background-position":"center center","background-size":"auto","background-attachment":"scroll","background-type":"","background-media":"","overlay-type":"","overlay-color":"","overlay-opacity":"","overlay-gradient":""}},"ast-content-background-meta":{"desktop":{"background-color":"var(--ast-global-color-5)","background-image":"","background-repeat":"repeat","background-position":"center center","background-size":"auto","background-attachment":"scroll","background-type":"","background-media":"","overlay-type":"","overlay-color":"","overlay-opacity":"","overlay-gradient":""},"tablet":{"background-color":"var(--ast-global-color-5)","background-image":"","background-repeat":"repeat","background-position":"center center","background-size":"auto","background-attachment":"scroll","background-type":"","background-media":"","overlay-type":"","overlay-color":"","overlay-opacity":"","overlay-gradient":""},"mobile":{"background-color":"var(--ast-global-color-5)","background-image":"","background-repeat":"repeat","background-position":"center center","background-size":"auto","background-attachment":"scroll","background-type":"","background-media":"","overlay-type":"","overlay-color":"","overlay-opacity":"","overlay-gradient":""}},"footnotes":""},"categories":[4],"tags":[90,243,116],"class_list":["post-12920","post","type-post","status-publish","format-standard","has-post-thumbnail","hentry","category-portada","tag-festes","tag-sant-jordi","tag-art"],"post_mailing_queue_ids":[],"_links":{"self":[{"href":"https:\/\/agora.xtec.cat\/esc-joancasas\/wp-json\/wp\/v2\/posts\/12920","targetHints":{"allow":["GET"]}}],"collection":[{"href":"https:\/\/agora.xtec.cat\/esc-joancasas\/wp-json\/wp\/v2\/posts"}],"about":[{"href":"https:\/\/agora.xtec.cat\/esc-joancasas\/wp-json\/wp\/v2\/types\/post"}],"author":[{"embeddable":true,"href":"https:\/\/agora.xtec.cat\/esc-joancasas\/wp-json\/wp\/v2\/users\/37"}],"replies":[{"embeddable":true,"href":"https:\/\/agora.xtec.cat\/esc-joancasas\/wp-json\/wp\/v2\/comments?post=12920"}],"version-history":[{"count":1,"href":"https:\/\/agora.xtec.cat\/esc-joancasas\/wp-json\/wp\/v2\/posts\/12920\/revisions"}],"predecessor-version":[{"id":12922,"href":"https:\/\/agora.xtec.cat\/esc-joancasas\/wp-json\/wp\/v2\/posts\/12920\/revisions\/12922"}],"wp:featuredmedia":[{"embeddable":true,"href":"https:\/\/agora.xtec.cat\/esc-joancasas\/wp-json\/wp\/v2\/media\/12921"}],"wp:attachment":[{"href":"https:\/\/agora.xtec.cat\/esc-joancasas\/wp-json\/wp\/v2\/media?parent=12920"}],"wp:term":[{"taxonomy":"category","embeddable":true,"href":"https:\/\/agora.xtec.cat\/esc-joancasas\/wp-json\/wp\/v2\/categories?post=12920"},{"taxonomy":"post_tag","embeddable":true,"href":"https:\/\/agora.xtec.cat\/esc-joancasas\/wp-json\/wp\/v2\/tags?post=12920"}],"curies":[{"name":"wp","href":"https:\/\/api.w.org\/{rel}","templated":true}]}}