{"id":12811,"date":"2020-03-30T10:39:15","date_gmt":"2020-03-30T08:39:15","guid":{"rendered":"http:\/\/agora.xtec.cat\/esc-joancasas\/?p=12811"},"modified":"2020-03-30T10:39:15","modified_gmt":"2020-03-30T08:39:15","slug":"concurs-de-fotografia-matematica-confinada","status":"publish","type":"post","link":"https:\/\/agora.xtec.cat\/esc-joancasas\/portada\/general\/concurs-de-fotografia-matematica-confinada\/","title":{"rendered":"CONCURS DE FOTOGRAFIA MATEM\u00c0TICA &#8220;CONFINADA&#8221;"},"content":{"rendered":"<p><strong>Vols participar al Concurs de Matem\u00e0tica &#8220;Confinada&#8221;?\u00a0<\/strong><\/p>\n<p>Molt f\u00e0cil! obre els ulls, obre la ment, la imaginaci\u00f3 i posa en pr\u00e0ctica els teus coneixements matem\u00e0tics! Capta una imatge que tinguis per casa, juga amb les dist\u00e0ncies, el zoom, les perspectives&#8230;i quan la tinguis, pensa un t\u00edtol creatiu de contingut matem\u00e0tic i envia-la al correu de la M\u00edriam que ja teniu al vostre abast.<\/p>\n<p>Totes les imatges enviades entraran en Concurs i seran publicades al web d&#8217;escola per a la posterior votaci\u00f3 de les diferents propostes!<\/p>\n<p>Anima&#8217;t i envia la teva fotografia matem\u00e0tica!<\/p>\n<p><a href=\"https:\/\/agora.xtec.cat\/esc-joancasas\/wp-content\/uploads\/usu1722\/2020\/03\/Cintametricaconica.jpg\"><img loading=\"lazy\" decoding=\"async\" class=\"alignnone size-full wp-image-12812\" src=\"https:\/\/agora.xtec.cat\/esc-joancasas\/wp-content\/uploads\/usu1722\/2020\/03\/Cintametricaconica.jpg\" alt=\"\" width=\"600\" height=\"450\" srcset=\"https:\/\/agora.xtec.cat\/esc-joancasas\/wp-content\/uploads\/usu1722\/2020\/03\/Cintametricaconica.jpg 600w, https:\/\/agora.xtec.cat\/esc-joancasas\/wp-content\/uploads\/usu1722\/2020\/03\/Cintametricaconica-300x225.jpg 300w, https:\/\/agora.xtec.cat\/esc-joancasas\/wp-content\/uploads\/usu1722\/2020\/03\/Cintametricaconica-200x150.jpg 200w\" sizes=\"auto, (max-width: 600px) 100vw, 600px\" \/><\/a><\/p>\n","protected":false},"excerpt":{"rendered":"<p>Vols participar al Concurs de Matem\u00e0tica &#8220;Confinada&#8221;?\u00a0 Molt f\u00e0cil! obre els ulls, obre la ment, la imaginaci\u00f3 i posa en pr\u00e0ctica els teus coneixements matem\u00e0tics! Capta una imatge que tinguis per casa, juga amb les dist\u00e0ncies, el zoom, les perspectives&#8230;i quan la tinguis, pensa un t\u00edtol creatiu de contingut matem\u00e0tic i envia-la al correu de [&hellip;]<\/p>\n","protected":false},"author":1,"featured_media":12812,"comment_status":"open","ping_status":"closed","sticky":false,"template":"","format":"standard","meta":{"_bbp_topic_count":0,"_bbp_reply_count":0,"_bbp_total_topic_count":0,"_bbp_total_reply_count":0,"_bbp_voice_count":0,"_bbp_anonymous_reply_count":0,"_bbp_topic_count_hidden":0,"_bbp_reply_count_hidden":0,"_bbp_forum_subforum_count":0,"site-sidebar-layout":"default","site-content-layout":"","ast-site-content-layout":"","site-content-style":"default","site-sidebar-style":"default","ast-global-header-display":"","ast-banner-title-visibility":"","ast-main-header-display":"","ast-hfb-above-header-display":"","ast-hfb-below-header-display":"","ast-hfb-mobile-header-display":"","site-post-title":"","ast-breadcrumbs-content":"","ast-featured-img":"","footer-sml-layout":"","theme-transparent-header-meta":"","adv-header-id-meta":"","stick-header-meta":"","header-above-stick-meta":"","header-main-stick-meta":"","header-below-stick-meta":"","astra-migrate-meta-layouts":"default","ast-page-background-enabled":"default","ast-page-background-meta":{"desktop":{"background-color":"var(--ast-global-color-4)","background-image":"","background-repeat":"repeat","background-position":"center center","background-size":"auto","background-attachment":"scroll","background-type":"","background-media":"","overlay-type":"","overlay-color":"","overlay-opacity":"","overlay-gradient":""},"tablet":{"background-color":"","background-image":"","background-repeat":"repeat","background-position":"center center","background-size":"auto","background-attachment":"scroll","background-type":"","background-media":"","overlay-type":"","overlay-color":"","overlay-opacity":"","overlay-gradient":""},"mobile":{"background-color":"","background-image":"","background-repeat":"repeat","background-position":"center center","background-size":"auto","background-attachment":"scroll","background-type":"","background-media":"","overlay-type":"","overlay-color":"","overlay-opacity":"","overlay-gradient":""}},"ast-content-background-meta":{"desktop":{"background-color":"var(--ast-global-color-5)","background-image":"","background-repeat":"repeat","background-position":"center center","background-size":"auto","background-attachment":"scroll","background-type":"","background-media":"","overlay-type":"","overlay-color":"","overlay-opacity":"","overlay-gradient":""},"tablet":{"background-color":"var(--ast-global-color-5)","background-image":"","background-repeat":"repeat","background-position":"center center","background-size":"auto","background-attachment":"scroll","background-type":"","background-media":"","overlay-type":"","overlay-color":"","overlay-opacity":"","overlay-gradient":""},"mobile":{"background-color":"var(--ast-global-color-5)","background-image":"","background-repeat":"repeat","background-position":"center center","background-size":"auto","background-attachment":"scroll","background-type":"","background-media":"","overlay-type":"","overlay-color":"","overlay-opacity":"","overlay-gradient":""}},"footnotes":""},"categories":[1],"tags":[174,68,76,111,91,134,116],"class_list":["post-12811","post","type-post","status-publish","format-standard","has-post-thumbnail","hentry","category-general","tag-ambit-artistic-vinculat-amb-contingut-matematic","tag-ep4-ep5-ep6","tag-ep1-ep2-ep3","tag-guacamole-matematic","tag-mon-matematic","tag-steamcat","tag-art"],"post_mailing_queue_ids":[],"_links":{"self":[{"href":"https:\/\/agora.xtec.cat\/esc-joancasas\/wp-json\/wp\/v2\/posts\/12811","targetHints":{"allow":["GET"]}}],"collection":[{"href":"https:\/\/agora.xtec.cat\/esc-joancasas\/wp-json\/wp\/v2\/posts"}],"about":[{"href":"https:\/\/agora.xtec.cat\/esc-joancasas\/wp-json\/wp\/v2\/types\/post"}],"author":[{"embeddable":true,"href":"https:\/\/agora.xtec.cat\/esc-joancasas\/wp-json\/wp\/v2\/users\/1"}],"replies":[{"embeddable":true,"href":"https:\/\/agora.xtec.cat\/esc-joancasas\/wp-json\/wp\/v2\/comments?post=12811"}],"version-history":[{"count":1,"href":"https:\/\/agora.xtec.cat\/esc-joancasas\/wp-json\/wp\/v2\/posts\/12811\/revisions"}],"predecessor-version":[{"id":12813,"href":"https:\/\/agora.xtec.cat\/esc-joancasas\/wp-json\/wp\/v2\/posts\/12811\/revisions\/12813"}],"wp:featuredmedia":[{"embeddable":true,"href":"https:\/\/agora.xtec.cat\/esc-joancasas\/wp-json\/wp\/v2\/media\/12812"}],"wp:attachment":[{"href":"https:\/\/agora.xtec.cat\/esc-joancasas\/wp-json\/wp\/v2\/media?parent=12811"}],"wp:term":[{"taxonomy":"category","embeddable":true,"href":"https:\/\/agora.xtec.cat\/esc-joancasas\/wp-json\/wp\/v2\/categories?post=12811"},{"taxonomy":"post_tag","embeddable":true,"href":"https:\/\/agora.xtec.cat\/esc-joancasas\/wp-json\/wp\/v2\/tags?post=12811"}],"curies":[{"name":"wp","href":"https:\/\/api.w.org\/{rel}","templated":true}]}}