{"id":12669,"date":"2020-02-29T10:54:31","date_gmt":"2020-02-29T09:54:31","guid":{"rendered":"http:\/\/agora.xtec.cat\/esc-joancasas\/?p=12669"},"modified":"2020-03-05T23:25:43","modified_gmt":"2020-03-05T22:25:43","slug":"carnaval-2020-la-nostra-riera","status":"publish","type":"post","link":"https:\/\/agora.xtec.cat\/esc-joancasas\/portada\/general\/carnaval-2020-la-nostra-riera\/","title":{"rendered":"CARNAVAL 2020 &#8211; LA NOSTRA RIERA! &#8211;"},"content":{"rendered":"<p>La passada setmana vam fer soroll pels carrers del poble i vam mostrar una petita part de la riquesa natural que tenim a la riera de Sant Antoni de Vilamajor. Com molt b\u00e9 sabeu, enguany el centre d&#8217;inter\u00e8s del Projecte Interdisciplinar \u00e9s sota el t\u00edtol de <span style=\"color: #008000;\"><strong>Vida a la Riera<\/strong><\/span>! Cada comparsa disfressada de la planta o animal que escolliren cada classe a l&#8217;inici de curs. Ha estat una setmana intensa, des de l&#8217;arribada del Rei Carnestoltes fins al seu comiat el dimecres de cendra d&#8217;aquesta passada setmana.<\/p>\n<p>Us deixem una imatge a\u00e8ria de la Gran fam\u00edlia que formem, des dels alumnes m\u00e9s petits als m\u00e9s grans, fam\u00edlies acompanyants, els i les Wally&#8217;s col\u00b7laboradors i donem les gr\u00e0cies per les viv\u00e8ncies d&#8217;aquesta setmana. Gr\u00e0cies tamb\u00e9 a la fot\u00f2grafa per aquesta imatge i a la Policia que ens va acompanyar per fer pas i per tancar la rua.<\/p>\n<p><strong>Fotos de les diferents comparses <a href=\"https:\/\/drive.google.com\/drive\/folders\/16rUnRgGx3SM0fIXMHVrQCQVqhz5Tj7Lw?usp=sharing\">AQU\u00cd<\/a><\/strong><\/p>\n<p>&nbsp;<\/p>\n<p><a href=\"https:\/\/agora.xtec.cat\/esc-joancasas\/wp-content\/uploads\/usu1722\/2020\/02\/CARNAVAL-2020.jpg\"><img loading=\"lazy\" decoding=\"async\" class=\"aligncenter wp-image-12670\" src=\"https:\/\/agora.xtec.cat\/esc-joancasas\/wp-content\/uploads\/usu1722\/2020\/02\/CARNAVAL-2020-1024x482.jpg\" alt=\"\" width=\"1070\" height=\"503\" srcset=\"https:\/\/agora.xtec.cat\/esc-joancasas\/wp-content\/uploads\/usu1722\/2020\/02\/CARNAVAL-2020-1024x482.jpg 1024w, https:\/\/agora.xtec.cat\/esc-joancasas\/wp-content\/uploads\/usu1722\/2020\/02\/CARNAVAL-2020-300x141.jpg 300w, https:\/\/agora.xtec.cat\/esc-joancasas\/wp-content\/uploads\/usu1722\/2020\/02\/CARNAVAL-2020-768x362.jpg 768w, https:\/\/agora.xtec.cat\/esc-joancasas\/wp-content\/uploads\/usu1722\/2020\/02\/CARNAVAL-2020.jpg 1191w\" sizes=\"auto, (max-width: 1070px) 100vw, 1070px\" \/><\/a><\/p>\n","protected":false},"excerpt":{"rendered":"<p>La passada setmana vam fer soroll pels carrers del poble i vam mostrar una petita part de la riquesa natural que tenim a la riera de Sant Antoni de Vilamajor. Com molt b\u00e9 sabeu, enguany el centre d&#8217;inter\u00e8s del Projecte Interdisciplinar \u00e9s sota el t\u00edtol de Vida a la Riera! Cada comparsa disfressada de la [&hellip;]<\/p>\n","protected":false},"author":37,"featured_media":12670,"comment_status":"open","ping_status":"closed","sticky":false,"template":"","format":"standard","meta":{"_bbp_topic_count":0,"_bbp_reply_count":0,"_bbp_total_topic_count":0,"_bbp_total_reply_count":0,"_bbp_voice_count":0,"_bbp_anonymous_reply_count":0,"_bbp_topic_count_hidden":0,"_bbp_reply_count_hidden":0,"_bbp_forum_subforum_count":0,"site-sidebar-layout":"default","site-content-layout":"","ast-site-content-layout":"","site-content-style":"default","site-sidebar-style":"default","ast-global-header-display":"","ast-banner-title-visibility":"","ast-main-header-display":"","ast-hfb-above-header-display":"","ast-hfb-below-header-display":"","ast-hfb-mobile-header-display":"","site-post-title":"","ast-breadcrumbs-content":"","ast-featured-img":"","footer-sml-layout":"","theme-transparent-header-meta":"","adv-header-id-meta":"","stick-header-meta":"","header-above-stick-meta":"","header-main-stick-meta":"","header-below-stick-meta":"","astra-migrate-meta-layouts":"default","ast-page-background-enabled":"default","ast-page-background-meta":{"desktop":{"background-color":"var(--ast-global-color-4)","background-image":"","background-repeat":"repeat","background-position":"center center","background-size":"auto","background-attachment":"scroll","background-type":"","background-media":"","overlay-type":"","overlay-color":"","overlay-opacity":"","overlay-gradient":""},"tablet":{"background-color":"","background-image":"","background-repeat":"repeat","background-position":"center center","background-size":"auto","background-attachment":"scroll","background-type":"","background-media":"","overlay-type":"","overlay-color":"","overlay-opacity":"","overlay-gradient":""},"mobile":{"background-color":"","background-image":"","background-repeat":"repeat","background-position":"center center","background-size":"auto","background-attachment":"scroll","background-type":"","background-media":"","overlay-type":"","overlay-color":"","overlay-opacity":"","overlay-gradient":""}},"ast-content-background-meta":{"desktop":{"background-color":"var(--ast-global-color-5)","background-image":"","background-repeat":"repeat","background-position":"center center","background-size":"auto","background-attachment":"scroll","background-type":"","background-media":"","overlay-type":"","overlay-color":"","overlay-opacity":"","overlay-gradient":""},"tablet":{"background-color":"var(--ast-global-color-5)","background-image":"","background-repeat":"repeat","background-position":"center center","background-size":"auto","background-attachment":"scroll","background-type":"","background-media":"","overlay-type":"","overlay-color":"","overlay-opacity":"","overlay-gradient":""},"mobile":{"background-color":"var(--ast-global-color-5)","background-image":"","background-repeat":"repeat","background-position":"center center","background-size":"auto","background-attachment":"scroll","background-type":"","background-media":"","overlay-type":"","overlay-color":"","overlay-opacity":"","overlay-gradient":""}},"footnotes":""},"categories":[1,4],"tags":[75,90,143,173,123,116],"class_list":["post-12669","post","type-post","status-publish","format-standard","has-post-thumbnail","hentry","category-general","category-portada","tag-fem-poble","tag-festes","tag-lentorn","tag-projecte-interdisciplinar","tag-els-valors","tag-art"],"post_mailing_queue_ids":[],"_links":{"self":[{"href":"https:\/\/agora.xtec.cat\/esc-joancasas\/wp-json\/wp\/v2\/posts\/12669","targetHints":{"allow":["GET"]}}],"collection":[{"href":"https:\/\/agora.xtec.cat\/esc-joancasas\/wp-json\/wp\/v2\/posts"}],"about":[{"href":"https:\/\/agora.xtec.cat\/esc-joancasas\/wp-json\/wp\/v2\/types\/post"}],"author":[{"embeddable":true,"href":"https:\/\/agora.xtec.cat\/esc-joancasas\/wp-json\/wp\/v2\/users\/37"}],"replies":[{"embeddable":true,"href":"https:\/\/agora.xtec.cat\/esc-joancasas\/wp-json\/wp\/v2\/comments?post=12669"}],"version-history":[{"count":3,"href":"https:\/\/agora.xtec.cat\/esc-joancasas\/wp-json\/wp\/v2\/posts\/12669\/revisions"}],"predecessor-version":[{"id":12674,"href":"https:\/\/agora.xtec.cat\/esc-joancasas\/wp-json\/wp\/v2\/posts\/12669\/revisions\/12674"}],"wp:featuredmedia":[{"embeddable":true,"href":"https:\/\/agora.xtec.cat\/esc-joancasas\/wp-json\/wp\/v2\/media\/12670"}],"wp:attachment":[{"href":"https:\/\/agora.xtec.cat\/esc-joancasas\/wp-json\/wp\/v2\/media?parent=12669"}],"wp:term":[{"taxonomy":"category","embeddable":true,"href":"https:\/\/agora.xtec.cat\/esc-joancasas\/wp-json\/wp\/v2\/categories?post=12669"},{"taxonomy":"post_tag","embeddable":true,"href":"https:\/\/agora.xtec.cat\/esc-joancasas\/wp-json\/wp\/v2\/tags?post=12669"}],"curies":[{"name":"wp","href":"https:\/\/api.w.org\/{rel}","templated":true}]}}