{"id":12055,"date":"2019-10-24T10:45:25","date_gmt":"2019-10-24T08:45:25","guid":{"rendered":"http:\/\/agora.xtec.cat\/esc-joancasas\/?p=12055"},"modified":"2019-10-29T09:35:24","modified_gmt":"2019-10-29T08:35:24","slug":"colonies-a-mas-can-pic","status":"publish","type":"post","link":"https:\/\/agora.xtec.cat\/esc-joancasas\/portada\/general\/colonies-a-mas-can-pic\/","title":{"rendered":"Col\u00f2nies a Mas Can Pic"},"content":{"rendered":"<p style=\"text-align: left;\">L&#8217;alumnat de 3r de Prim\u00e0ria de l&#8217;escola ha marxat avui a passar dos dies intensos de conviv\u00e8ncia i diversi\u00f3. Riures a l\u2019autocar, somriures que ressonen per Taradell, abra\u00e7ades espont\u00e0nies d\u2019alegria i emoci\u00f3. <strong>S\u00ed! \u00a0Ja hem arribat i estem preparats per iniciar aquesta aventura!<\/strong><\/p>\n<p style=\"text-align: left;\">Si voleu seguir els vostres fills i filles aquests dies i veure qu\u00e8 fan, podeu seguir-los en aquest\u00a0 <a href=\"https:\/\/drive.google.com\/drive\/folders\/146Ug-PR5cw6RsiA6JBmfcIT0no4eOk-J?usp=sharing\">LINK.<\/a><\/p>\n<p style=\"text-align: left;\">Fins dem\u00e0!<\/p>\n<p><a href=\"https:\/\/agora.xtec.cat\/esc-joancasas\/wp-content\/uploads\/usu1722\/2019\/10\/Screenshot_20191025-155304-1.jpg\"><img loading=\"lazy\" decoding=\"async\" class=\"aligncenter size-large wp-image-12076\" src=\"https:\/\/agora.xtec.cat\/esc-joancasas\/wp-content\/uploads\/usu1722\/2019\/10\/Screenshot_20191025-155304-1-1024x1013.jpg\" alt=\"\" width=\"1024\" height=\"1013\" srcset=\"https:\/\/agora.xtec.cat\/esc-joancasas\/wp-content\/uploads\/usu1722\/2019\/10\/Screenshot_20191025-155304-1-1024x1013.jpg 1024w, https:\/\/agora.xtec.cat\/esc-joancasas\/wp-content\/uploads\/usu1722\/2019\/10\/Screenshot_20191025-155304-1-300x297.jpg 300w, https:\/\/agora.xtec.cat\/esc-joancasas\/wp-content\/uploads\/usu1722\/2019\/10\/Screenshot_20191025-155304-1-768x759.jpg 768w, https:\/\/agora.xtec.cat\/esc-joancasas\/wp-content\/uploads\/usu1722\/2019\/10\/Screenshot_20191025-155304-1.jpg 1430w\" sizes=\"auto, (max-width: 1024px) 100vw, 1024px\" \/><\/a><\/p>\n<p>&nbsp;<\/p>\n","protected":false},"excerpt":{"rendered":"<p>L&#8217;alumnat de 3r de Prim\u00e0ria de l&#8217;escola ha marxat avui a passar dos dies intensos de conviv\u00e8ncia i diversi\u00f3. Riures a l\u2019autocar, somriures que ressonen per Taradell, abra\u00e7ades espont\u00e0nies d\u2019alegria i emoci\u00f3. S\u00ed! \u00a0Ja hem arribat i estem preparats per iniciar aquesta aventura! Si voleu seguir els vostres fills i filles aquests dies i veure [&hellip;]<\/p>\n","protected":false},"author":49,"featured_media":12076,"comment_status":"open","ping_status":"closed","sticky":false,"template":"","format":"standard","meta":{"_bbp_topic_count":0,"_bbp_reply_count":0,"_bbp_total_topic_count":0,"_bbp_total_reply_count":0,"_bbp_voice_count":0,"_bbp_anonymous_reply_count":0,"_bbp_topic_count_hidden":0,"_bbp_reply_count_hidden":0,"_bbp_forum_subforum_count":0,"site-sidebar-layout":"default","site-content-layout":"","ast-site-content-layout":"","site-content-style":"default","site-sidebar-style":"default","ast-global-header-display":"","ast-banner-title-visibility":"","ast-main-header-display":"","ast-hfb-above-header-display":"","ast-hfb-below-header-display":"","ast-hfb-mobile-header-display":"","site-post-title":"","ast-breadcrumbs-content":"","ast-featured-img":"","footer-sml-layout":"","theme-transparent-header-meta":"","adv-header-id-meta":"","stick-header-meta":"","header-above-stick-meta":"","header-main-stick-meta":"","header-below-stick-meta":"","astra-migrate-meta-layouts":"default","ast-page-background-enabled":"default","ast-page-background-meta":{"desktop":{"background-color":"var(--ast-global-color-4)","background-image":"","background-repeat":"repeat","background-position":"center center","background-size":"auto","background-attachment":"scroll","background-type":"","background-media":"","overlay-type":"","overlay-color":"","overlay-opacity":"","overlay-gradient":""},"tablet":{"background-color":"","background-image":"","background-repeat":"repeat","background-position":"center center","background-size":"auto","background-attachment":"scroll","background-type":"","background-media":"","overlay-type":"","overlay-color":"","overlay-opacity":"","overlay-gradient":""},"mobile":{"background-color":"","background-image":"","background-repeat":"repeat","background-position":"center center","background-size":"auto","background-attachment":"scroll","background-type":"","background-media":"","overlay-type":"","overlay-color":"","overlay-opacity":"","overlay-gradient":""}},"ast-content-background-meta":{"desktop":{"background-color":"var(--ast-global-color-5)","background-image":"","background-repeat":"repeat","background-position":"center center","background-size":"auto","background-attachment":"scroll","background-type":"","background-media":"","overlay-type":"","overlay-color":"","overlay-opacity":"","overlay-gradient":""},"tablet":{"background-color":"var(--ast-global-color-5)","background-image":"","background-repeat":"repeat","background-position":"center center","background-size":"auto","background-attachment":"scroll","background-type":"","background-media":"","overlay-type":"","overlay-color":"","overlay-opacity":"","overlay-gradient":""},"mobile":{"background-color":"var(--ast-global-color-5)","background-image":"","background-repeat":"repeat","background-position":"center center","background-size":"auto","background-attachment":"scroll","background-type":"","background-media":"","overlay-type":"","overlay-color":"","overlay-opacity":"","overlay-gradient":""}},"footnotes":""},"categories":[1],"tags":[76,140,123],"class_list":["post-12055","post","type-post","status-publish","format-standard","has-post-thumbnail","hentry","category-general","tag-ep1-ep2-ep3","tag-projecte-descola","tag-els-valors"],"post_mailing_queue_ids":[],"_links":{"self":[{"href":"https:\/\/agora.xtec.cat\/esc-joancasas\/wp-json\/wp\/v2\/posts\/12055","targetHints":{"allow":["GET"]}}],"collection":[{"href":"https:\/\/agora.xtec.cat\/esc-joancasas\/wp-json\/wp\/v2\/posts"}],"about":[{"href":"https:\/\/agora.xtec.cat\/esc-joancasas\/wp-json\/wp\/v2\/types\/post"}],"author":[{"embeddable":true,"href":"https:\/\/agora.xtec.cat\/esc-joancasas\/wp-json\/wp\/v2\/users\/49"}],"replies":[{"embeddable":true,"href":"https:\/\/agora.xtec.cat\/esc-joancasas\/wp-json\/wp\/v2\/comments?post=12055"}],"version-history":[{"count":3,"href":"https:\/\/agora.xtec.cat\/esc-joancasas\/wp-json\/wp\/v2\/posts\/12055\/revisions"}],"predecessor-version":[{"id":12077,"href":"https:\/\/agora.xtec.cat\/esc-joancasas\/wp-json\/wp\/v2\/posts\/12055\/revisions\/12077"}],"wp:featuredmedia":[{"embeddable":true,"href":"https:\/\/agora.xtec.cat\/esc-joancasas\/wp-json\/wp\/v2\/media\/12076"}],"wp:attachment":[{"href":"https:\/\/agora.xtec.cat\/esc-joancasas\/wp-json\/wp\/v2\/media?parent=12055"}],"wp:term":[{"taxonomy":"category","embeddable":true,"href":"https:\/\/agora.xtec.cat\/esc-joancasas\/wp-json\/wp\/v2\/categories?post=12055"},{"taxonomy":"post_tag","embeddable":true,"href":"https:\/\/agora.xtec.cat\/esc-joancasas\/wp-json\/wp\/v2\/tags?post=12055"}],"curies":[{"name":"wp","href":"https:\/\/api.w.org\/{rel}","templated":true}]}}