{"id":12014,"date":"2025-10-16T15:10:02","date_gmt":"2025-10-16T13:10:02","guid":{"rendered":"http:\/\/agora.xtec.cat\/esc-joancasas\/?p=12014"},"modified":"2025-10-16T16:56:01","modified_gmt":"2025-10-16T14:56:01","slug":"projecte-interdisciplinar-vida-a-la-riera","status":"publish","type":"post","link":"https:\/\/agora.xtec.cat\/esc-joancasas\/portada\/general\/projecte-interdisciplinar-vida-a-la-riera\/","title":{"rendered":"Projecte Interdisciplinari 25-26:  Pa\u00efsos del M\u00f3n"},"content":{"rendered":"<p><a href=\"https:\/\/agora.xtec.cat\/esc-joancasas\/wp-content\/uploads\/usu1722\/2025\/10\/baixa.jpeg\"><img loading=\"lazy\" decoding=\"async\" class=\"size-full wp-image-15109 alignleft\" src=\"https:\/\/agora.xtec.cat\/esc-joancasas\/wp-content\/uploads\/usu1722\/2025\/10\/baixa.jpeg\" alt=\"\" width=\"275\" height=\"183\" \/><\/a><span style=\"font-size: 1.125em;\">El Pr<\/span>ojecte Interdisciplinari \u00e9s aquell projecte d&#8217;escola que compartim plegats i plegades. \u00c9s un centre d&#8217;inter\u00e8s que ens acompanya al llarg del curs i ens vincula amb el nom de cada aula tutorial, en la recerca, en con\u00e8ixer una mica m\u00e9s d&#8217;aquells aspectes que ens lliguen amb l&#8217;entorn i amb la natura i fer-nos petits i petites expertes d&#8217;all\u00f2 que volem aprendre. Generalment s\u00f3n temes amplis que ens permeten fer un treball global, que faciliti la recerca de camp i que vinculi tamb\u00e9 a les fam\u00edlies en el proc\u00e9s d&#8217;ensenyament-aprenentatge.<\/p>\n<p>Aquest curs a l&#8217;escola parlem dels PA\u00cfSOS DEL M\u00d3N aix\u00ed que ens endinsarem segur en aspectes geogr\u00e0fics, socials i culturals de gran valor.<\/p>\n<p><a href=\"https:\/\/drive.google.com\/file\/d\/1z6QEdeDXmw6WTokQYmJECwFMJAhuCjgT\/view?usp=drive_link\">Aqu\u00ed <\/a>us deixem el nom de les classes d&#8217;enguany.<\/p>\n","protected":false},"excerpt":{"rendered":"<p>El Projecte Interdisciplinari \u00e9s aquell projecte d&#8217;escola que compartim plegats i plegades. \u00c9s un centre d&#8217;inter\u00e8s que ens acompanya al llarg del curs i ens vincula amb el nom de cada aula tutorial, en la recerca, en con\u00e8ixer una mica m\u00e9s d&#8217;aquells aspectes que ens lliguen amb l&#8217;entorn i amb la natura i fer-nos petits [&hellip;]<\/p>\n","protected":false},"author":1,"featured_media":15109,"comment_status":"open","ping_status":"closed","sticky":true,"template":"","format":"standard","meta":{"_bbp_topic_count":0,"_bbp_reply_count":0,"_bbp_total_topic_count":0,"_bbp_total_reply_count":0,"_bbp_voice_count":0,"_bbp_anonymous_reply_count":0,"_bbp_topic_count_hidden":0,"_bbp_reply_count_hidden":0,"_bbp_forum_subforum_count":0,"site-sidebar-layout":"default","site-content-layout":"","ast-site-content-layout":"default","site-content-style":"default","site-sidebar-style":"default","ast-global-header-display":"","ast-banner-title-visibility":"","ast-main-header-display":"","ast-hfb-above-header-display":"","ast-hfb-below-header-display":"","ast-hfb-mobile-header-display":"","site-post-title":"","ast-breadcrumbs-content":"","ast-featured-img":"","footer-sml-layout":"","theme-transparent-header-meta":"default","adv-header-id-meta":"","stick-header-meta":"","header-above-stick-meta":"","header-main-stick-meta":"","header-below-stick-meta":"","astra-migrate-meta-layouts":"set","ast-page-background-enabled":"default","ast-page-background-meta":{"desktop":{"background-color":"var(--ast-global-color-4)","background-image":"","background-repeat":"repeat","background-position":"center center","background-size":"auto","background-attachment":"scroll","background-type":"","background-media":"","overlay-type":"","overlay-color":"","overlay-opacity":"","overlay-gradient":""},"tablet":{"background-color":"","background-image":"","background-repeat":"repeat","background-position":"center center","background-size":"auto","background-attachment":"scroll","background-type":"","background-media":"","overlay-type":"","overlay-color":"","overlay-opacity":"","overlay-gradient":""},"mobile":{"background-color":"","background-image":"","background-repeat":"repeat","background-position":"center center","background-size":"auto","background-attachment":"scroll","background-type":"","background-media":"","overlay-type":"","overlay-color":"","overlay-opacity":"","overlay-gradient":""}},"ast-content-background-meta":{"desktop":{"background-color":"var(--ast-global-color-5)","background-image":"","background-repeat":"repeat","background-position":"center center","background-size":"auto","background-attachment":"scroll","background-type":"","background-media":"","overlay-type":"","overlay-color":"","overlay-opacity":"","overlay-gradient":""},"tablet":{"background-color":"var(--ast-global-color-5)","background-image":"","background-repeat":"repeat","background-position":"center center","background-size":"auto","background-attachment":"scroll","background-type":"","background-media":"","overlay-type":"","overlay-color":"","overlay-opacity":"","overlay-gradient":""},"mobile":{"background-color":"var(--ast-global-color-5)","background-image":"","background-repeat":"repeat","background-position":"center center","background-size":"auto","background-attachment":"scroll","background-type":"","background-media":"","overlay-type":"","overlay-color":"","overlay-opacity":"","overlay-gradient":""}},"footnotes":""},"categories":[1,4],"tags":[228,75,135,134],"class_list":["post-12014","post","type-post","status-publish","format-standard","has-post-thumbnail","hentry","category-general","category-portada","tag-la-riera-sav","tag-fem-poble","tag-projectes-innovacio","tag-steamcat"],"post_mailing_queue_ids":[],"_links":{"self":[{"href":"https:\/\/agora.xtec.cat\/esc-joancasas\/wp-json\/wp\/v2\/posts\/12014","targetHints":{"allow":["GET"]}}],"collection":[{"href":"https:\/\/agora.xtec.cat\/esc-joancasas\/wp-json\/wp\/v2\/posts"}],"about":[{"href":"https:\/\/agora.xtec.cat\/esc-joancasas\/wp-json\/wp\/v2\/types\/post"}],"author":[{"embeddable":true,"href":"https:\/\/agora.xtec.cat\/esc-joancasas\/wp-json\/wp\/v2\/users\/1"}],"replies":[{"embeddable":true,"href":"https:\/\/agora.xtec.cat\/esc-joancasas\/wp-json\/wp\/v2\/comments?post=12014"}],"version-history":[{"count":7,"href":"https:\/\/agora.xtec.cat\/esc-joancasas\/wp-json\/wp\/v2\/posts\/12014\/revisions"}],"predecessor-version":[{"id":15111,"href":"https:\/\/agora.xtec.cat\/esc-joancasas\/wp-json\/wp\/v2\/posts\/12014\/revisions\/15111"}],"wp:featuredmedia":[{"embeddable":true,"href":"https:\/\/agora.xtec.cat\/esc-joancasas\/wp-json\/wp\/v2\/media\/15109"}],"wp:attachment":[{"href":"https:\/\/agora.xtec.cat\/esc-joancasas\/wp-json\/wp\/v2\/media?parent=12014"}],"wp:term":[{"taxonomy":"category","embeddable":true,"href":"https:\/\/agora.xtec.cat\/esc-joancasas\/wp-json\/wp\/v2\/categories?post=12014"},{"taxonomy":"post_tag","embeddable":true,"href":"https:\/\/agora.xtec.cat\/esc-joancasas\/wp-json\/wp\/v2\/tags?post=12014"}],"curies":[{"name":"wp","href":"https:\/\/api.w.org\/{rel}","templated":true}]}}