{"id":11685,"date":"2019-08-29T23:03:35","date_gmt":"2019-08-29T21:03:35","guid":{"rendered":"http:\/\/agora.xtec.cat\/esc-joancasas\/?p=11685"},"modified":"2019-11-29T15:42:15","modified_gmt":"2019-11-29T14:42:15","slug":"un-nou-curs-un-nou-repte","status":"publish","type":"post","link":"https:\/\/agora.xtec.cat\/esc-joancasas\/portada\/general\/un-nou-curs-un-nou-repte\/","title":{"rendered":"Un nou curs, un nou repte"},"content":{"rendered":"<p>A l&#8217;escola el calendari sembla que sigui matem\u00e0tica pura: puntual i prec\u00eds.<\/p>\n<p>Se&#8217;ns apropa setembre i amb ell, com una constant, tota la comunitat educativa engega nous reptes, noves il\u00b7lusions i noves perspectives. Aquest curs, a m\u00e9s, estrenem projecte de direcci\u00f3 i moltes altres novetats que us explicarem amb m\u00e9s concreci\u00f3 a les reunions que tenim establertes abans de comen\u00e7ar les classes el 12\/09\/19<\/p>\n<p><a href=\"https:\/\/agora.xtec.cat\/esc-joancasas\/wp-content\/uploads\/usu1722\/2019\/08\/meeting-point_meeting-table_body_02.jpg\"><img loading=\"lazy\" decoding=\"async\" class=\"size-thumbnail wp-image-12018 alignleft\" src=\"https:\/\/agora.xtec.cat\/esc-joancasas\/wp-content\/uploads\/usu1722\/2019\/08\/meeting-point_meeting-table_body_02-150x150.jpg\" alt=\"\" width=\"150\" height=\"150\" \/><\/a><\/p>\n<p>comunitat de petits EI1\/EI2\/EI3 <span style=\"font-weight: 400;\">REUNI\u00d3 INICI DE CURS EL <\/span><b>10\/9\/2019 A LES 17\u201900<\/b><b>H<\/b><\/p>\n<p>comunitat de mitjans: EP1\/EP2\/EP3 <span style=\"font-weight: 400;\">REUNI\u00d3 INICI DE CURS EL <\/span><b>9\/9\/2019 A LES 17\u201900<\/b><b>H<\/b><\/p>\n<p><span style=\"font-weight: 400;\">comunitat de grans: EP4\/EP5\/EP6 REUNI\u00d3 INICI DE CURS EL<\/span> <b>6\/9\/2019 A LES 17\u201900<\/b><b>H<\/b><\/p>\n<p>Hi haur\u00e0 servei de monitoratge per si veniu amb colla.<\/p>\n<p>&nbsp;<\/p>\n<p>Aprofitem per recordar-vos que teniu penjat, al web d&#8217;escola, documents de refer\u00e8ncia com el calendari escolar, <span style=\"font-family: inherit; font-size: 1em;\">els llibres que emprarem aquest curs aix\u00ed com tamb\u00e9 la llista revisada de material i estris escolars que cal portar per l&#8217;alumnat, gr\u00e0cies a la mirada de tots hem detectat alguna errada.<\/span><\/p>\n<p>Ens veiem de nou doncs, en un tres i no res.<\/p>\n","protected":false},"excerpt":{"rendered":"<p>A l&#8217;escola el calendari sembla que sigui matem\u00e0tica pura: puntual i prec\u00eds. Se&#8217;ns apropa setembre i amb ell, com una constant, tota la comunitat educativa engega nous reptes, noves il\u00b7lusions i noves perspectives. Aquest curs, a m\u00e9s, estrenem projecte de direcci\u00f3 i moltes altres novetats que us explicarem amb m\u00e9s concreci\u00f3 a les reunions que [&hellip;]<\/p>\n","protected":false},"author":1,"featured_media":12018,"comment_status":"open","ping_status":"closed","sticky":false,"template":"","format":"standard","meta":{"_bbp_topic_count":0,"_bbp_reply_count":0,"_bbp_total_topic_count":0,"_bbp_total_reply_count":0,"_bbp_voice_count":0,"_bbp_anonymous_reply_count":0,"_bbp_topic_count_hidden":0,"_bbp_reply_count_hidden":0,"_bbp_forum_subforum_count":0,"site-sidebar-layout":"default","site-content-layout":"","ast-site-content-layout":"","site-content-style":"default","site-sidebar-style":"default","ast-global-header-display":"","ast-banner-title-visibility":"","ast-main-header-display":"","ast-hfb-above-header-display":"","ast-hfb-below-header-display":"","ast-hfb-mobile-header-display":"","site-post-title":"","ast-breadcrumbs-content":"","ast-featured-img":"","footer-sml-layout":"","theme-transparent-header-meta":"","adv-header-id-meta":"","stick-header-meta":"","header-above-stick-meta":"","header-main-stick-meta":"","header-below-stick-meta":"","astra-migrate-meta-layouts":"default","ast-page-background-enabled":"default","ast-page-background-meta":{"desktop":{"background-color":"var(--ast-global-color-4)","background-image":"","background-repeat":"repeat","background-position":"center center","background-size":"auto","background-attachment":"scroll","background-type":"","background-media":"","overlay-type":"","overlay-color":"","overlay-opacity":"","overlay-gradient":""},"tablet":{"background-color":"","background-image":"","background-repeat":"repeat","background-position":"center center","background-size":"auto","background-attachment":"scroll","background-type":"","background-media":"","overlay-type":"","overlay-color":"","overlay-opacity":"","overlay-gradient":""},"mobile":{"background-color":"","background-image":"","background-repeat":"repeat","background-position":"center center","background-size":"auto","background-attachment":"scroll","background-type":"","background-media":"","overlay-type":"","overlay-color":"","overlay-opacity":"","overlay-gradient":""}},"ast-content-background-meta":{"desktop":{"background-color":"var(--ast-global-color-5)","background-image":"","background-repeat":"repeat","background-position":"center center","background-size":"auto","background-attachment":"scroll","background-type":"","background-media":"","overlay-type":"","overlay-color":"","overlay-opacity":"","overlay-gradient":""},"tablet":{"background-color":"var(--ast-global-color-5)","background-image":"","background-repeat":"repeat","background-position":"center center","background-size":"auto","background-attachment":"scroll","background-type":"","background-media":"","overlay-type":"","overlay-color":"","overlay-opacity":"","overlay-gradient":""},"mobile":{"background-color":"var(--ast-global-color-5)","background-image":"","background-repeat":"repeat","background-position":"center center","background-size":"auto","background-attachment":"scroll","background-type":"","background-media":"","overlay-type":"","overlay-color":"","overlay-opacity":"","overlay-gradient":""}},"footnotes":""},"categories":[1],"tags":[],"class_list":["post-11685","post","type-post","status-publish","format-standard","has-post-thumbnail","hentry","category-general"],"post_mailing_queue_ids":[],"_links":{"self":[{"href":"https:\/\/agora.xtec.cat\/esc-joancasas\/wp-json\/wp\/v2\/posts\/11685","targetHints":{"allow":["GET"]}}],"collection":[{"href":"https:\/\/agora.xtec.cat\/esc-joancasas\/wp-json\/wp\/v2\/posts"}],"about":[{"href":"https:\/\/agora.xtec.cat\/esc-joancasas\/wp-json\/wp\/v2\/types\/post"}],"author":[{"embeddable":true,"href":"https:\/\/agora.xtec.cat\/esc-joancasas\/wp-json\/wp\/v2\/users\/1"}],"replies":[{"embeddable":true,"href":"https:\/\/agora.xtec.cat\/esc-joancasas\/wp-json\/wp\/v2\/comments?post=11685"}],"version-history":[{"count":3,"href":"https:\/\/agora.xtec.cat\/esc-joancasas\/wp-json\/wp\/v2\/posts\/11685\/revisions"}],"predecessor-version":[{"id":12019,"href":"https:\/\/agora.xtec.cat\/esc-joancasas\/wp-json\/wp\/v2\/posts\/11685\/revisions\/12019"}],"wp:featuredmedia":[{"embeddable":true,"href":"https:\/\/agora.xtec.cat\/esc-joancasas\/wp-json\/wp\/v2\/media\/12018"}],"wp:attachment":[{"href":"https:\/\/agora.xtec.cat\/esc-joancasas\/wp-json\/wp\/v2\/media?parent=11685"}],"wp:term":[{"taxonomy":"category","embeddable":true,"href":"https:\/\/agora.xtec.cat\/esc-joancasas\/wp-json\/wp\/v2\/categories?post=11685"},{"taxonomy":"post_tag","embeddable":true,"href":"https:\/\/agora.xtec.cat\/esc-joancasas\/wp-json\/wp\/v2\/tags?post=11685"}],"curies":[{"name":"wp","href":"https:\/\/api.w.org\/{rel}","templated":true}]}}