{"id":11654,"date":"2019-06-27T12:49:24","date_gmt":"2019-06-27T10:49:24","guid":{"rendered":"http:\/\/agora.xtec.cat\/esc-joancasas\/?p=11654"},"modified":"2019-06-27T12:49:24","modified_gmt":"2019-06-27T10:49:24","slug":"el-protagonista-dels-esquimals-en-sergi","status":"publish","type":"post","link":"https:\/\/agora.xtec.cat\/esc-joancasas\/primaria\/el-protagonista-dels-esquimals-en-sergi\/","title":{"rendered":"El Protagonista dels Esquimals: en Sergi"},"content":{"rendered":"<p><a href=\"https:\/\/agora.xtec.cat\/esc-joancasas\/wp-content\/uploads\/usu1722\/2019\/06\/20190618_120832-portada.jpg\"><img loading=\"lazy\" decoding=\"async\" class=\"alignnone size-large wp-image-11655\" src=\"https:\/\/agora.xtec.cat\/esc-joancasas\/wp-content\/uploads\/usu1722\/2019\/06\/20190618_120832-portada-1024x768.jpg\" alt=\"\" width=\"1024\" height=\"768\" srcset=\"https:\/\/agora.xtec.cat\/esc-joancasas\/wp-content\/uploads\/usu1722\/2019\/06\/20190618_120832-portada-1024x768.jpg 1024w, https:\/\/agora.xtec.cat\/esc-joancasas\/wp-content\/uploads\/usu1722\/2019\/06\/20190618_120832-portada-300x225.jpg 300w, https:\/\/agora.xtec.cat\/esc-joancasas\/wp-content\/uploads\/usu1722\/2019\/06\/20190618_120832-portada-768x576.jpg 768w, https:\/\/agora.xtec.cat\/esc-joancasas\/wp-content\/uploads\/usu1722\/2019\/06\/20190618_120832-portada-200x150.jpg 200w, https:\/\/agora.xtec.cat\/esc-joancasas\/wp-content\/uploads\/usu1722\/2019\/06\/20190618_120832-portada.jpg 1632w\" sizes=\"auto, (max-width: 1024px) 100vw, 1024px\" \/><\/a><\/p>\n<p>La darrera setmana de curs vam fer l&#8217;\u00faltima sessi\u00f3 del protagonista de la setmana. En Sergi, el seu pare, la seva mare i el seu germ\u00e0 petit Hugo,\u00a0 van fer-nos companyia al llarg d&#8217;una estona al final del mat\u00ed. Els pares d&#8217;en Sergi ens van explicar moltes coses d&#8217;ell i vam acabar el mat\u00ed pintant dibuixos del\u00a0 Micky, de dinosaures, de s\u00faper herois,&#8230;que el seu pare anava fent per a la resta dels nens i nenes de la classe. Moltes gr\u00e0cies!<\/p>\n<p>Mireu les <a href=\"https:\/\/photos.app.goo.gl\/D2Zy1zBTUtu1z9LX7\">fotos<\/a>!<\/p>\n","protected":false},"excerpt":{"rendered":"<p>La darrera setmana de curs vam fer l&#8217;\u00faltima sessi\u00f3 del protagonista de la setmana. En Sergi, el seu pare, la seva mare i el seu germ\u00e0 petit Hugo,\u00a0 van fer-nos companyia al llarg d&#8217;una estona al final del mat\u00ed. Els pares d&#8217;en Sergi ens van explicar moltes coses d&#8217;ell i vam acabar el mat\u00ed pintant [&hellip;]<\/p>\n","protected":false},"author":1,"featured_media":11655,"comment_status":"open","ping_status":"closed","sticky":false,"template":"","format":"standard","meta":{"_bbp_topic_count":0,"_bbp_reply_count":0,"_bbp_total_topic_count":0,"_bbp_total_reply_count":0,"_bbp_voice_count":0,"_bbp_anonymous_reply_count":0,"_bbp_topic_count_hidden":0,"_bbp_reply_count_hidden":0,"_bbp_forum_subforum_count":0,"site-sidebar-layout":"default","site-content-layout":"","ast-site-content-layout":"","site-content-style":"default","site-sidebar-style":"default","ast-global-header-display":"","ast-banner-title-visibility":"","ast-main-header-display":"","ast-hfb-above-header-display":"","ast-hfb-below-header-display":"","ast-hfb-mobile-header-display":"","site-post-title":"","ast-breadcrumbs-content":"","ast-featured-img":"","footer-sml-layout":"","theme-transparent-header-meta":"","adv-header-id-meta":"","stick-header-meta":"","header-above-stick-meta":"","header-main-stick-meta":"","header-below-stick-meta":"","astra-migrate-meta-layouts":"default","ast-page-background-enabled":"default","ast-page-background-meta":{"desktop":{"background-color":"var(--ast-global-color-4)","background-image":"","background-repeat":"repeat","background-position":"center center","background-size":"auto","background-attachment":"scroll","background-type":"","background-media":"","overlay-type":"","overlay-color":"","overlay-opacity":"","overlay-gradient":""},"tablet":{"background-color":"","background-image":"","background-repeat":"repeat","background-position":"center center","background-size":"auto","background-attachment":"scroll","background-type":"","background-media":"","overlay-type":"","overlay-color":"","overlay-opacity":"","overlay-gradient":""},"mobile":{"background-color":"","background-image":"","background-repeat":"repeat","background-position":"center center","background-size":"auto","background-attachment":"scroll","background-type":"","background-media":"","overlay-type":"","overlay-color":"","overlay-opacity":"","overlay-gradient":""}},"ast-content-background-meta":{"desktop":{"background-color":"var(--ast-global-color-5)","background-image":"","background-repeat":"repeat","background-position":"center center","background-size":"auto","background-attachment":"scroll","background-type":"","background-media":"","overlay-type":"","overlay-color":"","overlay-opacity":"","overlay-gradient":""},"tablet":{"background-color":"var(--ast-global-color-5)","background-image":"","background-repeat":"repeat","background-position":"center center","background-size":"auto","background-attachment":"scroll","background-type":"","background-media":"","overlay-type":"","overlay-color":"","overlay-opacity":"","overlay-gradient":""},"mobile":{"background-color":"var(--ast-global-color-5)","background-image":"","background-repeat":"repeat","background-position":"center center","background-size":"auto","background-attachment":"scroll","background-type":"","background-media":"","overlay-type":"","overlay-color":"","overlay-opacity":"","overlay-gradient":""}},"footnotes":""},"categories":[5],"tags":[98,86],"class_list":["post-11654","post","type-post","status-publish","format-standard","has-post-thumbnail","hentry","category-primaria","tag-ei1-ei2-ei3","tag-poc"],"post_mailing_queue_ids":[],"_links":{"self":[{"href":"https:\/\/agora.xtec.cat\/esc-joancasas\/wp-json\/wp\/v2\/posts\/11654","targetHints":{"allow":["GET"]}}],"collection":[{"href":"https:\/\/agora.xtec.cat\/esc-joancasas\/wp-json\/wp\/v2\/posts"}],"about":[{"href":"https:\/\/agora.xtec.cat\/esc-joancasas\/wp-json\/wp\/v2\/types\/post"}],"author":[{"embeddable":true,"href":"https:\/\/agora.xtec.cat\/esc-joancasas\/wp-json\/wp\/v2\/users\/1"}],"replies":[{"embeddable":true,"href":"https:\/\/agora.xtec.cat\/esc-joancasas\/wp-json\/wp\/v2\/comments?post=11654"}],"version-history":[{"count":1,"href":"https:\/\/agora.xtec.cat\/esc-joancasas\/wp-json\/wp\/v2\/posts\/11654\/revisions"}],"predecessor-version":[{"id":11656,"href":"https:\/\/agora.xtec.cat\/esc-joancasas\/wp-json\/wp\/v2\/posts\/11654\/revisions\/11656"}],"wp:featuredmedia":[{"embeddable":true,"href":"https:\/\/agora.xtec.cat\/esc-joancasas\/wp-json\/wp\/v2\/media\/11655"}],"wp:attachment":[{"href":"https:\/\/agora.xtec.cat\/esc-joancasas\/wp-json\/wp\/v2\/media?parent=11654"}],"wp:term":[{"taxonomy":"category","embeddable":true,"href":"https:\/\/agora.xtec.cat\/esc-joancasas\/wp-json\/wp\/v2\/categories?post=11654"},{"taxonomy":"post_tag","embeddable":true,"href":"https:\/\/agora.xtec.cat\/esc-joancasas\/wp-json\/wp\/v2\/tags?post=11654"}],"curies":[{"name":"wp","href":"https:\/\/api.w.org\/{rel}","templated":true}]}}