{"id":11593,"date":"2019-06-14T12:44:44","date_gmt":"2019-06-14T10:44:44","guid":{"rendered":"http:\/\/agora.xtec.cat\/esc-joancasas\/?p=11593"},"modified":"2019-11-29T15:43:18","modified_gmt":"2019-11-29T14:43:18","slug":"i-fira-turistica-mon-joan-casas","status":"publish","type":"post","link":"https:\/\/agora.xtec.cat\/esc-joancasas\/portada\/general\/i-fira-turistica-mon-joan-casas\/","title":{"rendered":"I FIRA TUR\u00cdSTICA &#8220;M\u00d3N-JOAN CASAS&#8221;"},"content":{"rendered":"<p>La <strong>1\u00aa Fira de Turisme &#8220;M\u00d3N-JOAN CASAS&#8221;<\/strong> \u00e9s el producte final del Projecte Interdisciplinar d&#8217;enguany que han estat realitzant des de l&#8217;inici de curs tot l&#8217;alumnat de l&#8217;escola. Avui, 14 de juny, s&#8217;ha fet la cloenda d&#8217;un cam\u00ed emocionant i intens ple d&#8217;aprenentatge i descoberta! Els alumnes de tota l&#8217;escola han visitat la fira de totes les cultures escollides de cada grup amb les tasques fetes i exposades a cada carpa del pati de l&#8217;escola.<\/p>\n<p><a href=\"https:\/\/agora.xtec.cat\/esc-joancasas\/wp-content\/uploads\/usu1722\/2019\/06\/fira-tur\u00edstica.jpg\"><img loading=\"lazy\" decoding=\"async\" class=\"aligncenter wp-image-11594\" src=\"https:\/\/agora.xtec.cat\/esc-joancasas\/wp-content\/uploads\/usu1722\/2019\/06\/fira-tur\u00edstica-1024x151.jpg\" alt=\"\" width=\"1248\" height=\"184\" srcset=\"https:\/\/agora.xtec.cat\/esc-joancasas\/wp-content\/uploads\/usu1722\/2019\/06\/fira-tur\u00edstica-1024x151.jpg 1024w, https:\/\/agora.xtec.cat\/esc-joancasas\/wp-content\/uploads\/usu1722\/2019\/06\/fira-tur\u00edstica-300x44.jpg 300w, https:\/\/agora.xtec.cat\/esc-joancasas\/wp-content\/uploads\/usu1722\/2019\/06\/fira-tur\u00edstica-768x113.jpg 768w\" sizes=\"auto, (max-width: 1248px) 100vw, 1248px\" \/><\/a><\/p>\n<p>Per grups petits d&#8217;alumnes i una targeta de recollida d&#8217;informaci\u00f3, han anat viatjant pel temps i pel planeta per extreure la informaci\u00f3 m\u00e9s rellevant de cada cultura. D&#8217;aquesta manera hem pogut apreciar un resum del proc\u00e9s d&#8217;aprenentatge que hi ha hagut durant aquests mesos i que ha culminat amb la creaci\u00f3 i construcci\u00f3 dels diversos estands en el quals es podia percebre informaci\u00f3 important, potser, qui sap si en alguns casos pot ser motivaci\u00f3 per emprendre un viatge d&#8217;estiu ple d&#8217;aventures&#8230;<\/p>\n<p>La riquesa del treball per projectes, ens d\u00f3na l&#8217;oportunitat d&#8217;aprendre amb el treball cooperatiu, potenciant la motivaci\u00f3 davant l&#8217;aprenentatge i la implicaci\u00f3 del nostre alumnat. Acabar amb un producte final com el d&#8217;avui \u00e9s un \u00e8xit que ha estat possible gr\u00e0cies a la dedicaci\u00f3 i esfor\u00e7 de tota la comunitat educativa!<\/p>\n<p>Una vegada m\u00e9s, moltes gr\u00e0cies!<\/p>\n<h2 style=\"text-align: center;\"><strong><span style=\"color: #008000;\">M\u00e9s fotos<\/span>\u00a0<span style=\"color: #ff0000;\"><a style=\"color: #ff0000;\" href=\"https:\/\/drive.google.com\/drive\/folders\/1-BAH9E4kiLAqsCqQQvrK5OMMamsjcETF?usp=sharing\">AQU\u00cd<\/a><\/span><\/strong><\/h2>\n","protected":false},"excerpt":{"rendered":"<p>La 1\u00aa Fira de Turisme &#8220;M\u00d3N-JOAN CASAS&#8221; \u00e9s el producte final del Projecte Interdisciplinar d&#8217;enguany que han estat realitzant des de l&#8217;inici de curs tot l&#8217;alumnat de l&#8217;escola. Avui, 14 de juny, s&#8217;ha fet la cloenda d&#8217;un cam\u00ed emocionant i intens ple d&#8217;aprenentatge i descoberta! Els alumnes de tota l&#8217;escola han visitat la fira de [&hellip;]<\/p>\n","protected":false},"author":37,"featured_media":11596,"comment_status":"open","ping_status":"closed","sticky":false,"template":"","format":"standard","meta":{"_bbp_topic_count":0,"_bbp_reply_count":0,"_bbp_total_topic_count":0,"_bbp_total_reply_count":0,"_bbp_voice_count":0,"_bbp_anonymous_reply_count":0,"_bbp_topic_count_hidden":0,"_bbp_reply_count_hidden":0,"_bbp_forum_subforum_count":0,"site-sidebar-layout":"default","site-content-layout":"","ast-site-content-layout":"","site-content-style":"default","site-sidebar-style":"default","ast-global-header-display":"","ast-banner-title-visibility":"","ast-main-header-display":"","ast-hfb-above-header-display":"","ast-hfb-below-header-display":"","ast-hfb-mobile-header-display":"","site-post-title":"","ast-breadcrumbs-content":"","ast-featured-img":"","footer-sml-layout":"","theme-transparent-header-meta":"","adv-header-id-meta":"","stick-header-meta":"","header-above-stick-meta":"","header-main-stick-meta":"","header-below-stick-meta":"","astra-migrate-meta-layouts":"default","ast-page-background-enabled":"default","ast-page-background-meta":{"desktop":{"background-color":"var(--ast-global-color-4)","background-image":"","background-repeat":"repeat","background-position":"center center","background-size":"auto","background-attachment":"scroll","background-type":"","background-media":"","overlay-type":"","overlay-color":"","overlay-opacity":"","overlay-gradient":""},"tablet":{"background-color":"","background-image":"","background-repeat":"repeat","background-position":"center center","background-size":"auto","background-attachment":"scroll","background-type":"","background-media":"","overlay-type":"","overlay-color":"","overlay-opacity":"","overlay-gradient":""},"mobile":{"background-color":"","background-image":"","background-repeat":"repeat","background-position":"center center","background-size":"auto","background-attachment":"scroll","background-type":"","background-media":"","overlay-type":"","overlay-color":"","overlay-opacity":"","overlay-gradient":""}},"ast-content-background-meta":{"desktop":{"background-color":"var(--ast-global-color-5)","background-image":"","background-repeat":"repeat","background-position":"center center","background-size":"auto","background-attachment":"scroll","background-type":"","background-media":"","overlay-type":"","overlay-color":"","overlay-opacity":"","overlay-gradient":""},"tablet":{"background-color":"var(--ast-global-color-5)","background-image":"","background-repeat":"repeat","background-position":"center center","background-size":"auto","background-attachment":"scroll","background-type":"","background-media":"","overlay-type":"","overlay-color":"","overlay-opacity":"","overlay-gradient":""},"mobile":{"background-color":"var(--ast-global-color-5)","background-image":"","background-repeat":"repeat","background-position":"center center","background-size":"auto","background-attachment":"scroll","background-type":"","background-media":"","overlay-type":"","overlay-color":"","overlay-opacity":"","overlay-gradient":""}},"footnotes":""},"categories":[1,4],"tags":[90,101,88,178,140,123],"class_list":["post-11593","post","type-post","status-publish","format-standard","has-post-thumbnail","hentry","category-general","category-portada","tag-festes","tag-interes-compartit","tag-portada","tag-projecte","tag-projecte-descola","tag-els-valors"],"post_mailing_queue_ids":[],"_links":{"self":[{"href":"https:\/\/agora.xtec.cat\/esc-joancasas\/wp-json\/wp\/v2\/posts\/11593","targetHints":{"allow":["GET"]}}],"collection":[{"href":"https:\/\/agora.xtec.cat\/esc-joancasas\/wp-json\/wp\/v2\/posts"}],"about":[{"href":"https:\/\/agora.xtec.cat\/esc-joancasas\/wp-json\/wp\/v2\/types\/post"}],"author":[{"embeddable":true,"href":"https:\/\/agora.xtec.cat\/esc-joancasas\/wp-json\/wp\/v2\/users\/37"}],"replies":[{"embeddable":true,"href":"https:\/\/agora.xtec.cat\/esc-joancasas\/wp-json\/wp\/v2\/comments?post=11593"}],"version-history":[{"count":2,"href":"https:\/\/agora.xtec.cat\/esc-joancasas\/wp-json\/wp\/v2\/posts\/11593\/revisions"}],"predecessor-version":[{"id":11597,"href":"https:\/\/agora.xtec.cat\/esc-joancasas\/wp-json\/wp\/v2\/posts\/11593\/revisions\/11597"}],"wp:featuredmedia":[{"embeddable":true,"href":"https:\/\/agora.xtec.cat\/esc-joancasas\/wp-json\/wp\/v2\/media\/11596"}],"wp:attachment":[{"href":"https:\/\/agora.xtec.cat\/esc-joancasas\/wp-json\/wp\/v2\/media?parent=11593"}],"wp:term":[{"taxonomy":"category","embeddable":true,"href":"https:\/\/agora.xtec.cat\/esc-joancasas\/wp-json\/wp\/v2\/categories?post=11593"},{"taxonomy":"post_tag","embeddable":true,"href":"https:\/\/agora.xtec.cat\/esc-joancasas\/wp-json\/wp\/v2\/tags?post=11593"}],"curies":[{"name":"wp","href":"https:\/\/api.w.org\/{rel}","templated":true}]}}