{"id":11579,"date":"2019-06-11T12:36:48","date_gmt":"2019-06-11T10:36:48","guid":{"rendered":"http:\/\/agora.xtec.cat\/esc-joancasas\/?p=11579"},"modified":"2019-06-11T12:37:41","modified_gmt":"2019-06-11T10:37:41","slug":"projecte-oficis-a-ei2b-la-familia-de-la-elna","status":"publish","type":"post","link":"https:\/\/agora.xtec.cat\/esc-joancasas\/primaria\/projecte-oficis-a-ei2b-la-familia-de-la-elna\/","title":{"rendered":"Projecte Oficis a EI2B: La fam\u00edlia de la Elna"},"content":{"rendered":"<p>El curs s&#8217;acaba&#8230;I el Projecte dels Oficis tamb\u00e9&#8230;Divendres vam rebre la \u00faltima visita de les fam\u00edlies per explicar-no el seu ofici, a la fam\u00edlia de l&#8217;Elna al complet!! Va comen\u00e7ar el papa explicant-nos\u00a0 el seu ofici amb l&#8217;ajuda del Marc, el germ\u00e0 de la Elna. I despr\u00e9s la M\u00f2nica, ens va explicar el seu&#8230;Treballa en una resid\u00e8ncia d&#8217;avis i vam poder veure fotos del que fan i s&#8217;assembla molt al que fem nosaltres a l&#8217;escola!!! Ens van deixar un missatge i un regalet que ens va encantar: la lletra del nostre nom feta per ells!!!! Quina feinada haur\u00e0n tingut!!!! Ara ens tocar\u00e0 a nosaltres fer un dibuixet perqu\u00e8 la M\u00f2nica els hi porti, en tenim moltes ganes!!! Molt\u00edssimes gr\u00e0cies fam\u00edlia!!! I als avis i \u00e0vies de la Resid\u00e8ncia Can Boada a Matar\u00f3 tamb\u00e9 molt\u00edssimes gr\u00e0cies!! Tant de bo estigu\u00e8ssim m\u00e9s a prop i us pogu\u00e8ssim fer una visita..<\/p>\n<p style=\"text-align: center;\"><a href=\"https:\/\/photos.app.goo.gl\/1LoHJFyoGtuwT7Aa8\">Aqu\u00ed podeu veure les fotos!<\/a><\/p>\n<p><strong>\u00a0 \u00a0 Vull agra\u00efr a totes les fam\u00edlies que heu pogut col.laborar en aquesta activitat la vostra participaci\u00f3. Estic segura que \u00e9s una gran experi\u00e8ncia tant per les fam\u00edlies com per als infants! Una gran abra\u00e7ada!!<\/strong><\/p>\n","protected":false},"excerpt":{"rendered":"<p>El curs s&#8217;acaba&#8230;I el Projecte dels Oficis tamb\u00e9&#8230;Divendres vam rebre la \u00faltima visita de les fam\u00edlies per explicar-no el seu ofici, a la fam\u00edlia de l&#8217;Elna al complet!! Va comen\u00e7ar el papa explicant-nos\u00a0 el seu ofici amb l&#8217;ajuda del Marc, el germ\u00e0 de la Elna. I despr\u00e9s la M\u00f2nica, ens va explicar el seu&#8230;Treballa en [&hellip;]<\/p>\n","protected":false},"author":2,"featured_media":11580,"comment_status":"open","ping_status":"closed","sticky":false,"template":"","format":"standard","meta":{"_bbp_topic_count":0,"_bbp_reply_count":0,"_bbp_total_topic_count":0,"_bbp_total_reply_count":0,"_bbp_voice_count":0,"_bbp_anonymous_reply_count":0,"_bbp_topic_count_hidden":0,"_bbp_reply_count_hidden":0,"_bbp_forum_subforum_count":0,"site-sidebar-layout":"default","site-content-layout":"","ast-site-content-layout":"","site-content-style":"default","site-sidebar-style":"default","ast-global-header-display":"","ast-banner-title-visibility":"","ast-main-header-display":"","ast-hfb-above-header-display":"","ast-hfb-below-header-display":"","ast-hfb-mobile-header-display":"","site-post-title":"","ast-breadcrumbs-content":"","ast-featured-img":"","footer-sml-layout":"","theme-transparent-header-meta":"","adv-header-id-meta":"","stick-header-meta":"","header-above-stick-meta":"","header-main-stick-meta":"","header-below-stick-meta":"","astra-migrate-meta-layouts":"default","ast-page-background-enabled":"default","ast-page-background-meta":{"desktop":{"background-color":"var(--ast-global-color-4)","background-image":"","background-repeat":"repeat","background-position":"center center","background-size":"auto","background-attachment":"scroll","background-type":"","background-media":"","overlay-type":"","overlay-color":"","overlay-opacity":"","overlay-gradient":""},"tablet":{"background-color":"","background-image":"","background-repeat":"repeat","background-position":"center center","background-size":"auto","background-attachment":"scroll","background-type":"","background-media":"","overlay-type":"","overlay-color":"","overlay-opacity":"","overlay-gradient":""},"mobile":{"background-color":"","background-image":"","background-repeat":"repeat","background-position":"center center","background-size":"auto","background-attachment":"scroll","background-type":"","background-media":"","overlay-type":"","overlay-color":"","overlay-opacity":"","overlay-gradient":""}},"ast-content-background-meta":{"desktop":{"background-color":"var(--ast-global-color-5)","background-image":"","background-repeat":"repeat","background-position":"center center","background-size":"auto","background-attachment":"scroll","background-type":"","background-media":"","overlay-type":"","overlay-color":"","overlay-opacity":"","overlay-gradient":""},"tablet":{"background-color":"var(--ast-global-color-5)","background-image":"","background-repeat":"repeat","background-position":"center center","background-size":"auto","background-attachment":"scroll","background-type":"","background-media":"","overlay-type":"","overlay-color":"","overlay-opacity":"","overlay-gradient":""},"mobile":{"background-color":"var(--ast-global-color-5)","background-image":"","background-repeat":"repeat","background-position":"center center","background-size":"auto","background-attachment":"scroll","background-type":"","background-media":"","overlay-type":"","overlay-color":"","overlay-opacity":"","overlay-gradient":""}},"footnotes":""},"categories":[5],"tags":[98,178],"class_list":["post-11579","post","type-post","status-publish","format-standard","has-post-thumbnail","hentry","category-primaria","tag-ei1-ei2-ei3","tag-projecte"],"post_mailing_queue_ids":[],"_links":{"self":[{"href":"https:\/\/agora.xtec.cat\/esc-joancasas\/wp-json\/wp\/v2\/posts\/11579","targetHints":{"allow":["GET"]}}],"collection":[{"href":"https:\/\/agora.xtec.cat\/esc-joancasas\/wp-json\/wp\/v2\/posts"}],"about":[{"href":"https:\/\/agora.xtec.cat\/esc-joancasas\/wp-json\/wp\/v2\/types\/post"}],"author":[{"embeddable":true,"href":"https:\/\/agora.xtec.cat\/esc-joancasas\/wp-json\/wp\/v2\/users\/2"}],"replies":[{"embeddable":true,"href":"https:\/\/agora.xtec.cat\/esc-joancasas\/wp-json\/wp\/v2\/comments?post=11579"}],"version-history":[{"count":2,"href":"https:\/\/agora.xtec.cat\/esc-joancasas\/wp-json\/wp\/v2\/posts\/11579\/revisions"}],"predecessor-version":[{"id":11587,"href":"https:\/\/agora.xtec.cat\/esc-joancasas\/wp-json\/wp\/v2\/posts\/11579\/revisions\/11587"}],"wp:featuredmedia":[{"embeddable":true,"href":"https:\/\/agora.xtec.cat\/esc-joancasas\/wp-json\/wp\/v2\/media\/11580"}],"wp:attachment":[{"href":"https:\/\/agora.xtec.cat\/esc-joancasas\/wp-json\/wp\/v2\/media?parent=11579"}],"wp:term":[{"taxonomy":"category","embeddable":true,"href":"https:\/\/agora.xtec.cat\/esc-joancasas\/wp-json\/wp\/v2\/categories?post=11579"},{"taxonomy":"post_tag","embeddable":true,"href":"https:\/\/agora.xtec.cat\/esc-joancasas\/wp-json\/wp\/v2\/tags?post=11579"}],"curies":[{"name":"wp","href":"https:\/\/api.w.org\/{rel}","templated":true}]}}