{"id":11568,"date":"2019-06-06T21:02:07","date_gmt":"2019-06-06T19:02:07","guid":{"rendered":"http:\/\/agora.xtec.cat\/esc-joancasas\/?p=11568"},"modified":"2025-06-20T18:51:04","modified_gmt":"2025-06-20T16:51:04","slug":"robotseny19","status":"publish","type":"post","link":"https:\/\/agora.xtec.cat\/esc-joancasas\/portada\/general\/robotseny19\/","title":{"rendered":"Robotseny i Fira cient\u00edfica&#8217;25"},"content":{"rendered":"<p><strong>Primera convocat\u00f2ria de l&#8217;escola al Robotseny i la Fira Cient\u00edfica 2025 de Sant Celoni.<\/strong><\/p>\n<p>Hi ha molts projectes que es duen a terme a les escoles i aquest \u00e9s un d&#8217;aquells projectes que fa col\u00b7lectiu, uneix a moltes comunitats educatives i en definitiva ens ajuda a compartir experi\u00e8ncies dins dos mons la rob\u00f2tica i el m\u00f3n cient\u00edfic.<\/p>\n<p>Compartim amb vosaltres que ha estat una convocat\u00f2ria molt interessant, veure i valorar en qu\u00e8 podem millorar ens ajuda a cr\u00e9ixer els uns dels altres i aix\u00f2 \u00e9s un luxe.<\/p>\n<p>No ens han llu\u00eft gaire les proves de rob\u00f2tica per\u00f2 el jurat de la Fira Cient\u00edfica ha valorat molt positivament els quatre \u00edtems en que es basava l&#8217;avaluaci\u00f3 del projecte dedicat a l&#8217;estudi de la recollida d&#8217;aig\u00fces pluvials.<\/p>\n<ul>\n<li>certificaci\u00f3 a la comuncaci\u00f3 i m\u00e0rqueting<\/li>\n<li>certificaci\u00f3 a l&#8217;experimentaci\u00f3<\/li>\n<li>certificaci\u00f3 a l&#8217;analisi cient\u00edfica<\/li>\n<li>certificaci\u00f3 a l&#8217;impacte social.<\/li>\n<\/ul>\n<p><a href=\"https:\/\/agora.xtec.cat\/esc-joancasas\/wp-content\/uploads\/usu1722\/2019\/06\/a79fd1ac-299a-4643-9c4c-26ed394b66ab.jpg\"><img loading=\"lazy\" decoding=\"async\" class=\"aligncenter size-large wp-image-15012\" src=\"https:\/\/agora.xtec.cat\/esc-joancasas\/wp-content\/uploads\/usu1722\/2019\/06\/a79fd1ac-299a-4643-9c4c-26ed394b66ab-1024x643.jpg\" alt=\"\" width=\"1024\" height=\"643\" srcset=\"https:\/\/agora.xtec.cat\/esc-joancasas\/wp-content\/uploads\/usu1722\/2019\/06\/a79fd1ac-299a-4643-9c4c-26ed394b66ab-1024x643.jpg 1024w, https:\/\/agora.xtec.cat\/esc-joancasas\/wp-content\/uploads\/usu1722\/2019\/06\/a79fd1ac-299a-4643-9c4c-26ed394b66ab-300x188.jpg 300w, https:\/\/agora.xtec.cat\/esc-joancasas\/wp-content\/uploads\/usu1722\/2019\/06\/a79fd1ac-299a-4643-9c4c-26ed394b66ab-768x482.jpg 768w, https:\/\/agora.xtec.cat\/esc-joancasas\/wp-content\/uploads\/usu1722\/2019\/06\/a79fd1ac-299a-4643-9c4c-26ed394b66ab-1536x964.jpg 1536w, https:\/\/agora.xtec.cat\/esc-joancasas\/wp-content\/uploads\/usu1722\/2019\/06\/a79fd1ac-299a-4643-9c4c-26ed394b66ab.jpg 1600w\" sizes=\"auto, (max-width: 1024px) 100vw, 1024px\" \/><\/a><\/p>\n<p>&nbsp;<\/p>\n<p>Aprofitem per donar les gr\u00e0cies a molta gent que ha posat el seu granet de sorra i que ha fet possible que haguem pogut participar. M<span style=\"font-family: inherit; font-size: 1em;\">ireu quina llista tant llarga que tenim per agrair:<\/span><\/p>\n<ul>\n<li>Serveis Educatiu Vall\u00e8s Oriental- Sant Celoni organitzaci\u00f3 i participaci\u00f3 del la jornada. Ens van deixar fustes i tapete de joc.<\/li>\n<li>Ajuntament de Sant Antoni per la coordinaci\u00f3 i gesti\u00f3 de tasques;\u00a0 gr\u00e0cies tamb\u00e9 a la brigada SAV. Ens van portar el calaix a Sant Celoni i el van recollir.<\/li>\n<li>Ins Vilamajor: ens han cedit el calaix per practicar durant tot un trimestre.<\/li>\n<li>Coordinaci\u00f3 docent: Mestres voluntaris que van seguir i donar suport als participants en la jornada.<\/li>\n<li>Alumant de sis\u00e8: ha practicat les proves de rob\u00f2tica i s&#8217;ha integrat de ple en el projecte d&#8217;estudi cient\u00edfic (aig\u00fces pluvials).<\/li>\n<li>Alumnat participant en la convocat\u00f2ria de dissabte 24 de maig a Sant Celoni- Rectoria vella. Fam\u00edlies acompanyants que ho van fer possible.<\/li>\n<\/ul>\n<p>A tothom, FELICITATS per formar part d&#8217;aquesta colla i MOLTES GR\u00c0CIES.<\/p>\n","protected":false},"excerpt":{"rendered":"<p>Primera convocat\u00f2ria de l&#8217;escola al Robotseny i la Fira Cient\u00edfica 2025 de Sant Celoni. Hi ha molts projectes que es duen a terme a les escoles i aquest \u00e9s un d&#8217;aquells projectes que fa col\u00b7lectiu, uneix a moltes comunitats educatives i en definitiva ens ajuda a compartir experi\u00e8ncies dins dos mons la rob\u00f2tica i el [&hellip;]<\/p>\n","protected":false},"author":1,"featured_media":15013,"comment_status":"open","ping_status":"closed","sticky":false,"template":"","format":"standard","meta":{"_bbp_topic_count":0,"_bbp_reply_count":0,"_bbp_total_topic_count":0,"_bbp_total_reply_count":0,"_bbp_voice_count":0,"_bbp_anonymous_reply_count":0,"_bbp_topic_count_hidden":0,"_bbp_reply_count_hidden":0,"_bbp_forum_subforum_count":0,"site-sidebar-layout":"default","site-content-layout":"","ast-site-content-layout":"","site-content-style":"default","site-sidebar-style":"default","ast-global-header-display":"","ast-banner-title-visibility":"","ast-main-header-display":"","ast-hfb-above-header-display":"","ast-hfb-below-header-display":"","ast-hfb-mobile-header-display":"","site-post-title":"","ast-breadcrumbs-content":"","ast-featured-img":"","footer-sml-layout":"","theme-transparent-header-meta":"","adv-header-id-meta":"","stick-header-meta":"","header-above-stick-meta":"","header-main-stick-meta":"","header-below-stick-meta":"","astra-migrate-meta-layouts":"default","ast-page-background-enabled":"default","ast-page-background-meta":{"desktop":{"background-color":"var(--ast-global-color-4)","background-image":"","background-repeat":"repeat","background-position":"center center","background-size":"auto","background-attachment":"scroll","background-type":"","background-media":"","overlay-type":"","overlay-color":"","overlay-opacity":"","overlay-gradient":""},"tablet":{"background-color":"","background-image":"","background-repeat":"repeat","background-position":"center center","background-size":"auto","background-attachment":"scroll","background-type":"","background-media":"","overlay-type":"","overlay-color":"","overlay-opacity":"","overlay-gradient":""},"mobile":{"background-color":"","background-image":"","background-repeat":"repeat","background-position":"center center","background-size":"auto","background-attachment":"scroll","background-type":"","background-media":"","overlay-type":"","overlay-color":"","overlay-opacity":"","overlay-gradient":""}},"ast-content-background-meta":{"desktop":{"background-color":"var(--ast-global-color-5)","background-image":"","background-repeat":"repeat","background-position":"center center","background-size":"auto","background-attachment":"scroll","background-type":"","background-media":"","overlay-type":"","overlay-color":"","overlay-opacity":"","overlay-gradient":""},"tablet":{"background-color":"var(--ast-global-color-5)","background-image":"","background-repeat":"repeat","background-position":"center center","background-size":"auto","background-attachment":"scroll","background-type":"","background-media":"","overlay-type":"","overlay-color":"","overlay-opacity":"","overlay-gradient":""},"mobile":{"background-color":"var(--ast-global-color-5)","background-image":"","background-repeat":"repeat","background-position":"center center","background-size":"auto","background-attachment":"scroll","background-type":"","background-media":"","overlay-type":"","overlay-color":"","overlay-opacity":"","overlay-gradient":""}},"footnotes":""},"categories":[1,4,5],"tags":[],"class_list":["post-11568","post","type-post","status-publish","format-standard","has-post-thumbnail","hentry","category-general","category-portada","category-primaria"],"post_mailing_queue_ids":[],"_links":{"self":[{"href":"https:\/\/agora.xtec.cat\/esc-joancasas\/wp-json\/wp\/v2\/posts\/11568","targetHints":{"allow":["GET"]}}],"collection":[{"href":"https:\/\/agora.xtec.cat\/esc-joancasas\/wp-json\/wp\/v2\/posts"}],"about":[{"href":"https:\/\/agora.xtec.cat\/esc-joancasas\/wp-json\/wp\/v2\/types\/post"}],"author":[{"embeddable":true,"href":"https:\/\/agora.xtec.cat\/esc-joancasas\/wp-json\/wp\/v2\/users\/1"}],"replies":[{"embeddable":true,"href":"https:\/\/agora.xtec.cat\/esc-joancasas\/wp-json\/wp\/v2\/comments?post=11568"}],"version-history":[{"count":4,"href":"https:\/\/agora.xtec.cat\/esc-joancasas\/wp-json\/wp\/v2\/posts\/11568\/revisions"}],"predecessor-version":[{"id":15016,"href":"https:\/\/agora.xtec.cat\/esc-joancasas\/wp-json\/wp\/v2\/posts\/11568\/revisions\/15016"}],"wp:featuredmedia":[{"embeddable":true,"href":"https:\/\/agora.xtec.cat\/esc-joancasas\/wp-json\/wp\/v2\/media\/15013"}],"wp:attachment":[{"href":"https:\/\/agora.xtec.cat\/esc-joancasas\/wp-json\/wp\/v2\/media?parent=11568"}],"wp:term":[{"taxonomy":"category","embeddable":true,"href":"https:\/\/agora.xtec.cat\/esc-joancasas\/wp-json\/wp\/v2\/categories?post=11568"},{"taxonomy":"post_tag","embeddable":true,"href":"https:\/\/agora.xtec.cat\/esc-joancasas\/wp-json\/wp\/v2\/tags?post=11568"}],"curies":[{"name":"wp","href":"https:\/\/api.w.org\/{rel}","templated":true}]}}