{"id":11491,"date":"2019-05-23T16:50:24","date_gmt":"2019-05-23T14:50:24","guid":{"rendered":"http:\/\/agora.xtec.cat\/esc-joancasas\/?p=11491"},"modified":"2019-09-29T12:50:51","modified_gmt":"2019-09-29T10:50:51","slug":"alumnes-de-sise-a-la-garbinada","status":"publish","type":"post","link":"https:\/\/agora.xtec.cat\/esc-joancasas\/portada\/general\/alumnes-de-sise-a-la-garbinada\/","title":{"rendered":"Les Col\u00f2nies d&#8217;EP6 a la Garbinada"},"content":{"rendered":"<p>Aquesta setmana, els alumnes m\u00e9s grans de l&#8217;escola es troben a Torroella de Montgr\u00ed, gaudint i convivint amb tutors i companys\/es l&#8217;experi\u00e8ncia d&#8217;unes col\u00f2nies i aix\u00ed, tancar un cicle a l&#8217;escola Joan Casas. Alguns d&#8217;ells comparteixen escola des dels seus or\u00edgens a Infantil i \u00e9s quelcom que queda al record de cadasc\u00fa i cadascuna d&#8217;elles.<\/p>\n<div class=\"uk-width-medium-1-3 uk-row-first\">\n<p class=\"uk-scrollspy-init-inview uk-scrollspy-inview uk-animation-slide-bottom\" data-uk-scrollspy=\"{cls:'uk-animation-slide-bottom', delay:300, repeat:true}\">La casa de col\u00f2nies, de Rosa dels Vents est\u00e0 a primera l\u00ednia de mar a 300 metres de la platja.En un e<span style=\"font-family: inherit; font-size: 1em;\">ntorn planer i envoltat de camps de cultiu del Baix Empord\u00e0, p<\/span><span style=\"font-family: inherit; font-size: 1em;\">rop de les Illes Medes, reserva natural protegida. Estant duent a terme un pack de 8 activitats esportives i les imatges parlen per s\u00ed soles. <\/span><\/p>\n<p class=\"uk-scrollspy-init-inview uk-scrollspy-inview uk-animation-slide-bottom\" data-uk-scrollspy=\"{cls:'uk-animation-slide-bottom', delay:300, repeat:true}\"><span style=\"font-family: inherit; font-size: 1em;\">Podeu anar fent el seguiment des d&#8217;aquest enlla\u00e7 <a href=\"https:\/\/drive.google.com\/drive\/folders\/1yD4Ia13JaFw8gDGwr9GnadzHA3wNfdnk?usp=sharing\">AQU\u00cd<\/a><\/span><\/p>\n<\/div>\n","protected":false},"excerpt":{"rendered":"<p>Aquesta setmana, els alumnes m\u00e9s grans de l&#8217;escola es troben a Torroella de Montgr\u00ed, gaudint i convivint amb tutors i companys\/es l&#8217;experi\u00e8ncia d&#8217;unes col\u00f2nies i aix\u00ed, tancar un cicle a l&#8217;escola Joan Casas. Alguns d&#8217;ells comparteixen escola des dels seus or\u00edgens a Infantil i \u00e9s quelcom que queda al record de cadasc\u00fa i cadascuna d&#8217;elles. [&hellip;]<\/p>\n","protected":false},"author":37,"featured_media":11493,"comment_status":"open","ping_status":"closed","sticky":false,"template":"","format":"standard","meta":{"_bbp_topic_count":0,"_bbp_reply_count":0,"_bbp_total_topic_count":0,"_bbp_total_reply_count":0,"_bbp_voice_count":0,"_bbp_anonymous_reply_count":0,"_bbp_topic_count_hidden":0,"_bbp_reply_count_hidden":0,"_bbp_forum_subforum_count":0,"site-sidebar-layout":"default","site-content-layout":"","ast-site-content-layout":"","site-content-style":"default","site-sidebar-style":"default","ast-global-header-display":"","ast-banner-title-visibility":"","ast-main-header-display":"","ast-hfb-above-header-display":"","ast-hfb-below-header-display":"","ast-hfb-mobile-header-display":"","site-post-title":"","ast-breadcrumbs-content":"","ast-featured-img":"","footer-sml-layout":"","theme-transparent-header-meta":"","adv-header-id-meta":"","stick-header-meta":"","header-above-stick-meta":"","header-main-stick-meta":"","header-below-stick-meta":"","astra-migrate-meta-layouts":"default","ast-page-background-enabled":"default","ast-page-background-meta":{"desktop":{"background-color":"var(--ast-global-color-4)","background-image":"","background-repeat":"repeat","background-position":"center center","background-size":"auto","background-attachment":"scroll","background-type":"","background-media":"","overlay-type":"","overlay-color":"","overlay-opacity":"","overlay-gradient":""},"tablet":{"background-color":"","background-image":"","background-repeat":"repeat","background-position":"center center","background-size":"auto","background-attachment":"scroll","background-type":"","background-media":"","overlay-type":"","overlay-color":"","overlay-opacity":"","overlay-gradient":""},"mobile":{"background-color":"","background-image":"","background-repeat":"repeat","background-position":"center center","background-size":"auto","background-attachment":"scroll","background-type":"","background-media":"","overlay-type":"","overlay-color":"","overlay-opacity":"","overlay-gradient":""}},"ast-content-background-meta":{"desktop":{"background-color":"var(--ast-global-color-5)","background-image":"","background-repeat":"repeat","background-position":"center center","background-size":"auto","background-attachment":"scroll","background-type":"","background-media":"","overlay-type":"","overlay-color":"","overlay-opacity":"","overlay-gradient":""},"tablet":{"background-color":"var(--ast-global-color-5)","background-image":"","background-repeat":"repeat","background-position":"center center","background-size":"auto","background-attachment":"scroll","background-type":"","background-media":"","overlay-type":"","overlay-color":"","overlay-opacity":"","overlay-gradient":""},"mobile":{"background-color":"var(--ast-global-color-5)","background-image":"","background-repeat":"repeat","background-position":"center center","background-size":"auto","background-attachment":"scroll","background-type":"","background-media":"","overlay-type":"","overlay-color":"","overlay-opacity":"","overlay-gradient":""}},"footnotes":""},"categories":[1],"tags":[74,68,88,123],"class_list":["post-11491","post","type-post","status-publish","format-standard","has-post-thumbnail","hentry","category-general","tag-estades-de-cohesio-de-grup","tag-ep4-ep5-ep6","tag-portada","tag-els-valors"],"post_mailing_queue_ids":[],"_links":{"self":[{"href":"https:\/\/agora.xtec.cat\/esc-joancasas\/wp-json\/wp\/v2\/posts\/11491","targetHints":{"allow":["GET"]}}],"collection":[{"href":"https:\/\/agora.xtec.cat\/esc-joancasas\/wp-json\/wp\/v2\/posts"}],"about":[{"href":"https:\/\/agora.xtec.cat\/esc-joancasas\/wp-json\/wp\/v2\/types\/post"}],"author":[{"embeddable":true,"href":"https:\/\/agora.xtec.cat\/esc-joancasas\/wp-json\/wp\/v2\/users\/37"}],"replies":[{"embeddable":true,"href":"https:\/\/agora.xtec.cat\/esc-joancasas\/wp-json\/wp\/v2\/comments?post=11491"}],"version-history":[{"count":2,"href":"https:\/\/agora.xtec.cat\/esc-joancasas\/wp-json\/wp\/v2\/posts\/11491\/revisions"}],"predecessor-version":[{"id":11495,"href":"https:\/\/agora.xtec.cat\/esc-joancasas\/wp-json\/wp\/v2\/posts\/11491\/revisions\/11495"}],"wp:featuredmedia":[{"embeddable":true,"href":"https:\/\/agora.xtec.cat\/esc-joancasas\/wp-json\/wp\/v2\/media\/11493"}],"wp:attachment":[{"href":"https:\/\/agora.xtec.cat\/esc-joancasas\/wp-json\/wp\/v2\/media?parent=11491"}],"wp:term":[{"taxonomy":"category","embeddable":true,"href":"https:\/\/agora.xtec.cat\/esc-joancasas\/wp-json\/wp\/v2\/categories?post=11491"},{"taxonomy":"post_tag","embeddable":true,"href":"https:\/\/agora.xtec.cat\/esc-joancasas\/wp-json\/wp\/v2\/tags?post=11491"}],"curies":[{"name":"wp","href":"https:\/\/api.w.org\/{rel}","templated":true}]}}