{"id":11394,"date":"2019-05-11T18:59:40","date_gmt":"2019-05-11T16:59:40","guid":{"rendered":"http:\/\/agora.xtec.cat\/esc-joancasas\/?p=11394"},"modified":"2019-05-11T18:59:40","modified_gmt":"2019-05-11T16:59:40","slug":"el-protagonista-dels-esquimals-en-didac","status":"publish","type":"post","link":"https:\/\/agora.xtec.cat\/esc-joancasas\/primaria\/el-protagonista-dels-esquimals-en-didac\/","title":{"rendered":"EL PROTAGONISTA DELS ESQUIMALS: EN D\u00cdDAC"},"content":{"rendered":"<p>&nbsp;<\/p>\n<p><a href=\"https:\/\/agora.xtec.cat\/esc-joancasas\/wp-content\/uploads\/usu1722\/2019\/05\/portada-didac.jpg\"><img loading=\"lazy\" decoding=\"async\" class=\"alignnone size-large wp-image-11395\" src=\"https:\/\/agora.xtec.cat\/esc-joancasas\/wp-content\/uploads\/usu1722\/2019\/05\/portada-didac-1024x768.jpg\" alt=\"\" width=\"1024\" height=\"768\" srcset=\"https:\/\/agora.xtec.cat\/esc-joancasas\/wp-content\/uploads\/usu1722\/2019\/05\/portada-didac-1024x768.jpg 1024w, https:\/\/agora.xtec.cat\/esc-joancasas\/wp-content\/uploads\/usu1722\/2019\/05\/portada-didac-300x225.jpg 300w, https:\/\/agora.xtec.cat\/esc-joancasas\/wp-content\/uploads\/usu1722\/2019\/05\/portada-didac-768x576.jpg 768w, https:\/\/agora.xtec.cat\/esc-joancasas\/wp-content\/uploads\/usu1722\/2019\/05\/portada-didac-200x150.jpg 200w, https:\/\/agora.xtec.cat\/esc-joancasas\/wp-content\/uploads\/usu1722\/2019\/05\/portada-didac.jpg 1632w\" sizes=\"auto, (max-width: 1024px) 100vw, 1024px\" \/><\/a>El passat divendres dia 10 de maig ens van visitar el pare, la mare i la germana d&#8217;en D\u00eddac. Al llarg de la tarda la seva fam\u00edlia ens va explicar moltes coses d&#8217;ell i en D\u00eddac ens va ensenyar les fotos que havia triat per posar a l&#8217;\u00e0lbum dels esquimals. Entre moltes coses ens van explicar que en D\u00eddac era molt gros quan va n\u00e8ixer, que li agrada molt l&#8217;aigua i\u00a0 tamb\u00e9 disfressar-se de superheroi i sotretot jugar amb la seva germana Arlet. Vam acabar la tarda ballant la dansa dels esquimals i fent dibuixos. Moltes gr\u00e0cies per la visita!<\/p>\n<p>Mireu dels <a href=\"https:\/\/photos.app.goo.gl\/b1bERETETi6yAwNV6\">fotos<\/a>!<\/p>\n","protected":false},"excerpt":{"rendered":"<p>&nbsp; El passat divendres dia 10 de maig ens van visitar el pare, la mare i la germana d&#8217;en D\u00eddac. Al llarg de la tarda la seva fam\u00edlia ens va explicar moltes coses d&#8217;ell i en D\u00eddac ens va ensenyar les fotos que havia triat per posar a l&#8217;\u00e0lbum dels esquimals. Entre moltes coses ens [&hellip;]<\/p>\n","protected":false},"author":1,"featured_media":11395,"comment_status":"open","ping_status":"closed","sticky":false,"template":"","format":"standard","meta":{"_bbp_topic_count":0,"_bbp_reply_count":0,"_bbp_total_topic_count":0,"_bbp_total_reply_count":0,"_bbp_voice_count":0,"_bbp_anonymous_reply_count":0,"_bbp_topic_count_hidden":0,"_bbp_reply_count_hidden":0,"_bbp_forum_subforum_count":0,"site-sidebar-layout":"default","site-content-layout":"","ast-site-content-layout":"","site-content-style":"default","site-sidebar-style":"default","ast-global-header-display":"","ast-banner-title-visibility":"","ast-main-header-display":"","ast-hfb-above-header-display":"","ast-hfb-below-header-display":"","ast-hfb-mobile-header-display":"","site-post-title":"","ast-breadcrumbs-content":"","ast-featured-img":"","footer-sml-layout":"","theme-transparent-header-meta":"","adv-header-id-meta":"","stick-header-meta":"","header-above-stick-meta":"","header-main-stick-meta":"","header-below-stick-meta":"","astra-migrate-meta-layouts":"default","ast-page-background-enabled":"default","ast-page-background-meta":{"desktop":{"background-color":"var(--ast-global-color-4)","background-image":"","background-repeat":"repeat","background-position":"center center","background-size":"auto","background-attachment":"scroll","background-type":"","background-media":"","overlay-type":"","overlay-color":"","overlay-opacity":"","overlay-gradient":""},"tablet":{"background-color":"","background-image":"","background-repeat":"repeat","background-position":"center center","background-size":"auto","background-attachment":"scroll","background-type":"","background-media":"","overlay-type":"","overlay-color":"","overlay-opacity":"","overlay-gradient":""},"mobile":{"background-color":"","background-image":"","background-repeat":"repeat","background-position":"center center","background-size":"auto","background-attachment":"scroll","background-type":"","background-media":"","overlay-type":"","overlay-color":"","overlay-opacity":"","overlay-gradient":""}},"ast-content-background-meta":{"desktop":{"background-color":"var(--ast-global-color-5)","background-image":"","background-repeat":"repeat","background-position":"center center","background-size":"auto","background-attachment":"scroll","background-type":"","background-media":"","overlay-type":"","overlay-color":"","overlay-opacity":"","overlay-gradient":""},"tablet":{"background-color":"var(--ast-global-color-5)","background-image":"","background-repeat":"repeat","background-position":"center center","background-size":"auto","background-attachment":"scroll","background-type":"","background-media":"","overlay-type":"","overlay-color":"","overlay-opacity":"","overlay-gradient":""},"mobile":{"background-color":"var(--ast-global-color-5)","background-image":"","background-repeat":"repeat","background-position":"center center","background-size":"auto","background-attachment":"scroll","background-type":"","background-media":"","overlay-type":"","overlay-color":"","overlay-opacity":"","overlay-gradient":""}},"footnotes":""},"categories":[5],"tags":[86,164],"class_list":["post-11394","post","type-post","status-publish","format-standard","has-post-thumbnail","hentry","category-primaria","tag-poc","tag-que-anem-fent"],"post_mailing_queue_ids":[],"_links":{"self":[{"href":"https:\/\/agora.xtec.cat\/esc-joancasas\/wp-json\/wp\/v2\/posts\/11394","targetHints":{"allow":["GET"]}}],"collection":[{"href":"https:\/\/agora.xtec.cat\/esc-joancasas\/wp-json\/wp\/v2\/posts"}],"about":[{"href":"https:\/\/agora.xtec.cat\/esc-joancasas\/wp-json\/wp\/v2\/types\/post"}],"author":[{"embeddable":true,"href":"https:\/\/agora.xtec.cat\/esc-joancasas\/wp-json\/wp\/v2\/users\/1"}],"replies":[{"embeddable":true,"href":"https:\/\/agora.xtec.cat\/esc-joancasas\/wp-json\/wp\/v2\/comments?post=11394"}],"version-history":[{"count":1,"href":"https:\/\/agora.xtec.cat\/esc-joancasas\/wp-json\/wp\/v2\/posts\/11394\/revisions"}],"predecessor-version":[{"id":11396,"href":"https:\/\/agora.xtec.cat\/esc-joancasas\/wp-json\/wp\/v2\/posts\/11394\/revisions\/11396"}],"wp:featuredmedia":[{"embeddable":true,"href":"https:\/\/agora.xtec.cat\/esc-joancasas\/wp-json\/wp\/v2\/media\/11395"}],"wp:attachment":[{"href":"https:\/\/agora.xtec.cat\/esc-joancasas\/wp-json\/wp\/v2\/media?parent=11394"}],"wp:term":[{"taxonomy":"category","embeddable":true,"href":"https:\/\/agora.xtec.cat\/esc-joancasas\/wp-json\/wp\/v2\/categories?post=11394"},{"taxonomy":"post_tag","embeddable":true,"href":"https:\/\/agora.xtec.cat\/esc-joancasas\/wp-json\/wp\/v2\/tags?post=11394"}],"curies":[{"name":"wp","href":"https:\/\/api.w.org\/{rel}","templated":true}]}}