{"id":11255,"date":"2019-04-22T10:18:00","date_gmt":"2019-04-22T08:18:00","guid":{"rendered":"http:\/\/agora.xtec.cat\/esc-joancasas\/?p=11255"},"modified":"2019-04-22T10:18:00","modified_gmt":"2019-04-22T08:18:00","slug":"anem-amb-bicicleta","status":"publish","type":"post","link":"https:\/\/agora.xtec.cat\/esc-joancasas\/portada\/general\/anem-amb-bicicleta\/","title":{"rendered":"ANEM AMB BICICLETA"},"content":{"rendered":"<p>El dia de la bicicletada per l\u2019alumnat de 5\u00e8 i 6\u00e8 ha arribat. Els de 5\u00e8 anirem pel cam\u00ed Ral, com ja us hem indicat, ja hem fet un bon treball de preparaci\u00f3 a la classe i estem amb ganes de gaudir i passar un bon mat\u00ed plegats. Fa dies que les tutores ens recorden que hem de \u201cpassar la ITV\u201d a les bicicletes, rodes inflades i comprovant que no estiguin punxades, cadena engreixada i que funcionin els canvis de marxes, &#8230;<\/p>\n<p>A les 9 ens hem trobat tots al pati de sorra, ens hem posat els cascs, alguns fins i tot, port\u00e0vem armilla reflectant i hem engegat cam\u00ed. Hem vist l\u2019alzina grossa i ens hi hem aturat a comprovar que el seu di\u00e0metre fos el qu\u00e8 hav\u00edem trobat per escrit, tot seguit hem arribat al final del cam\u00ed Ral, hem fet mitja volta i hem anat a creuar el rierol, quina aventura, tothom ha passat sense caure, per\u00f2 tot i aix\u00ed, ens hem quedat molls amb els esquitxos. Hem seguit bosc amunt i hem arribat a una esplanada, on hem esmorzat, alguns hem descansat per recuperar forces, altres han buscat esp\u00e0rrecs i uns altres han fet curses amb les bicicletes per un petit pendent que hi havia. Despr\u00e9s, hem fet el cam\u00ed de baixada per tornar a l\u2019escola, ena ha encantat ja que en aquesta baixada hi havia corbes i ens feien anar r\u00e0pid. Hem tornat a creuar el rierol i ja hem arribat de nou al pati de sorra.<\/p>\n<p>Com hav\u00edem planejat, ha estat un mat\u00ed per no oblidar, i les agulletes de l\u2019endem\u00e0, ajudaran a que el recordem. Gr\u00e0cies a tots per un dia tan gratificant, sobretot al Xavi, pare del Pol N., que s\u2019ha fet un fart de canviar les marxes a les bicicletes, ajudar a pujar i baixar pendents i animar a tot l\u2019alumnat a que si volien, eren capa\u00e7os de fer-ho sols.<\/p>\n<p>Fins la propera!<\/p>\n<p>Si cliqueu <a href=\"https:\/\/photos.app.goo.gl\/zdtNWyG2BuQnUCLU9\">aqu\u00ed<\/a>, ens acompanyareu en aquest mat\u00ed sobre rodes.<\/p>\n","protected":false},"excerpt":{"rendered":"<p>Els alumnes de 5\u00e8 passem un mat\u00ed rodat, gaudint de l&#8217;entorn i en bona companyia.<\/p>\n","protected":false},"author":2,"featured_media":11256,"comment_status":"open","ping_status":"closed","sticky":false,"template":"","format":"standard","meta":{"_bbp_topic_count":0,"_bbp_reply_count":0,"_bbp_total_topic_count":0,"_bbp_total_reply_count":0,"_bbp_voice_count":0,"_bbp_anonymous_reply_count":0,"_bbp_topic_count_hidden":0,"_bbp_reply_count_hidden":0,"_bbp_forum_subforum_count":0,"site-sidebar-layout":"default","site-content-layout":"","ast-site-content-layout":"","site-content-style":"default","site-sidebar-style":"default","ast-global-header-display":"","ast-banner-title-visibility":"","ast-main-header-display":"","ast-hfb-above-header-display":"","ast-hfb-below-header-display":"","ast-hfb-mobile-header-display":"","site-post-title":"","ast-breadcrumbs-content":"","ast-featured-img":"","footer-sml-layout":"","theme-transparent-header-meta":"","adv-header-id-meta":"","stick-header-meta":"","header-above-stick-meta":"","header-main-stick-meta":"","header-below-stick-meta":"","astra-migrate-meta-layouts":"default","ast-page-background-enabled":"default","ast-page-background-meta":{"desktop":{"background-color":"var(--ast-global-color-4)","background-image":"","background-repeat":"repeat","background-position":"center center","background-size":"auto","background-attachment":"scroll","background-type":"","background-media":"","overlay-type":"","overlay-color":"","overlay-opacity":"","overlay-gradient":""},"tablet":{"background-color":"","background-image":"","background-repeat":"repeat","background-position":"center center","background-size":"auto","background-attachment":"scroll","background-type":"","background-media":"","overlay-type":"","overlay-color":"","overlay-opacity":"","overlay-gradient":""},"mobile":{"background-color":"","background-image":"","background-repeat":"repeat","background-position":"center center","background-size":"auto","background-attachment":"scroll","background-type":"","background-media":"","overlay-type":"","overlay-color":"","overlay-opacity":"","overlay-gradient":""}},"ast-content-background-meta":{"desktop":{"background-color":"var(--ast-global-color-5)","background-image":"","background-repeat":"repeat","background-position":"center center","background-size":"auto","background-attachment":"scroll","background-type":"","background-media":"","overlay-type":"","overlay-color":"","overlay-opacity":"","overlay-gradient":""},"tablet":{"background-color":"var(--ast-global-color-5)","background-image":"","background-repeat":"repeat","background-position":"center center","background-size":"auto","background-attachment":"scroll","background-type":"","background-media":"","overlay-type":"","overlay-color":"","overlay-opacity":"","overlay-gradient":""},"mobile":{"background-color":"var(--ast-global-color-5)","background-image":"","background-repeat":"repeat","background-position":"center center","background-size":"auto","background-attachment":"scroll","background-type":"","background-media":"","overlay-type":"","overlay-color":"","overlay-opacity":"","overlay-gradient":""}},"footnotes":""},"categories":[1],"tags":[68,193,75,143,16],"class_list":["post-11255","post","type-post","status-publish","format-standard","has-post-thumbnail","hentry","category-general","tag-ep4-ep5-ep6","tag-5e","tag-fem-poble","tag-lentorn","tag-sortides"],"post_mailing_queue_ids":[],"_links":{"self":[{"href":"https:\/\/agora.xtec.cat\/esc-joancasas\/wp-json\/wp\/v2\/posts\/11255","targetHints":{"allow":["GET"]}}],"collection":[{"href":"https:\/\/agora.xtec.cat\/esc-joancasas\/wp-json\/wp\/v2\/posts"}],"about":[{"href":"https:\/\/agora.xtec.cat\/esc-joancasas\/wp-json\/wp\/v2\/types\/post"}],"author":[{"embeddable":true,"href":"https:\/\/agora.xtec.cat\/esc-joancasas\/wp-json\/wp\/v2\/users\/2"}],"replies":[{"embeddable":true,"href":"https:\/\/agora.xtec.cat\/esc-joancasas\/wp-json\/wp\/v2\/comments?post=11255"}],"version-history":[{"count":1,"href":"https:\/\/agora.xtec.cat\/esc-joancasas\/wp-json\/wp\/v2\/posts\/11255\/revisions"}],"predecessor-version":[{"id":11257,"href":"https:\/\/agora.xtec.cat\/esc-joancasas\/wp-json\/wp\/v2\/posts\/11255\/revisions\/11257"}],"wp:featuredmedia":[{"embeddable":true,"href":"https:\/\/agora.xtec.cat\/esc-joancasas\/wp-json\/wp\/v2\/media\/11256"}],"wp:attachment":[{"href":"https:\/\/agora.xtec.cat\/esc-joancasas\/wp-json\/wp\/v2\/media?parent=11255"}],"wp:term":[{"taxonomy":"category","embeddable":true,"href":"https:\/\/agora.xtec.cat\/esc-joancasas\/wp-json\/wp\/v2\/categories?post=11255"},{"taxonomy":"post_tag","embeddable":true,"href":"https:\/\/agora.xtec.cat\/esc-joancasas\/wp-json\/wp\/v2\/tags?post=11255"}],"curies":[{"name":"wp","href":"https:\/\/api.w.org\/{rel}","templated":true}]}}