{"id":11155,"date":"2019-04-03T11:42:54","date_gmt":"2019-04-03T09:42:54","guid":{"rendered":"http:\/\/agora.xtec.cat\/esc-joancasas\/?p=11155"},"modified":"2019-04-03T11:42:54","modified_gmt":"2019-04-03T09:42:54","slug":"el-nostre-poble","status":"publish","type":"post","link":"https:\/\/agora.xtec.cat\/esc-joancasas\/portada\/el-nostre-poble\/","title":{"rendered":"EL NOSTRE POBLE"},"content":{"rendered":"<p style=\"text-align: justify;\">Aquest projecte ha estat molt treballat pels nens i nenes de tercer. Al principi el treball cooperatiu exigeix una din\u00e0mica complexa, que cal anar entrenant, per\u00f2 de mica en mica van adquirint consci\u00e8ncia d\u2019equip, se senten molt m\u00e9s protagonistes del seu propi proc\u00e9s d\u2019aprenentatge, i els resultats s\u00f3n positius. El clima a l\u2019aula es va tornant molt m\u00e9s dist\u00e8s i les relacions entre els membres de l\u2019equip milloren, tant entre companys com entre alumnes i professors. Les estrat\u00e8gies cooperatives afavoreixen l\u2019aprenentatge de tots els alumnes i l\u2019acceptaci\u00f3 i respecte envers tots els companys. Els alumnes, en general, rendeixen m\u00e9s perqu\u00e8 all\u00f2 que aprenen els \u00e9s funcional, perqu\u00e8 t\u00e9 un sentit per ells.<\/p>\n<p style=\"text-align: justify;\">Ara ja toca endre\u00e7ar tot all\u00f2 que han anat cercant i tancar el projecte amb les exposicions orals que de ben segur sortiran de faula.<\/p>\n<p style=\"text-align: justify;\"><a href=\"https:\/\/photos.app.goo.gl\/ahCSh1XM3kf3cM1o9\"><span style=\"color: #00ff00;\"><b><u>Mireu i gaudiu d\u2019aquest petit v\u00eddeo.<\/u><\/b><\/span><\/a><\/p>\n","protected":false},"excerpt":{"rendered":"<p>Aquest projecte ha estat molt treballat pels nens i nenes de tercer. Al principi el treball cooperatiu exigeix una din\u00e0mica complexa, que cal anar entrenant, per\u00f2 de mica en mica van adquirint consci\u00e8ncia d\u2019equip, se senten molt m\u00e9s protagonistes del seu propi proc\u00e9s d\u2019aprenentatge, i els resultats s\u00f3n positius. El clima a l\u2019aula es va [&hellip;]<\/p>\n","protected":false},"author":49,"featured_media":11160,"comment_status":"open","ping_status":"closed","sticky":false,"template":"","format":"standard","meta":{"_bbp_topic_count":0,"_bbp_reply_count":0,"_bbp_total_topic_count":0,"_bbp_total_reply_count":0,"_bbp_voice_count":0,"_bbp_anonymous_reply_count":0,"_bbp_topic_count_hidden":0,"_bbp_reply_count_hidden":0,"_bbp_forum_subforum_count":0,"site-sidebar-layout":"default","site-content-layout":"","ast-site-content-layout":"","site-content-style":"default","site-sidebar-style":"default","ast-global-header-display":"","ast-banner-title-visibility":"","ast-main-header-display":"","ast-hfb-above-header-display":"","ast-hfb-below-header-display":"","ast-hfb-mobile-header-display":"","site-post-title":"","ast-breadcrumbs-content":"","ast-featured-img":"","footer-sml-layout":"","theme-transparent-header-meta":"","adv-header-id-meta":"","stick-header-meta":"","header-above-stick-meta":"","header-main-stick-meta":"","header-below-stick-meta":"","astra-migrate-meta-layouts":"default","ast-page-background-enabled":"default","ast-page-background-meta":{"desktop":{"background-color":"var(--ast-global-color-4)","background-image":"","background-repeat":"repeat","background-position":"center center","background-size":"auto","background-attachment":"scroll","background-type":"","background-media":"","overlay-type":"","overlay-color":"","overlay-opacity":"","overlay-gradient":""},"tablet":{"background-color":"","background-image":"","background-repeat":"repeat","background-position":"center center","background-size":"auto","background-attachment":"scroll","background-type":"","background-media":"","overlay-type":"","overlay-color":"","overlay-opacity":"","overlay-gradient":""},"mobile":{"background-color":"","background-image":"","background-repeat":"repeat","background-position":"center center","background-size":"auto","background-attachment":"scroll","background-type":"","background-media":"","overlay-type":"","overlay-color":"","overlay-opacity":"","overlay-gradient":""}},"ast-content-background-meta":{"desktop":{"background-color":"var(--ast-global-color-5)","background-image":"","background-repeat":"repeat","background-position":"center center","background-size":"auto","background-attachment":"scroll","background-type":"","background-media":"","overlay-type":"","overlay-color":"","overlay-opacity":"","overlay-gradient":""},"tablet":{"background-color":"var(--ast-global-color-5)","background-image":"","background-repeat":"repeat","background-position":"center center","background-size":"auto","background-attachment":"scroll","background-type":"","background-media":"","overlay-type":"","overlay-color":"","overlay-opacity":"","overlay-gradient":""},"mobile":{"background-color":"var(--ast-global-color-5)","background-image":"","background-repeat":"repeat","background-position":"center center","background-size":"auto","background-attachment":"scroll","background-type":"","background-media":"","overlay-type":"","overlay-color":"","overlay-opacity":"","overlay-gradient":""}},"footnotes":""},"categories":[4],"tags":[143,206],"class_list":["post-11155","post","type-post","status-publish","format-standard","has-post-thumbnail","hentry","category-portada","tag-lentorn","tag-sortida-entorn"],"post_mailing_queue_ids":[],"_links":{"self":[{"href":"https:\/\/agora.xtec.cat\/esc-joancasas\/wp-json\/wp\/v2\/posts\/11155","targetHints":{"allow":["GET"]}}],"collection":[{"href":"https:\/\/agora.xtec.cat\/esc-joancasas\/wp-json\/wp\/v2\/posts"}],"about":[{"href":"https:\/\/agora.xtec.cat\/esc-joancasas\/wp-json\/wp\/v2\/types\/post"}],"author":[{"embeddable":true,"href":"https:\/\/agora.xtec.cat\/esc-joancasas\/wp-json\/wp\/v2\/users\/49"}],"replies":[{"embeddable":true,"href":"https:\/\/agora.xtec.cat\/esc-joancasas\/wp-json\/wp\/v2\/comments?post=11155"}],"version-history":[{"count":3,"href":"https:\/\/agora.xtec.cat\/esc-joancasas\/wp-json\/wp\/v2\/posts\/11155\/revisions"}],"predecessor-version":[{"id":11161,"href":"https:\/\/agora.xtec.cat\/esc-joancasas\/wp-json\/wp\/v2\/posts\/11155\/revisions\/11161"}],"wp:featuredmedia":[{"embeddable":true,"href":"https:\/\/agora.xtec.cat\/esc-joancasas\/wp-json\/wp\/v2\/media\/11160"}],"wp:attachment":[{"href":"https:\/\/agora.xtec.cat\/esc-joancasas\/wp-json\/wp\/v2\/media?parent=11155"}],"wp:term":[{"taxonomy":"category","embeddable":true,"href":"https:\/\/agora.xtec.cat\/esc-joancasas\/wp-json\/wp\/v2\/categories?post=11155"},{"taxonomy":"post_tag","embeddable":true,"href":"https:\/\/agora.xtec.cat\/esc-joancasas\/wp-json\/wp\/v2\/tags?post=11155"}],"curies":[{"name":"wp","href":"https:\/\/api.w.org\/{rel}","templated":true}]}}