{"id":11004,"date":"2019-03-17T12:51:55","date_gmt":"2019-03-17T11:51:55","guid":{"rendered":"http:\/\/agora.xtec.cat\/esc-joancasas\/?p=11004"},"modified":"2019-10-29T10:30:42","modified_gmt":"2019-10-29T09:30:42","slug":"cuina-japonesa","status":"publish","type":"post","link":"https:\/\/agora.xtec.cat\/esc-joancasas\/portada\/general\/cuina-japonesa\/","title":{"rendered":"CUINA JAPONESA"},"content":{"rendered":"<p>Els alumnes de 5\u00e8 B, dins el projecte &#8220;LA CULTURA JAPONESA&#8221;, vam realitzar un taller de cuina.<\/p>\n<p>El plat proposat va ser &#8220;MAKIS AL NOSTRE GUST&#8221;.<\/p>\n<p>Per tal d&#8217;aconseguir uns makis perfectes, vam dedicar tot un dilluns a con\u00e8ixer trucs i receptes de la cuina japonesa. En primer lloc vam poder elaborar entre tots, l&#8217;arr\u00f2s, i vam observar que amb menys temps i gastant menys aigua, tenen l&#8217;arr\u00f2s cuit. Tamb\u00e9 vam veure que, com que necessiten que l&#8217;arr\u00f2s sigui enganx\u00f3s per poder elaborar els rotlles que acabaran donant els makis, una vegada tenen l&#8217;arr\u00f2s cuit, li afegeixen una salsa que no ens va agradar gaire.<\/p>\n<p>Tot seguit i esperant que l&#8217;arr\u00f2s es refred\u00e9s, vam con\u00e8ixer els passos a seguir per elaborar els makis. Va ser el moment en qu\u00e8 vam saber quins ingredients ens havia portat l&#8217;Esther, i ja se&#8217;ns feia la boca aigua, nom\u00e9s imaginar-nos el nostre.<\/p>\n<p>Finalment, a la tarda, ja ens vam posar mans a la obra, amb els davantals posats, el drap de cuina apunt, i el mocador al cop com a bons professionals de cuina, vam seguir les instruccions que hav\u00edem treballat pel mat\u00ed i vam comen\u00e7ar l&#8217;elaboraci\u00f3. Val a dir que estem fets uns aut\u00e8ntics artistes!<\/p>\n<p>Semblava que hagu\u00e9ssim fet rotlles tota la vida, quins makis m\u00e9s bonics, vam preparar la salsa de soja i per si alg\u00fa volia el wasabi, i amb els palets japonesos, alguns van tastar la seva creaci\u00f3. Per postres, l&#8217;Esther ens va portar un dorayaki, el qu\u00e8 passa, que era de xocolata i estem a l&#8217;espera de provar els originals de mongeta vermella, arribaran&#8230;<\/p>\n<p>Us animem a seguir les receptes que els vostres fills i filles portaran, i que gaudiu amb ells elaborant i menjant aquest plat.<\/p>\n<p>Podeu veure que b\u00e9 s&#8217;ho van passar, clicant <a href=\"https:\/\/photos.app.goo.gl\/8rYDKSuSgsfmnFsUA\">aqu\u00ed<\/a>.<\/p>\n<p>BON PROFIT!!!<\/p>\n","protected":false},"excerpt":{"rendered":"<p>Els i les alumnes de 5\u00e8B fem cuina japonesa.<\/p>\n","protected":false},"author":2,"featured_media":11005,"comment_status":"open","ping_status":"closed","sticky":false,"template":"","format":"standard","meta":{"_bbp_topic_count":0,"_bbp_reply_count":0,"_bbp_total_topic_count":0,"_bbp_total_reply_count":0,"_bbp_voice_count":0,"_bbp_anonymous_reply_count":0,"_bbp_topic_count_hidden":0,"_bbp_reply_count_hidden":0,"_bbp_forum_subforum_count":0,"site-sidebar-layout":"default","site-content-layout":"","ast-site-content-layout":"","site-content-style":"default","site-sidebar-style":"default","ast-global-header-display":"","ast-banner-title-visibility":"","ast-main-header-display":"","ast-hfb-above-header-display":"","ast-hfb-below-header-display":"","ast-hfb-mobile-header-display":"","site-post-title":"","ast-breadcrumbs-content":"","ast-featured-img":"","footer-sml-layout":"","theme-transparent-header-meta":"","adv-header-id-meta":"","stick-header-meta":"","header-above-stick-meta":"","header-main-stick-meta":"","header-below-stick-meta":"","astra-migrate-meta-layouts":"default","ast-page-background-enabled":"default","ast-page-background-meta":{"desktop":{"background-color":"var(--ast-global-color-4)","background-image":"","background-repeat":"repeat","background-position":"center center","background-size":"auto","background-attachment":"scroll","background-type":"","background-media":"","overlay-type":"","overlay-color":"","overlay-opacity":"","overlay-gradient":""},"tablet":{"background-color":"","background-image":"","background-repeat":"repeat","background-position":"center center","background-size":"auto","background-attachment":"scroll","background-type":"","background-media":"","overlay-type":"","overlay-color":"","overlay-opacity":"","overlay-gradient":""},"mobile":{"background-color":"","background-image":"","background-repeat":"repeat","background-position":"center center","background-size":"auto","background-attachment":"scroll","background-type":"","background-media":"","overlay-type":"","overlay-color":"","overlay-opacity":"","overlay-gradient":""}},"ast-content-background-meta":{"desktop":{"background-color":"var(--ast-global-color-5)","background-image":"","background-repeat":"repeat","background-position":"center center","background-size":"auto","background-attachment":"scroll","background-type":"","background-media":"","overlay-type":"","overlay-color":"","overlay-opacity":"","overlay-gradient":""},"tablet":{"background-color":"var(--ast-global-color-5)","background-image":"","background-repeat":"repeat","background-position":"center center","background-size":"auto","background-attachment":"scroll","background-type":"","background-media":"","overlay-type":"","overlay-color":"","overlay-opacity":"","overlay-gradient":""},"mobile":{"background-color":"var(--ast-global-color-5)","background-image":"","background-repeat":"repeat","background-position":"center center","background-size":"auto","background-attachment":"scroll","background-type":"","background-media":"","overlay-type":"","overlay-color":"","overlay-opacity":"","overlay-gradient":""}},"footnotes":""},"categories":[1],"tags":[124,193,173],"class_list":["post-11004","post","type-post","status-publish","format-standard","has-post-thumbnail","hentry","category-general","tag-projectes-de-medi","tag-5e","tag-projecte-interdisciplinar"],"post_mailing_queue_ids":[],"_links":{"self":[{"href":"https:\/\/agora.xtec.cat\/esc-joancasas\/wp-json\/wp\/v2\/posts\/11004","targetHints":{"allow":["GET"]}}],"collection":[{"href":"https:\/\/agora.xtec.cat\/esc-joancasas\/wp-json\/wp\/v2\/posts"}],"about":[{"href":"https:\/\/agora.xtec.cat\/esc-joancasas\/wp-json\/wp\/v2\/types\/post"}],"author":[{"embeddable":true,"href":"https:\/\/agora.xtec.cat\/esc-joancasas\/wp-json\/wp\/v2\/users\/2"}],"replies":[{"embeddable":true,"href":"https:\/\/agora.xtec.cat\/esc-joancasas\/wp-json\/wp\/v2\/comments?post=11004"}],"version-history":[{"count":1,"href":"https:\/\/agora.xtec.cat\/esc-joancasas\/wp-json\/wp\/v2\/posts\/11004\/revisions"}],"predecessor-version":[{"id":11006,"href":"https:\/\/agora.xtec.cat\/esc-joancasas\/wp-json\/wp\/v2\/posts\/11004\/revisions\/11006"}],"wp:featuredmedia":[{"embeddable":true,"href":"https:\/\/agora.xtec.cat\/esc-joancasas\/wp-json\/wp\/v2\/media\/11005"}],"wp:attachment":[{"href":"https:\/\/agora.xtec.cat\/esc-joancasas\/wp-json\/wp\/v2\/media?parent=11004"}],"wp:term":[{"taxonomy":"category","embeddable":true,"href":"https:\/\/agora.xtec.cat\/esc-joancasas\/wp-json\/wp\/v2\/categories?post=11004"},{"taxonomy":"post_tag","embeddable":true,"href":"https:\/\/agora.xtec.cat\/esc-joancasas\/wp-json\/wp\/v2\/tags?post=11004"}],"curies":[{"name":"wp","href":"https:\/\/api.w.org\/{rel}","templated":true}]}}