{"id":10954,"date":"2019-03-11T10:35:56","date_gmt":"2019-03-11T09:35:56","guid":{"rendered":"http:\/\/agora.xtec.cat\/esc-joancasas\/?p=10954"},"modified":"2019-11-07T16:19:34","modified_gmt":"2019-11-07T15:19:34","slug":"iniciem-la-setmana-matematica","status":"publish","type":"post","link":"https:\/\/agora.xtec.cat\/esc-joancasas\/portada\/general\/iniciem-la-setmana-matematica\/","title":{"rendered":"Iniciem la setmana matem\u00e0tica"},"content":{"rendered":"<p>Un any m\u00e9s, iniciem la Setmana Matem\u00e0tica 2019 a l&#8217;escola Joan Casas! Aquest any fent-la coincidir amb la Setmana Internacional del Cervell. Una setmana atape\u00efda d&#8217;activitats i tallers per a tots\/es els\/les alumnes de les diferents edats.<\/p>\n<p style=\"text-align: center;\"><em><strong>&#8220;Les matem\u00e0tiques van ser descobertes per l&#8217;\u00e9sser hum\u00e0, i per\u00a0 aix\u00f2 estan a l&#8217;abast de tothom. No s\u00f3n, doncs, per a \u00e9sser especials o genis&#8221;\u00a0<\/strong><\/em><\/p>\n<p><a href=\"https:\/\/agora.xtec.cat\/esc-joancasas\/wp-content\/uploads\/usu1722\/2019\/03\/setmana-matematicas-2019-1.png\"><img loading=\"lazy\" decoding=\"async\" class=\"size-full wp-image-10957 aligncenter\" src=\"https:\/\/agora.xtec.cat\/esc-joancasas\/wp-content\/uploads\/usu1722\/2019\/03\/setmana-matematicas-2019-1.png\" alt=\"\" width=\"685\" height=\"993\" srcset=\"https:\/\/agora.xtec.cat\/esc-joancasas\/wp-content\/uploads\/usu1722\/2019\/03\/setmana-matematicas-2019-1.png 685w, https:\/\/agora.xtec.cat\/esc-joancasas\/wp-content\/uploads\/usu1722\/2019\/03\/setmana-matematicas-2019-1-207x300.png 207w\" sizes=\"auto, (max-width: 685px) 100vw, 685px\" \/><\/a><\/p>\n<p>Us deixem el link amb les fotos de les diferents jornades matem\u00e0tiques dels cicles:<\/p>\n<p><a href=\"https:\/\/photos.app.goo.gl\/FzMKw69yFZXcwrSb7\">Fotos Cicle inicial<\/a><\/p>\n<p><a href=\"https:\/\/drive.google.com\/drive\/folders\/1-4O6f2pm7Wv17ijb5Jp06ru2Ygj2GYuf?usp=sharing\">Fotos Cicle mig<\/a><\/p>\n<p><a href=\"https:\/\/drive.google.com\/drive\/folders\/1-h5Btb4_UQHbykhTniSYY9dJGok97e4K?usp=sharing\">Fotos Cicle superior<\/a><\/p>\n","protected":false},"excerpt":{"rendered":"<p>Un any m\u00e9s, iniciem la Setmana Matem\u00e0tica 2019 a l&#8217;escola Joan Casas! Aquest any fent-la coincidir amb la Setmana Internacional del Cervell. Una setmana atape\u00efda d&#8217;activitats i tallers per a tots\/es els\/les alumnes de les diferents edats. &#8220;Les matem\u00e0tiques van ser descobertes per l&#8217;\u00e9sser hum\u00e0, i per\u00a0 aix\u00f2 estan a l&#8217;abast de tothom. No s\u00f3n, [&hellip;]<\/p>\n","protected":false},"author":37,"featured_media":10956,"comment_status":"open","ping_status":"closed","sticky":false,"template":"","format":"standard","meta":{"_bbp_topic_count":0,"_bbp_reply_count":0,"_bbp_total_topic_count":0,"_bbp_total_reply_count":0,"_bbp_voice_count":0,"_bbp_anonymous_reply_count":0,"_bbp_topic_count_hidden":0,"_bbp_reply_count_hidden":0,"_bbp_forum_subforum_count":0,"site-sidebar-layout":"default","site-content-layout":"","ast-site-content-layout":"","site-content-style":"default","site-sidebar-style":"default","ast-global-header-display":"","ast-banner-title-visibility":"","ast-main-header-display":"","ast-hfb-above-header-display":"","ast-hfb-below-header-display":"","ast-hfb-mobile-header-display":"","site-post-title":"","ast-breadcrumbs-content":"","ast-featured-img":"","footer-sml-layout":"","theme-transparent-header-meta":"","adv-header-id-meta":"","stick-header-meta":"","header-above-stick-meta":"","header-main-stick-meta":"","header-below-stick-meta":"","astra-migrate-meta-layouts":"default","ast-page-background-enabled":"default","ast-page-background-meta":{"desktop":{"background-color":"var(--ast-global-color-4)","background-image":"","background-repeat":"repeat","background-position":"center center","background-size":"auto","background-attachment":"scroll","background-type":"","background-media":"","overlay-type":"","overlay-color":"","overlay-opacity":"","overlay-gradient":""},"tablet":{"background-color":"","background-image":"","background-repeat":"repeat","background-position":"center center","background-size":"auto","background-attachment":"scroll","background-type":"","background-media":"","overlay-type":"","overlay-color":"","overlay-opacity":"","overlay-gradient":""},"mobile":{"background-color":"","background-image":"","background-repeat":"repeat","background-position":"center center","background-size":"auto","background-attachment":"scroll","background-type":"","background-media":"","overlay-type":"","overlay-color":"","overlay-opacity":"","overlay-gradient":""}},"ast-content-background-meta":{"desktop":{"background-color":"var(--ast-global-color-5)","background-image":"","background-repeat":"repeat","background-position":"center center","background-size":"auto","background-attachment":"scroll","background-type":"","background-media":"","overlay-type":"","overlay-color":"","overlay-opacity":"","overlay-gradient":""},"tablet":{"background-color":"var(--ast-global-color-5)","background-image":"","background-repeat":"repeat","background-position":"center center","background-size":"auto","background-attachment":"scroll","background-type":"","background-media":"","overlay-type":"","overlay-color":"","overlay-opacity":"","overlay-gradient":""},"mobile":{"background-color":"var(--ast-global-color-5)","background-image":"","background-repeat":"repeat","background-position":"center center","background-size":"auto","background-attachment":"scroll","background-type":"","background-media":"","overlay-type":"","overlay-color":"","overlay-opacity":"","overlay-gradient":""}},"footnotes":""},"categories":[1,4],"tags":[90,111,101,91,88,134,123],"class_list":["post-10954","post","type-post","status-publish","format-standard","has-post-thumbnail","hentry","category-general","category-portada","tag-festes","tag-guacamole-matematic","tag-interes-compartit","tag-mon-matematic","tag-portada","tag-steamcat","tag-els-valors"],"post_mailing_queue_ids":[],"_links":{"self":[{"href":"https:\/\/agora.xtec.cat\/esc-joancasas\/wp-json\/wp\/v2\/posts\/10954","targetHints":{"allow":["GET"]}}],"collection":[{"href":"https:\/\/agora.xtec.cat\/esc-joancasas\/wp-json\/wp\/v2\/posts"}],"about":[{"href":"https:\/\/agora.xtec.cat\/esc-joancasas\/wp-json\/wp\/v2\/types\/post"}],"author":[{"embeddable":true,"href":"https:\/\/agora.xtec.cat\/esc-joancasas\/wp-json\/wp\/v2\/users\/37"}],"replies":[{"embeddable":true,"href":"https:\/\/agora.xtec.cat\/esc-joancasas\/wp-json\/wp\/v2\/comments?post=10954"}],"version-history":[{"count":3,"href":"https:\/\/agora.xtec.cat\/esc-joancasas\/wp-json\/wp\/v2\/posts\/10954\/revisions"}],"predecessor-version":[{"id":11000,"href":"https:\/\/agora.xtec.cat\/esc-joancasas\/wp-json\/wp\/v2\/posts\/10954\/revisions\/11000"}],"wp:featuredmedia":[{"embeddable":true,"href":"https:\/\/agora.xtec.cat\/esc-joancasas\/wp-json\/wp\/v2\/media\/10956"}],"wp:attachment":[{"href":"https:\/\/agora.xtec.cat\/esc-joancasas\/wp-json\/wp\/v2\/media?parent=10954"}],"wp:term":[{"taxonomy":"category","embeddable":true,"href":"https:\/\/agora.xtec.cat\/esc-joancasas\/wp-json\/wp\/v2\/categories?post=10954"},{"taxonomy":"post_tag","embeddable":true,"href":"https:\/\/agora.xtec.cat\/esc-joancasas\/wp-json\/wp\/v2\/tags?post=10954"}],"curies":[{"name":"wp","href":"https:\/\/api.w.org\/{rel}","templated":true}]}}