{"id":10931,"date":"2019-03-08T13:18:13","date_gmt":"2019-03-08T12:18:13","guid":{"rendered":"http:\/\/agora.xtec.cat\/esc-joancasas\/?p=10931"},"modified":"2019-11-19T13:22:40","modified_gmt":"2019-11-19T12:22:40","slug":"setmana-del-cervell-a-sant-antoni","status":"publish","type":"post","link":"https:\/\/agora.xtec.cat\/esc-joancasas\/portada\/general\/setmana-del-cervell-a-sant-antoni\/","title":{"rendered":"Setmana del cervell al Joan Casas"},"content":{"rendered":"<p><a href=\"https:\/\/agora.xtec.cat\/esc-joancasas\/wp-content\/uploads\/usu1722\/2019\/03\/cervell-2019.png\"><img loading=\"lazy\" decoding=\"async\" class=\" wp-image-10932 alignright\" src=\"https:\/\/agora.xtec.cat\/esc-joancasas\/wp-content\/uploads\/usu1722\/2019\/03\/cervell-2019.png\" alt=\"\" width=\"274\" height=\"492\" srcset=\"https:\/\/agora.xtec.cat\/esc-joancasas\/wp-content\/uploads\/usu1722\/2019\/03\/cervell-2019.png 358w, https:\/\/agora.xtec.cat\/esc-joancasas\/wp-content\/uploads\/usu1722\/2019\/03\/cervell-2019-167x300.png 167w\" sizes=\"auto, (max-width: 274px) 100vw, 274px\" \/><\/a><\/p>\n<p><span style=\"color: #333333;\">Coincidint amb la setmana matem\u00e0tica i del Cervell a l&#8217;escola el proper dilluns 11 de mar\u00e7, al Municipi de Sant Antoni de Vilamajor s&#8217;ofereixen\u00a0diferents activitats i exposicions en relaci\u00f3 a les emocions, l&#8217;art i el Cervell. Us deixem a continuaci\u00f3 els tallers que es durant a terme a l&#8217;escola a partir del dilluns:<\/span><\/p>\n<p><strong>E. Infantil 1<\/strong>: Dilluns 11\/3 de 9&#8217;00 a 10&#8217;30h. &#8220;Tot est\u00e0 en el nostre cervell&#8221;. Fem un cervell d&#8217;argila.<\/p>\n<p><strong>E.Infantil 2<\/strong>: Dimecres 13\/3 de 15&#8217;00 a 16&#8217;30h.\u00a0&#8220;Tot est\u00e0 en el nostre cervell&#8221;. M\u00edmica d&#8217;emocions.<\/p>\n<p><strong>E.Infantil 3<\/strong>: Dijous 14\/3 de 15&#8217;00 a 16&#8217;30h.\u00a0&#8220;Tot est\u00e0 en el nostre cervell&#8221;. Des de dins! Emocions b\u00e0siques.<\/p>\n<p><strong>E.Prim\u00e0ria 1<\/strong>:\u00a0Dilluns 11\/3 de 11&#8217;00 a 12&#8217;30h. &#8220;Tot est\u00e0 en el nostre cervell&#8221;. La meva silueta. S\u00f3c \u00fanic\/a!<\/p>\n<p><strong>E.Prim\u00e0ria 2<\/strong>:\u00a0Dimecres 13\/3 de 9&#8217;00 a 10&#8217;30h.\u00a0&#8220;Tot est\u00e0 en el nostre cervell&#8221;. &#8220;Bany sensorial&#8221;<\/p>\n<p><strong>E.Prim\u00e0ria 3<\/strong>:\u00a0Dijous 14\/3 de 9&#8217;00 a 10&#8217;30h. &#8220;La capseta dels meus sentiments&#8221;. El cometa capa.<\/p>\n<p><strong>E.Prim\u00e0ria 4<\/strong>: Divendres 15\/3 de 9&#8217;00 a 10&#8217;30h.\u00a0&#8220;La capseta dels meus sentiments&#8221;. La m\u00fasica em fa sentir.<\/p>\n<p><strong>E.Prim\u00e0ria 5<\/strong>: Dimarts 12\/3 de 9&#8217;00 a 10&#8217;30h. &#8220;Emoci\u00f3n arte&#8221;. Canvas.<\/p>\n<p><strong>E.Prim\u00e0ria 6<\/strong>:\u00a0Dilluns 11\/3 i dimarts 12\/3 de 15&#8217;00 a 16&#8217;30h.\u00a0 &#8220;Emoci\u00f3n arte&#8221;. Canvas<\/p>\n<p><span style=\"color: #333333;\"><span style=\"text-decoration: underline;\"><strong> Programa d&#8217;activitats al Municipi<\/strong><\/span>:<\/span><strong>Activitats de divulgaci\u00f3 per a fam\u00edlies:<\/strong><br \/>\n<strong>Dj.\u00a0 14<\/strong> \u00b7 Aula 3 de ESCOLES VELLES\u00b7 de 18.00 a 19.30 h. <strong><em>Taller: \u201cDibuixar amb boli\u201d<\/em><\/strong><br \/>\nA c\u00e0rrec de la Dolo Navas \u00b7 Artista, dissenyadora i educadora. Llicenciada en Belles Arts i en Escultura.<\/p>\n<p><strong>Ds. 16<\/strong> \u00b7 Porxo PARC DE CAN SAULEDA\u00b7 de 11.00 a 14.00 h. <em><strong>Taller: \u201cVolum. Treballs en fang\u201d<\/strong><\/em>\u00a0 A c\u00e0rrec de Dolo Navas.<\/p>\n<p><strong>Ds. 30<\/strong> \u00b7 Porxo PARC DE CAN SAULEDA\u00b7 de 11.00 a 13.30 h. <em><strong>Taller: &#8220;Comunicaci\u00f3 canina i emocions&#8221;<\/strong><\/em><br \/>\nA c\u00e0rrec de Merc\u00e9 Serrano \u00b7 Qu\u00edmica, educadora canina i t\u00e8cnic de Agility federat<\/p>\n<p><strong>Dl. 11 a Dv. 15<\/strong> \u00b7 Sala CARRER DE FRAN\u00c7A \u00b7 de 17 a 20 h. Jocs de taula \u00b7 Jocs d&#8217;Enginy \u00b7 Jocs educatius, per recon\u00e8ixer les emocions, il\u00b7lusions \u00f2ptiques &#8230;<\/p>\n","protected":false},"excerpt":{"rendered":"<p>Coincidint amb la setmana matem\u00e0tica i del Cervell a l&#8217;escola el proper dilluns 11 de mar\u00e7, al Municipi de Sant Antoni de Vilamajor s&#8217;ofereixen\u00a0diferents activitats i exposicions en relaci\u00f3 a les emocions, l&#8217;art i el Cervell. Us deixem a continuaci\u00f3 els tallers que es durant a terme a l&#8217;escola a partir del dilluns: E. Infantil [&hellip;]<\/p>\n","protected":false},"author":37,"featured_media":10932,"comment_status":"open","ping_status":"closed","sticky":false,"template":"","format":"standard","meta":{"_bbp_topic_count":0,"_bbp_reply_count":0,"_bbp_total_topic_count":0,"_bbp_total_reply_count":0,"_bbp_voice_count":0,"_bbp_anonymous_reply_count":0,"_bbp_topic_count_hidden":0,"_bbp_reply_count_hidden":0,"_bbp_forum_subforum_count":0,"site-sidebar-layout":"default","site-content-layout":"","ast-site-content-layout":"","site-content-style":"default","site-sidebar-style":"default","ast-global-header-display":"","ast-banner-title-visibility":"","ast-main-header-display":"","ast-hfb-above-header-display":"","ast-hfb-below-header-display":"","ast-hfb-mobile-header-display":"","site-post-title":"","ast-breadcrumbs-content":"","ast-featured-img":"","footer-sml-layout":"","theme-transparent-header-meta":"","adv-header-id-meta":"","stick-header-meta":"","header-above-stick-meta":"","header-main-stick-meta":"","header-below-stick-meta":"","astra-migrate-meta-layouts":"default","ast-page-background-enabled":"default","ast-page-background-meta":{"desktop":{"background-color":"var(--ast-global-color-4)","background-image":"","background-repeat":"repeat","background-position":"center center","background-size":"auto","background-attachment":"scroll","background-type":"","background-media":"","overlay-type":"","overlay-color":"","overlay-opacity":"","overlay-gradient":""},"tablet":{"background-color":"","background-image":"","background-repeat":"repeat","background-position":"center center","background-size":"auto","background-attachment":"scroll","background-type":"","background-media":"","overlay-type":"","overlay-color":"","overlay-opacity":"","overlay-gradient":""},"mobile":{"background-color":"","background-image":"","background-repeat":"repeat","background-position":"center center","background-size":"auto","background-attachment":"scroll","background-type":"","background-media":"","overlay-type":"","overlay-color":"","overlay-opacity":"","overlay-gradient":""}},"ast-content-background-meta":{"desktop":{"background-color":"var(--ast-global-color-5)","background-image":"","background-repeat":"repeat","background-position":"center center","background-size":"auto","background-attachment":"scroll","background-type":"","background-media":"","overlay-type":"","overlay-color":"","overlay-opacity":"","overlay-gradient":""},"tablet":{"background-color":"var(--ast-global-color-5)","background-image":"","background-repeat":"repeat","background-position":"center center","background-size":"auto","background-attachment":"scroll","background-type":"","background-media":"","overlay-type":"","overlay-color":"","overlay-opacity":"","overlay-gradient":""},"mobile":{"background-color":"var(--ast-global-color-5)","background-image":"","background-repeat":"repeat","background-position":"center center","background-size":"auto","background-attachment":"scroll","background-type":"","background-media":"","overlay-type":"","overlay-color":"","overlay-opacity":"","overlay-gradient":""}},"footnotes":""},"categories":[1,4],"tags":[75,90,101,91,88,140,125,116],"class_list":["post-10931","post","type-post","status-publish","format-standard","has-post-thumbnail","hentry","category-general","category-portada","tag-fem-poble","tag-festes","tag-interes-compartit","tag-mon-matematic","tag-portada","tag-projecte-descola","tag-tallers","tag-art"],"post_mailing_queue_ids":[],"_links":{"self":[{"href":"https:\/\/agora.xtec.cat\/esc-joancasas\/wp-json\/wp\/v2\/posts\/10931","targetHints":{"allow":["GET"]}}],"collection":[{"href":"https:\/\/agora.xtec.cat\/esc-joancasas\/wp-json\/wp\/v2\/posts"}],"about":[{"href":"https:\/\/agora.xtec.cat\/esc-joancasas\/wp-json\/wp\/v2\/types\/post"}],"author":[{"embeddable":true,"href":"https:\/\/agora.xtec.cat\/esc-joancasas\/wp-json\/wp\/v2\/users\/37"}],"replies":[{"embeddable":true,"href":"https:\/\/agora.xtec.cat\/esc-joancasas\/wp-json\/wp\/v2\/comments?post=10931"}],"version-history":[{"count":3,"href":"https:\/\/agora.xtec.cat\/esc-joancasas\/wp-json\/wp\/v2\/posts\/10931\/revisions"}],"predecessor-version":[{"id":10936,"href":"https:\/\/agora.xtec.cat\/esc-joancasas\/wp-json\/wp\/v2\/posts\/10931\/revisions\/10936"}],"wp:featuredmedia":[{"embeddable":true,"href":"https:\/\/agora.xtec.cat\/esc-joancasas\/wp-json\/wp\/v2\/media\/10932"}],"wp:attachment":[{"href":"https:\/\/agora.xtec.cat\/esc-joancasas\/wp-json\/wp\/v2\/media?parent=10931"}],"wp:term":[{"taxonomy":"category","embeddable":true,"href":"https:\/\/agora.xtec.cat\/esc-joancasas\/wp-json\/wp\/v2\/categories?post=10931"},{"taxonomy":"post_tag","embeddable":true,"href":"https:\/\/agora.xtec.cat\/esc-joancasas\/wp-json\/wp\/v2\/tags?post=10931"}],"curies":[{"name":"wp","href":"https:\/\/api.w.org\/{rel}","templated":true}]}}