{"id":10912,"date":"2019-03-01T15:07:12","date_gmt":"2019-03-01T14:07:12","guid":{"rendered":"http:\/\/agora.xtec.cat\/esc-joancasas\/?p=10912"},"modified":"2019-03-10T19:47:57","modified_gmt":"2019-03-10T18:47:57","slug":"rua-de-carnaval-2019","status":"publish","type":"post","link":"https:\/\/agora.xtec.cat\/esc-joancasas\/portada\/rua-de-carnaval-2019\/","title":{"rendered":"Rua de Carnaval 2019"},"content":{"rendered":"<p>Avui divendres 1 de mar\u00e7 hem omplert els carrers del poble amb les nostres disfresses de diferents cultures d&#8217;arreu del m\u00f3n. Donem les gr\u00e0cies a totes les mames i papes col\u00b7laboradors per guarnir i vestir alumnes i tamb\u00e9 als acompanyants de la rua. Ha estat un mat\u00ed molt agradable i tot gr\u00e0cies a haver pogut compartir-lo amb tots vosaltres. El proper any, m\u00e9s i millor!!!!<\/p>\n<p>Us deixem a continuaci\u00f3, les fotos d&#8217;escola i de la rua:<\/p>\n<p><a href=\"https:\/\/drive.google.com\/open?id=1tJ7Hm_kNr1eFcnEB7x_CLQ6p7DISfHSe\">Foto carnaval 2019 Can Sauleda<\/a><\/p>\n<p><a href=\"https:\/\/drive.google.com\/file\/d\/1SzKXB3o9Tnj_RgL-u3TBbfNMZOtJoq5Z\/view?usp=sharing\">Foto Massais<\/a><a style=\"color: #2795b6;\" href=\"https:\/\/drive.google.com\/file\/d\/1F9Q8mZmaWMWJfLzpjKVPpL08-xIIE6iq\/view?usp=sharing\">\u00a0 \u00a0 \u00a0 \u00a0Foto Esquimals<\/a><\/p>\n<p><a href=\"https:\/\/drive.google.com\/file\/d\/1UIKgXUmBzWA0dzyC1ukiRTKP-elSQKuI\/view?usp=sharing\">Foto Grecs\u00a0\u00a0\u00a0\u00a0\u00a0\u00a0\u00a0\u00a0\u00a0\u00a0\u00a0<\/a><a style=\"color: #2795b6;\" href=\"https:\/\/drive.google.com\/file\/d\/11vIOxMrS04aXfxEFXrfkan4xdDzkfJ_n\/view?usp=sharing\">Foto Vikings<\/a><\/p>\n<p><a href=\"https:\/\/drive.google.com\/file\/d\/1b1Su0UWSgyvurdyUbFQGd_-euHyJS20h\/view?usp=sharing\">Foto Brasil\u00a0\u00a0\u00a0\u00a0\u00a0\u00a0\u00a0\u00a0\u00a0\u00a0\u00a0\u00a0<\/a><a style=\"color: #2795b6;\" href=\"https:\/\/drive.google.com\/file\/d\/1Kavq8fbZP3bEo3yR1ZbDu9mcHCIVr2hw\/view?usp=sharing\">Foto Indis<\/a><\/p>\n<p><a href=\"https:\/\/drive.google.com\/file\/d\/1JL6swhAX28PnWwEfcgpMcKzabci9TuJq\/view?usp=sharing\">Foto It\u00e0lia\u00a0 \u00a0 \u00a0 \u00a0 \u00a0 \u00a0 \u00a0<\/a><a style=\"color: #2795b6;\" href=\"https:\/\/drive.google.com\/file\/d\/1PCsNGn0sgGnA-X9ME6z6bJJejawNHZ9E\/view?usp=sharing\">Foto Egipcis<\/a><\/p>\n<p><a href=\"https:\/\/drive.google.com\/file\/d\/1jvBBusKOu1UjIVmfVegCc9RBZX4U1y4y\/view?usp=sharing\">Foto Fran\u00e7a\u00a0\u00a0\u00a0\u00a0\u00a0\u00a0\u00a0\u00a0\u00a0\u00a0<\/a><a href=\"https:\/\/drive.google.com\/file\/d\/1BEfkI1979tv_BhFj-AcgBJto2oOJyoVY\/view?usp=sharing\">Foto Xina<\/a><\/p>\n<p><a href=\"https:\/\/drive.google.com\/file\/d\/1cuwroakubMmJ4HZx6LyiSwu-UnTiX1rC\/view?usp=sharing\">Foto Romans<\/a>\u00a0 \u00a0 \u00a0 \u00a0\u00a0<a href=\"https:\/\/drive.google.com\/file\/d\/18q8gD43Gy1QPhoHNKeqVtakzIJyvAXI_\/view?usp=sharing\">Foto Bali<\/a><\/p>\n<p><a href=\"https:\/\/drive.google.com\/file\/d\/1WuL24ZGeunQZbhG7ZFCaajgOIPHs0iAm\/view?usp=sharing\">Foto Hawa\u00ef<\/a>\u00a0 \u00a0 \u00a0 \u00a0 \u00a0 \u00a0<a href=\"https:\/\/drive.google.com\/file\/d\/1p9DTjxQtStg0HsfT2S9QGS4uzJJ_R08_\/view?usp=sharing\">Foto Austr\u00e0lia<\/a><\/p>\n<p><a href=\"https:\/\/drive.google.com\/file\/d\/1aQK-OqnG8sW3EM5gAwfvicEBF1fo_KbK\/view?usp=sharing\">Foto M\u00e8xic<\/a>\u00a0 \u00a0 \u00a0 \u00a0 \u00a0 \u00a0<a href=\"https:\/\/drive.google.com\/file\/d\/1BiNbnqCsjjI7W27FHkCJkuKOcn85GlsO\/view?usp=sharing\">Foto cultura japonesa<\/a><\/p>\n<p><a href=\"https:\/\/drive.google.com\/file\/d\/14kkMOAFWkFj5HPlMf8EYoJ2JCTJlKVSK\/view?usp=sharing\">Foto Maies<\/a>\u00a0 \u00a0 \u00a0 \u00a0 \u00a0 \u00a0<a href=\"https:\/\/drive.google.com\/file\/d\/1b_z94iytTaGN7jsFOHTUboreDMZ5ORv9\/view?usp=sharing\">Foto Hind\u00fas<\/a><\/p>\n<p><a href=\"https:\/\/drive.google.com\/drive\/folders\/1O2TpLWLQqEpV40z7zt9-iit7J1HBc1P6?usp=sharing\">Fotos de la rua<\/a><\/p>\n","protected":false},"excerpt":{"rendered":"<p>Avui divendres 1 de mar\u00e7 hem omplert els carrers del poble amb les nostres disfresses de diferents cultures d&#8217;arreu del m\u00f3n. Donem les gr\u00e0cies a totes les mames i papes col\u00b7laboradors per guarnir i vestir alumnes i tamb\u00e9 als acompanyants de la rua. Ha estat un mat\u00ed molt agradable i tot gr\u00e0cies a haver pogut [&hellip;]<\/p>\n","protected":false},"author":1,"featured_media":0,"comment_status":"open","ping_status":"closed","sticky":false,"template":"","format":"standard","meta":{"_bbp_topic_count":0,"_bbp_reply_count":0,"_bbp_total_topic_count":0,"_bbp_total_reply_count":0,"_bbp_voice_count":0,"_bbp_anonymous_reply_count":0,"_bbp_topic_count_hidden":0,"_bbp_reply_count_hidden":0,"_bbp_forum_subforum_count":0,"site-sidebar-layout":"default","site-content-layout":"","ast-site-content-layout":"","site-content-style":"default","site-sidebar-style":"default","ast-global-header-display":"","ast-banner-title-visibility":"","ast-main-header-display":"","ast-hfb-above-header-display":"","ast-hfb-below-header-display":"","ast-hfb-mobile-header-display":"","site-post-title":"","ast-breadcrumbs-content":"","ast-featured-img":"","footer-sml-layout":"","theme-transparent-header-meta":"","adv-header-id-meta":"","stick-header-meta":"","header-above-stick-meta":"","header-main-stick-meta":"","header-below-stick-meta":"","astra-migrate-meta-layouts":"default","ast-page-background-enabled":"default","ast-page-background-meta":{"desktop":{"background-color":"var(--ast-global-color-4)","background-image":"","background-repeat":"repeat","background-position":"center center","background-size":"auto","background-attachment":"scroll","background-type":"","background-media":"","overlay-type":"","overlay-color":"","overlay-opacity":"","overlay-gradient":""},"tablet":{"background-color":"","background-image":"","background-repeat":"repeat","background-position":"center center","background-size":"auto","background-attachment":"scroll","background-type":"","background-media":"","overlay-type":"","overlay-color":"","overlay-opacity":"","overlay-gradient":""},"mobile":{"background-color":"","background-image":"","background-repeat":"repeat","background-position":"center center","background-size":"auto","background-attachment":"scroll","background-type":"","background-media":"","overlay-type":"","overlay-color":"","overlay-opacity":"","overlay-gradient":""}},"ast-content-background-meta":{"desktop":{"background-color":"var(--ast-global-color-5)","background-image":"","background-repeat":"repeat","background-position":"center center","background-size":"auto","background-attachment":"scroll","background-type":"","background-media":"","overlay-type":"","overlay-color":"","overlay-opacity":"","overlay-gradient":""},"tablet":{"background-color":"var(--ast-global-color-5)","background-image":"","background-repeat":"repeat","background-position":"center center","background-size":"auto","background-attachment":"scroll","background-type":"","background-media":"","overlay-type":"","overlay-color":"","overlay-opacity":"","overlay-gradient":""},"mobile":{"background-color":"var(--ast-global-color-5)","background-image":"","background-repeat":"repeat","background-position":"center center","background-size":"auto","background-attachment":"scroll","background-type":"","background-media":"","overlay-type":"","overlay-color":"","overlay-opacity":"","overlay-gradient":""}},"footnotes":""},"categories":[4],"tags":[75,90,101,88,123],"class_list":["post-10912","post","type-post","status-publish","format-standard","hentry","category-portada","tag-fem-poble","tag-festes","tag-interes-compartit","tag-portada","tag-els-valors"],"post_mailing_queue_ids":[],"_links":{"self":[{"href":"https:\/\/agora.xtec.cat\/esc-joancasas\/wp-json\/wp\/v2\/posts\/10912","targetHints":{"allow":["GET"]}}],"collection":[{"href":"https:\/\/agora.xtec.cat\/esc-joancasas\/wp-json\/wp\/v2\/posts"}],"about":[{"href":"https:\/\/agora.xtec.cat\/esc-joancasas\/wp-json\/wp\/v2\/types\/post"}],"author":[{"embeddable":true,"href":"https:\/\/agora.xtec.cat\/esc-joancasas\/wp-json\/wp\/v2\/users\/1"}],"replies":[{"embeddable":true,"href":"https:\/\/agora.xtec.cat\/esc-joancasas\/wp-json\/wp\/v2\/comments?post=10912"}],"version-history":[{"count":4,"href":"https:\/\/agora.xtec.cat\/esc-joancasas\/wp-json\/wp\/v2\/posts\/10912\/revisions"}],"predecessor-version":[{"id":10922,"href":"https:\/\/agora.xtec.cat\/esc-joancasas\/wp-json\/wp\/v2\/posts\/10912\/revisions\/10922"}],"wp:attachment":[{"href":"https:\/\/agora.xtec.cat\/esc-joancasas\/wp-json\/wp\/v2\/media?parent=10912"}],"wp:term":[{"taxonomy":"category","embeddable":true,"href":"https:\/\/agora.xtec.cat\/esc-joancasas\/wp-json\/wp\/v2\/categories?post=10912"},{"taxonomy":"post_tag","embeddable":true,"href":"https:\/\/agora.xtec.cat\/esc-joancasas\/wp-json\/wp\/v2\/tags?post=10912"}],"curies":[{"name":"wp","href":"https:\/\/api.w.org\/{rel}","templated":true}]}}