{"id":10860,"date":"2019-02-26T09:52:05","date_gmt":"2019-02-26T08:52:05","guid":{"rendered":"http:\/\/agora.xtec.cat\/esc-joancasas\/?p=10860"},"modified":"2019-10-29T10:29:26","modified_gmt":"2019-10-29T09:29:26","slug":"mascares-de-guix-2","status":"publish","type":"post","link":"https:\/\/agora.xtec.cat\/esc-joancasas\/portada\/general\/mascares-de-guix-2\/","title":{"rendered":"M\u00e0scares de guix"},"content":{"rendered":"<p>ls alumnes de 6\u00e8, com altres anys, aprofitant que s&#8217;acosta la festa del carnaval, estem fent taller de m\u00e0scares de guix!<\/p>\n<p>Vam iniciar el proc\u00e9s tallant trossets de bena de guix i omplint galledes amb aigua.<br \/>\nEns vam agrupar per parelles, posant-nos crema a la cara per tal de poder treure la m\u00e0scara m\u00e9s f\u00e0cilment. Una goma, un turbant, una bata i&#8230;. Som-hi!!!<br \/>\nEn parelles, un membre estirat damunt la taula i relaxat i l&#8217;altre sucava una tira de guix a l&#8217;aigua i la posava damunt la cara de l&#8217;altre i aix\u00ed, amb paci\u00e8ncia, anant repetint el proc\u00e9s fins a aconseguir el que ser\u00e0 l&#8217;esquelet de la m\u00e0scara del company\/a.<br \/>\nEns vam esperar uns minuts a qu\u00e8 el guix s&#8217;assequ\u00e9s i posteriorment vam comen\u00e7ar a fer ganyotes per ajudar-nos a desenganxar la m\u00e0scara de la cara.<\/p>\n<p>A la setmana vinent, vam comen\u00e7ar a decorar les nostres m\u00e0scares. Les vam pintar de diferents colors.<\/p>\n<p>Per \u00faltim, vam posar-li nom i vam crear una hist\u00f2ria sobre elles, basant-nos en els diferents D\u00e9us i Deesses de la cultura maia i la cultura hind\u00fa (s\u00f3n les cultures que estudiem en el projecte interdisciplinari).<\/p>\n<p><a href=\"https:\/\/photos.app.goo.gl\/134cxagxKvuvgysu6\">Aqu\u00ed podreu veure totes les fotos<\/a>!<\/p>\n","protected":false},"excerpt":{"rendered":"<p>ls alumnes de 6\u00e8, com altres anys, aprofitant que s&#8217;acosta la festa del carnaval, estem fent taller de m\u00e0scares de guix! Vam iniciar el proc\u00e9s tallant trossets de bena de guix i omplint galledes amb aigua. Ens vam agrupar per parelles, posant-nos crema a la cara per tal de poder treure la m\u00e0scara m\u00e9s f\u00e0cilment. [&hellip;]<\/p>\n","protected":false},"author":2,"featured_media":10861,"comment_status":"open","ping_status":"closed","sticky":false,"template":"","format":"standard","meta":{"_bbp_topic_count":0,"_bbp_reply_count":0,"_bbp_total_topic_count":0,"_bbp_total_reply_count":0,"_bbp_voice_count":0,"_bbp_anonymous_reply_count":0,"_bbp_topic_count_hidden":0,"_bbp_reply_count_hidden":0,"_bbp_forum_subforum_count":0,"site-sidebar-layout":"default","site-content-layout":"","ast-site-content-layout":"","site-content-style":"default","site-sidebar-style":"default","ast-global-header-display":"","ast-banner-title-visibility":"","ast-main-header-display":"","ast-hfb-above-header-display":"","ast-hfb-below-header-display":"","ast-hfb-mobile-header-display":"","site-post-title":"","ast-breadcrumbs-content":"","ast-featured-img":"","footer-sml-layout":"","theme-transparent-header-meta":"","adv-header-id-meta":"","stick-header-meta":"","header-above-stick-meta":"","header-main-stick-meta":"","header-below-stick-meta":"","astra-migrate-meta-layouts":"default","ast-page-background-enabled":"default","ast-page-background-meta":{"desktop":{"background-color":"var(--ast-global-color-4)","background-image":"","background-repeat":"repeat","background-position":"center center","background-size":"auto","background-attachment":"scroll","background-type":"","background-media":"","overlay-type":"","overlay-color":"","overlay-opacity":"","overlay-gradient":""},"tablet":{"background-color":"","background-image":"","background-repeat":"repeat","background-position":"center center","background-size":"auto","background-attachment":"scroll","background-type":"","background-media":"","overlay-type":"","overlay-color":"","overlay-opacity":"","overlay-gradient":""},"mobile":{"background-color":"","background-image":"","background-repeat":"repeat","background-position":"center center","background-size":"auto","background-attachment":"scroll","background-type":"","background-media":"","overlay-type":"","overlay-color":"","overlay-opacity":"","overlay-gradient":""}},"ast-content-background-meta":{"desktop":{"background-color":"var(--ast-global-color-5)","background-image":"","background-repeat":"repeat","background-position":"center center","background-size":"auto","background-attachment":"scroll","background-type":"","background-media":"","overlay-type":"","overlay-color":"","overlay-opacity":"","overlay-gradient":""},"tablet":{"background-color":"var(--ast-global-color-5)","background-image":"","background-repeat":"repeat","background-position":"center center","background-size":"auto","background-attachment":"scroll","background-type":"","background-media":"","overlay-type":"","overlay-color":"","overlay-opacity":"","overlay-gradient":""},"mobile":{"background-color":"var(--ast-global-color-5)","background-image":"","background-repeat":"repeat","background-position":"center center","background-size":"auto","background-attachment":"scroll","background-type":"","background-media":"","overlay-type":"","overlay-color":"","overlay-opacity":"","overlay-gradient":""}},"footnotes":""},"categories":[1],"tags":[174,146,116],"class_list":["post-10860","post","type-post","status-publish","format-standard","has-post-thumbnail","hentry","category-general","tag-ambit-artistic-vinculat-amb-contingut-matematic","tag-6e","tag-art"],"post_mailing_queue_ids":[],"_links":{"self":[{"href":"https:\/\/agora.xtec.cat\/esc-joancasas\/wp-json\/wp\/v2\/posts\/10860","targetHints":{"allow":["GET"]}}],"collection":[{"href":"https:\/\/agora.xtec.cat\/esc-joancasas\/wp-json\/wp\/v2\/posts"}],"about":[{"href":"https:\/\/agora.xtec.cat\/esc-joancasas\/wp-json\/wp\/v2\/types\/post"}],"author":[{"embeddable":true,"href":"https:\/\/agora.xtec.cat\/esc-joancasas\/wp-json\/wp\/v2\/users\/2"}],"replies":[{"embeddable":true,"href":"https:\/\/agora.xtec.cat\/esc-joancasas\/wp-json\/wp\/v2\/comments?post=10860"}],"version-history":[{"count":1,"href":"https:\/\/agora.xtec.cat\/esc-joancasas\/wp-json\/wp\/v2\/posts\/10860\/revisions"}],"predecessor-version":[{"id":10862,"href":"https:\/\/agora.xtec.cat\/esc-joancasas\/wp-json\/wp\/v2\/posts\/10860\/revisions\/10862"}],"wp:featuredmedia":[{"embeddable":true,"href":"https:\/\/agora.xtec.cat\/esc-joancasas\/wp-json\/wp\/v2\/media\/10861"}],"wp:attachment":[{"href":"https:\/\/agora.xtec.cat\/esc-joancasas\/wp-json\/wp\/v2\/media?parent=10860"}],"wp:term":[{"taxonomy":"category","embeddable":true,"href":"https:\/\/agora.xtec.cat\/esc-joancasas\/wp-json\/wp\/v2\/categories?post=10860"},{"taxonomy":"post_tag","embeddable":true,"href":"https:\/\/agora.xtec.cat\/esc-joancasas\/wp-json\/wp\/v2\/tags?post=10860"}],"curies":[{"name":"wp","href":"https:\/\/api.w.org\/{rel}","templated":true}]}}