{"id":10786,"date":"2019-02-14T13:36:18","date_gmt":"2019-02-14T12:36:18","guid":{"rendered":"http:\/\/agora.xtec.cat\/esc-joancasas\/?p=10786"},"modified":"2019-02-14T13:36:18","modified_gmt":"2019-02-14T12:36:18","slug":"el-protagonista-dels-massais-el-lucas","status":"publish","type":"post","link":"https:\/\/agora.xtec.cat\/esc-joancasas\/primaria\/el-protagonista-dels-massais-el-lucas\/","title":{"rendered":"EL PROTAGONISTA DELS MASSAIS: EL LUCAS"},"content":{"rendered":"<p>&nbsp;<\/p>\n<p>&nbsp;<\/p>\n<p><img decoding=\"async\" src=\"https:\/\/lh3.googleusercontent.com\/ijH2h1viSC5UFJQTKO3M21WwC9KNRUB54Rtb0LymNAUvDJuTBg138Rf5M5MUT1ntVzoQ6xBGyuaE39YLt71P9GMVte4i82Me9e2Oqp7A5cFMKLVyPvwqHelo5GzVRCDhvGMtUvAv0dOueyFLTHDHs0WZBeBrOxN_D-prvxoBWtg1Aw60D5Yw15jrNfjv_n79PNLtQrD7BscziirPGzfNfahZvTmbLQFqLneTdWMwo78BzQ9LvqWR49L_NdCiOEpfrLfCmyWq0GaaVihdWW3rFKHSZHfzB2EL6H6s_vqrmWWTFOxtFg2ONUuF4NFg6jb3809g9Ryllw60A1Z_d8wGX9Kd5XbxXIG-wWnAc-G5ETI3lerHy68z0tsYidvUCrKWr5LgwNPboOzlrF8SiS1SMakI16eBFvqpFYM1YNOOpKiC50VeMsk7bTLXmRCK2I2iJOELL4HA-jBpbe6VAcq_tL5CU2Cnk8pJEzEg4s8ewV_MoVmR1yyLkoFG5UXs49qym5QJa8LFZM9TXniCc3NlupmOIA3ksyUEgepwCJhVIICYNA5cMB6v405KqegqoB0Ly7l5DkfEgsZpVgzA0t6D91Cv8iTD56mUINHLi13picsZTmhOG1fDU5wq2MNIEAjOK3ldOq1vtF6APAgw_xpGG8qk9fG0ODIaxwQxQOu73m3wtCXnDr0Qlxk-aE47bEmL9Qe2wy9_kt_AqYP0_azdKN4Y=w876-h657-no\" \/>Aquest divendres 8 de febrer ens van visitar la mama i el papa d&#8217;en Lucas.<\/p>\n<p>Ens van ensenyar les fotos de la fam\u00edlia,\u00a0 quan va neixer i all\u00f2 que li agrada m\u00e9s : Li agrades els lleons, anar a la platja i jugar amb els seus amics.<\/p>\n<p>Tamb\u00e9 ens van explicar un conte molt divertit que es diu El Pop mascota. La seva mama ens va dir que a en Lucas li agrada molt escoltar contes i aquest \u00e9s un dels seus preferits.<\/p>\n<p>I sabeu que vol ser de gran? Vol ser Bomber i va portar un altre conte on ens expliava tot all\u00f2 que fan els bombers.<\/p>\n<p>Va ser una tarda molt divertida.<\/p>\n<p>Clica <a href=\"https:\/\/photos.app.goo.gl\/na2kJcyk4q9iLhueA\">aqu\u00ed<\/a> per a veure les fotos<\/p>\n","protected":false},"excerpt":{"rendered":"<p>&nbsp; &nbsp; Aquest divendres 8 de febrer ens van visitar la mama i el papa d&#8217;en Lucas. Ens van ensenyar les fotos de la fam\u00edlia,\u00a0 quan va neixer i all\u00f2 que li agrada m\u00e9s : Li agrades els lleons, anar a la platja i jugar amb els seus amics. Tamb\u00e9 ens van explicar un conte [&hellip;]<\/p>\n","protected":false},"author":1,"featured_media":0,"comment_status":"open","ping_status":"closed","sticky":false,"template":"","format":"standard","meta":{"_bbp_topic_count":0,"_bbp_reply_count":0,"_bbp_total_topic_count":0,"_bbp_total_reply_count":0,"_bbp_voice_count":0,"_bbp_anonymous_reply_count":0,"_bbp_topic_count_hidden":0,"_bbp_reply_count_hidden":0,"_bbp_forum_subforum_count":0,"site-sidebar-layout":"default","site-content-layout":"","ast-site-content-layout":"","site-content-style":"default","site-sidebar-style":"default","ast-global-header-display":"","ast-banner-title-visibility":"","ast-main-header-display":"","ast-hfb-above-header-display":"","ast-hfb-below-header-display":"","ast-hfb-mobile-header-display":"","site-post-title":"","ast-breadcrumbs-content":"","ast-featured-img":"","footer-sml-layout":"","theme-transparent-header-meta":"","adv-header-id-meta":"","stick-header-meta":"","header-above-stick-meta":"","header-main-stick-meta":"","header-below-stick-meta":"","astra-migrate-meta-layouts":"default","ast-page-background-enabled":"default","ast-page-background-meta":{"desktop":{"background-color":"var(--ast-global-color-4)","background-image":"","background-repeat":"repeat","background-position":"center center","background-size":"auto","background-attachment":"scroll","background-type":"","background-media":"","overlay-type":"","overlay-color":"","overlay-opacity":"","overlay-gradient":""},"tablet":{"background-color":"","background-image":"","background-repeat":"repeat","background-position":"center center","background-size":"auto","background-attachment":"scroll","background-type":"","background-media":"","overlay-type":"","overlay-color":"","overlay-opacity":"","overlay-gradient":""},"mobile":{"background-color":"","background-image":"","background-repeat":"repeat","background-position":"center center","background-size":"auto","background-attachment":"scroll","background-type":"","background-media":"","overlay-type":"","overlay-color":"","overlay-opacity":"","overlay-gradient":""}},"ast-content-background-meta":{"desktop":{"background-color":"var(--ast-global-color-5)","background-image":"","background-repeat":"repeat","background-position":"center center","background-size":"auto","background-attachment":"scroll","background-type":"","background-media":"","overlay-type":"","overlay-color":"","overlay-opacity":"","overlay-gradient":""},"tablet":{"background-color":"var(--ast-global-color-5)","background-image":"","background-repeat":"repeat","background-position":"center center","background-size":"auto","background-attachment":"scroll","background-type":"","background-media":"","overlay-type":"","overlay-color":"","overlay-opacity":"","overlay-gradient":""},"mobile":{"background-color":"var(--ast-global-color-5)","background-image":"","background-repeat":"repeat","background-position":"center center","background-size":"auto","background-attachment":"scroll","background-type":"","background-media":"","overlay-type":"","overlay-color":"","overlay-opacity":"","overlay-gradient":""}},"footnotes":""},"categories":[5],"tags":[98,86],"class_list":["post-10786","post","type-post","status-publish","format-standard","hentry","category-primaria","tag-ei1-ei2-ei3","tag-poc"],"post_mailing_queue_ids":[],"_links":{"self":[{"href":"https:\/\/agora.xtec.cat\/esc-joancasas\/wp-json\/wp\/v2\/posts\/10786","targetHints":{"allow":["GET"]}}],"collection":[{"href":"https:\/\/agora.xtec.cat\/esc-joancasas\/wp-json\/wp\/v2\/posts"}],"about":[{"href":"https:\/\/agora.xtec.cat\/esc-joancasas\/wp-json\/wp\/v2\/types\/post"}],"author":[{"embeddable":true,"href":"https:\/\/agora.xtec.cat\/esc-joancasas\/wp-json\/wp\/v2\/users\/1"}],"replies":[{"embeddable":true,"href":"https:\/\/agora.xtec.cat\/esc-joancasas\/wp-json\/wp\/v2\/comments?post=10786"}],"version-history":[{"count":1,"href":"https:\/\/agora.xtec.cat\/esc-joancasas\/wp-json\/wp\/v2\/posts\/10786\/revisions"}],"predecessor-version":[{"id":10787,"href":"https:\/\/agora.xtec.cat\/esc-joancasas\/wp-json\/wp\/v2\/posts\/10786\/revisions\/10787"}],"wp:attachment":[{"href":"https:\/\/agora.xtec.cat\/esc-joancasas\/wp-json\/wp\/v2\/media?parent=10786"}],"wp:term":[{"taxonomy":"category","embeddable":true,"href":"https:\/\/agora.xtec.cat\/esc-joancasas\/wp-json\/wp\/v2\/categories?post=10786"},{"taxonomy":"post_tag","embeddable":true,"href":"https:\/\/agora.xtec.cat\/esc-joancasas\/wp-json\/wp\/v2\/tags?post=10786"}],"curies":[{"name":"wp","href":"https:\/\/api.w.org\/{rel}","templated":true}]}}