{"id":10742,"date":"2019-02-10T10:32:01","date_gmt":"2019-02-10T09:32:01","guid":{"rendered":"http:\/\/agora.xtec.cat\/esc-joancasas\/?p=10742"},"modified":"2019-11-19T13:19:36","modified_gmt":"2019-11-19T12:19:36","slug":"lempremta-dels-nostres-ex-alumnes","status":"publish","type":"post","link":"https:\/\/agora.xtec.cat\/esc-joancasas\/portada\/general\/lempremta-dels-nostres-ex-alumnes\/","title":{"rendered":"L&#8217;EMPREMTA DELS NOSTRES EX-ALUMNES"},"content":{"rendered":"<p>Com \u00e9s costum, des de fa uns cursos enrere, els nostres alumnes quan marxen en direccions diverses cap a la Secund\u00e0ria, ens deixen un record, una empremta entre les parets del Joan Casas. Cadasc\u00fa d&#8217;ells, ha compartit, ha apr\u00e8s i a deixat an\u00e8cdotes i hist\u00f2ries que algunes d&#8217;elles les recordar\u00e0 de per vida.<\/p>\n<p>Les visites que sovint ens regalen per compartir entre nosaltres la vida d&#8217;institut, amb somriures i entusiasme, ens omple d&#8217;orgull i alegries a tots.<\/p>\n<p><img loading=\"lazy\" decoding=\"async\" class=\"wp-image-10743 alignright\" src=\"https:\/\/agora.xtec.cat\/esc-joancasas\/wp-content\/uploads\/usu1722\/2019\/02\/rosa-vents-6\u00e8.jpg\" alt=\"\" width=\"346\" height=\"583\" srcset=\"https:\/\/agora.xtec.cat\/esc-joancasas\/wp-content\/uploads\/usu1722\/2019\/02\/rosa-vents-6\u00e8.jpg 411w, https:\/\/agora.xtec.cat\/esc-joancasas\/wp-content\/uploads\/usu1722\/2019\/02\/rosa-vents-6\u00e8-178x300.jpg 178w\" sizes=\"auto, (max-width: 346px) 100vw, 346px\" \/><\/p>\n<p>El passat curs, els alumnes de sis\u00e8 van deixar-nos una <strong>Rosa dels<\/strong><b>\u00a0vents <\/b>fet amb l&#8217;aportaci\u00f3 individual de tots ells i el van construir i penjar entre el passad\u00eds de 5\u00e8 i 6\u00e8 de Prim\u00e0ria.<b>\u00a0<\/b>\u00a0La Rosa dels Vents \u00e9s un cercle que t\u00e9 marcats els 32 rumbs de proced\u00e8ncia del vent en qu\u00e8 convencionalment es divideix la\u00a0circumfer\u00e8ncia\u00a0de l&#8217;horitz\u00f3. Cada un dels nostres alumnes proced\u00e8ncies diverses i rumbs per consolidar&#8230; Sempre desitjant que tots ells escullin el millor vent pel propi dest\u00ed i gaudeixin al m\u00e0xim del cam\u00ed del present!<\/p>\n<p>Us recordem i us esperem!<\/p>\n<p>&nbsp;<\/p>\n<p>&nbsp;<\/p>\n<p>&nbsp;<\/p>\n","protected":false},"excerpt":{"rendered":"<p>Com \u00e9s costum, des de fa uns cursos enrere, els nostres alumnes quan marxen en direccions diverses cap a la Secund\u00e0ria, ens deixen un record, una empremta entre les parets del Joan Casas. Cadasc\u00fa d&#8217;ells, ha compartit, ha apr\u00e8s i a deixat an\u00e8cdotes i hist\u00f2ries que algunes d&#8217;elles les recordar\u00e0 de per vida. Les visites [&hellip;]<\/p>\n","protected":false},"author":37,"featured_media":10743,"comment_status":"open","ping_status":"closed","sticky":false,"template":"","format":"standard","meta":{"_bbp_topic_count":0,"_bbp_reply_count":0,"_bbp_total_topic_count":0,"_bbp_total_reply_count":0,"_bbp_voice_count":0,"_bbp_anonymous_reply_count":0,"_bbp_topic_count_hidden":0,"_bbp_reply_count_hidden":0,"_bbp_forum_subforum_count":0,"site-sidebar-layout":"default","site-content-layout":"","ast-site-content-layout":"","site-content-style":"default","site-sidebar-style":"default","ast-global-header-display":"","ast-banner-title-visibility":"","ast-main-header-display":"","ast-hfb-above-header-display":"","ast-hfb-below-header-display":"","ast-hfb-mobile-header-display":"","site-post-title":"","ast-breadcrumbs-content":"","ast-featured-img":"","footer-sml-layout":"","theme-transparent-header-meta":"","adv-header-id-meta":"","stick-header-meta":"","header-above-stick-meta":"","header-main-stick-meta":"","header-below-stick-meta":"","astra-migrate-meta-layouts":"default","ast-page-background-enabled":"default","ast-page-background-meta":{"desktop":{"background-color":"var(--ast-global-color-4)","background-image":"","background-repeat":"repeat","background-position":"center center","background-size":"auto","background-attachment":"scroll","background-type":"","background-media":"","overlay-type":"","overlay-color":"","overlay-opacity":"","overlay-gradient":""},"tablet":{"background-color":"","background-image":"","background-repeat":"repeat","background-position":"center center","background-size":"auto","background-attachment":"scroll","background-type":"","background-media":"","overlay-type":"","overlay-color":"","overlay-opacity":"","overlay-gradient":""},"mobile":{"background-color":"","background-image":"","background-repeat":"repeat","background-position":"center center","background-size":"auto","background-attachment":"scroll","background-type":"","background-media":"","overlay-type":"","overlay-color":"","overlay-opacity":"","overlay-gradient":""}},"ast-content-background-meta":{"desktop":{"background-color":"var(--ast-global-color-5)","background-image":"","background-repeat":"repeat","background-position":"center center","background-size":"auto","background-attachment":"scroll","background-type":"","background-media":"","overlay-type":"","overlay-color":"","overlay-opacity":"","overlay-gradient":""},"tablet":{"background-color":"var(--ast-global-color-5)","background-image":"","background-repeat":"repeat","background-position":"center center","background-size":"auto","background-attachment":"scroll","background-type":"","background-media":"","overlay-type":"","overlay-color":"","overlay-opacity":"","overlay-gradient":""},"mobile":{"background-color":"var(--ast-global-color-5)","background-image":"","background-repeat":"repeat","background-position":"center center","background-size":"auto","background-attachment":"scroll","background-type":"","background-media":"","overlay-type":"","overlay-color":"","overlay-opacity":"","overlay-gradient":""}},"footnotes":""},"categories":[1,4],"tags":[68,91,88,123,116],"class_list":["post-10742","post","type-post","status-publish","format-standard","has-post-thumbnail","hentry","category-general","category-portada","tag-ep4-ep5-ep6","tag-mon-matematic","tag-portada","tag-els-valors","tag-art"],"post_mailing_queue_ids":[],"_links":{"self":[{"href":"https:\/\/agora.xtec.cat\/esc-joancasas\/wp-json\/wp\/v2\/posts\/10742","targetHints":{"allow":["GET"]}}],"collection":[{"href":"https:\/\/agora.xtec.cat\/esc-joancasas\/wp-json\/wp\/v2\/posts"}],"about":[{"href":"https:\/\/agora.xtec.cat\/esc-joancasas\/wp-json\/wp\/v2\/types\/post"}],"author":[{"embeddable":true,"href":"https:\/\/agora.xtec.cat\/esc-joancasas\/wp-json\/wp\/v2\/users\/37"}],"replies":[{"embeddable":true,"href":"https:\/\/agora.xtec.cat\/esc-joancasas\/wp-json\/wp\/v2\/comments?post=10742"}],"version-history":[{"count":1,"href":"https:\/\/agora.xtec.cat\/esc-joancasas\/wp-json\/wp\/v2\/posts\/10742\/revisions"}],"predecessor-version":[{"id":10744,"href":"https:\/\/agora.xtec.cat\/esc-joancasas\/wp-json\/wp\/v2\/posts\/10742\/revisions\/10744"}],"wp:featuredmedia":[{"embeddable":true,"href":"https:\/\/agora.xtec.cat\/esc-joancasas\/wp-json\/wp\/v2\/media\/10743"}],"wp:attachment":[{"href":"https:\/\/agora.xtec.cat\/esc-joancasas\/wp-json\/wp\/v2\/media?parent=10742"}],"wp:term":[{"taxonomy":"category","embeddable":true,"href":"https:\/\/agora.xtec.cat\/esc-joancasas\/wp-json\/wp\/v2\/categories?post=10742"},{"taxonomy":"post_tag","embeddable":true,"href":"https:\/\/agora.xtec.cat\/esc-joancasas\/wp-json\/wp\/v2\/tags?post=10742"}],"curies":[{"name":"wp","href":"https:\/\/api.w.org\/{rel}","templated":true}]}}