{"id":10739,"date":"2019-02-12T06:46:20","date_gmt":"2019-02-12T05:46:20","guid":{"rendered":"http:\/\/agora.xtec.cat\/esc-joancasas\/?p=10739"},"modified":"2019-02-12T06:46:20","modified_gmt":"2019-02-12T05:46:20","slug":"la-protagonista-dels-esquimals-la-lucia","status":"publish","type":"post","link":"https:\/\/agora.xtec.cat\/esc-joancasas\/primaria\/la-protagonista-dels-esquimals-la-lucia\/","title":{"rendered":"La Protagonista dels Esquimals: la Luc\u00eda"},"content":{"rendered":"<p>&nbsp;<\/p>\n<p style=\"text-align: center;\"><a href=\"https:\/\/agora.xtec.cat\/esc-joancasas\/wp-content\/uploads\/usu1722\/2019\/02\/portada-3.jpg\"><img loading=\"lazy\" decoding=\"async\" class=\"alignnone size-full wp-image-10740\" src=\"https:\/\/agora.xtec.cat\/esc-joancasas\/wp-content\/uploads\/usu1722\/2019\/02\/portada-3.jpg\" alt=\"\" width=\"577\" height=\"433\" srcset=\"https:\/\/agora.xtec.cat\/esc-joancasas\/wp-content\/uploads\/usu1722\/2019\/02\/portada-3.jpg 577w, https:\/\/agora.xtec.cat\/esc-joancasas\/wp-content\/uploads\/usu1722\/2019\/02\/portada-3-300x225.jpg 300w, https:\/\/agora.xtec.cat\/esc-joancasas\/wp-content\/uploads\/usu1722\/2019\/02\/portada-3-200x150.jpg 200w\" sizes=\"auto, (max-width: 577px) 100vw, 577px\" \/><\/a><\/p>\n<p>El passat divendres dia 8 de febrer va ser el torn de la Luc\u00eda. Van venir els seus pares i la seva germana gran, la Sara, que va a EI 3A. Ens han ensenyat moltes fotos i hem vist que tenen una fam\u00edlia molt gran. Sempre que poden les seves cosines, la Sara i ella van a casa de l&#8217;\u00e0via i juguen a disfressar-se i s&#8217;ho passen pipa!<\/p>\n<p>A la L\u00facia li agrada molt la platja i jugar amb la seva germana. Tamb\u00e9 li agrada fer moltes coses: ballet, karate, piscina&#8230;i li encanta fer galetes!, per\u00f2 el que m\u00e9s li agrada de tot \u00e9s estar en fam\u00edlia.<\/p>\n<p>A la classe tamb\u00e9 li agrada fer de tot i avui a la tarda ha triat jugar a trencaclosques amb els companys i la seva fam\u00edlia.<\/p>\n<p>Cliqueu <a href=\"https:\/\/photos.app.goo.gl\/NUV5zp5i61QK3BJy8\">aqu\u00ed<\/a> per a veure les fotos<\/p>\n","protected":false},"excerpt":{"rendered":"<p>&nbsp; El passat divendres dia 8 de febrer va ser el torn de la Luc\u00eda. Van venir els seus pares i la seva germana gran, la Sara, que va a EI 3A. Ens han ensenyat moltes fotos i hem vist que tenen una fam\u00edlia molt gran. Sempre que poden les seves cosines, la Sara i [&hellip;]<\/p>\n","protected":false},"author":1,"featured_media":10740,"comment_status":"open","ping_status":"closed","sticky":false,"template":"","format":"standard","meta":{"_bbp_topic_count":0,"_bbp_reply_count":0,"_bbp_total_topic_count":0,"_bbp_total_reply_count":0,"_bbp_voice_count":0,"_bbp_anonymous_reply_count":0,"_bbp_topic_count_hidden":0,"_bbp_reply_count_hidden":0,"_bbp_forum_subforum_count":0,"site-sidebar-layout":"default","site-content-layout":"","ast-site-content-layout":"","site-content-style":"default","site-sidebar-style":"default","ast-global-header-display":"","ast-banner-title-visibility":"","ast-main-header-display":"","ast-hfb-above-header-display":"","ast-hfb-below-header-display":"","ast-hfb-mobile-header-display":"","site-post-title":"","ast-breadcrumbs-content":"","ast-featured-img":"","footer-sml-layout":"","theme-transparent-header-meta":"","adv-header-id-meta":"","stick-header-meta":"","header-above-stick-meta":"","header-main-stick-meta":"","header-below-stick-meta":"","astra-migrate-meta-layouts":"default","ast-page-background-enabled":"default","ast-page-background-meta":{"desktop":{"background-color":"var(--ast-global-color-4)","background-image":"","background-repeat":"repeat","background-position":"center center","background-size":"auto","background-attachment":"scroll","background-type":"","background-media":"","overlay-type":"","overlay-color":"","overlay-opacity":"","overlay-gradient":""},"tablet":{"background-color":"","background-image":"","background-repeat":"repeat","background-position":"center center","background-size":"auto","background-attachment":"scroll","background-type":"","background-media":"","overlay-type":"","overlay-color":"","overlay-opacity":"","overlay-gradient":""},"mobile":{"background-color":"","background-image":"","background-repeat":"repeat","background-position":"center center","background-size":"auto","background-attachment":"scroll","background-type":"","background-media":"","overlay-type":"","overlay-color":"","overlay-opacity":"","overlay-gradient":""}},"ast-content-background-meta":{"desktop":{"background-color":"var(--ast-global-color-5)","background-image":"","background-repeat":"repeat","background-position":"center center","background-size":"auto","background-attachment":"scroll","background-type":"","background-media":"","overlay-type":"","overlay-color":"","overlay-opacity":"","overlay-gradient":""},"tablet":{"background-color":"var(--ast-global-color-5)","background-image":"","background-repeat":"repeat","background-position":"center center","background-size":"auto","background-attachment":"scroll","background-type":"","background-media":"","overlay-type":"","overlay-color":"","overlay-opacity":"","overlay-gradient":""},"mobile":{"background-color":"var(--ast-global-color-5)","background-image":"","background-repeat":"repeat","background-position":"center center","background-size":"auto","background-attachment":"scroll","background-type":"","background-media":"","overlay-type":"","overlay-color":"","overlay-opacity":"","overlay-gradient":""}},"footnotes":""},"categories":[5],"tags":[98,136,86,164],"class_list":["post-10739","post","type-post","status-publish","format-standard","has-post-thumbnail","hentry","category-primaria","tag-ei1-ei2-ei3","tag-ei1","tag-poc","tag-que-anem-fent"],"post_mailing_queue_ids":[],"_links":{"self":[{"href":"https:\/\/agora.xtec.cat\/esc-joancasas\/wp-json\/wp\/v2\/posts\/10739","targetHints":{"allow":["GET"]}}],"collection":[{"href":"https:\/\/agora.xtec.cat\/esc-joancasas\/wp-json\/wp\/v2\/posts"}],"about":[{"href":"https:\/\/agora.xtec.cat\/esc-joancasas\/wp-json\/wp\/v2\/types\/post"}],"author":[{"embeddable":true,"href":"https:\/\/agora.xtec.cat\/esc-joancasas\/wp-json\/wp\/v2\/users\/1"}],"replies":[{"embeddable":true,"href":"https:\/\/agora.xtec.cat\/esc-joancasas\/wp-json\/wp\/v2\/comments?post=10739"}],"version-history":[{"count":2,"href":"https:\/\/agora.xtec.cat\/esc-joancasas\/wp-json\/wp\/v2\/posts\/10739\/revisions"}],"predecessor-version":[{"id":10754,"href":"https:\/\/agora.xtec.cat\/esc-joancasas\/wp-json\/wp\/v2\/posts\/10739\/revisions\/10754"}],"wp:featuredmedia":[{"embeddable":true,"href":"https:\/\/agora.xtec.cat\/esc-joancasas\/wp-json\/wp\/v2\/media\/10740"}],"wp:attachment":[{"href":"https:\/\/agora.xtec.cat\/esc-joancasas\/wp-json\/wp\/v2\/media?parent=10739"}],"wp:term":[{"taxonomy":"category","embeddable":true,"href":"https:\/\/agora.xtec.cat\/esc-joancasas\/wp-json\/wp\/v2\/categories?post=10739"},{"taxonomy":"post_tag","embeddable":true,"href":"https:\/\/agora.xtec.cat\/esc-joancasas\/wp-json\/wp\/v2\/tags?post=10739"}],"curies":[{"name":"wp","href":"https:\/\/api.w.org\/{rel}","templated":true}]}}