{"id":10645,"date":"2019-01-22T16:47:43","date_gmt":"2019-01-22T15:47:43","guid":{"rendered":"http:\/\/agora.xtec.cat\/esc-joancasas\/?p=10645"},"modified":"2019-02-07T00:35:21","modified_gmt":"2019-02-06T23:35:21","slug":"concurs-de-problemes-a-lesprint","status":"publish","type":"post","link":"https:\/\/agora.xtec.cat\/esc-joancasas\/portada\/concurs-de-problemes-a-lesprint\/","title":{"rendered":"Concurs de Problemes a l&#8217;esprint"},"content":{"rendered":"<p><span style=\"font-family: Arial;\">L&#8217;activitat de resoluci\u00f3 de problemes en l\u00ednia per a equips de centre, que despr\u00e9s va passar a anomenar-se\u00a0<\/span><span style=\"font-family: Arial; color: #000000;\"><b>Problemes a l&#8217;esprint<\/b><\/span><span style=\"font-family: Arial;\">\u00a0va n\u00e8ixer l&#8217;any 2000,\u00a0<i>Any mundial de les matem\u00e0tiques,\u00a0<\/i>com una activitat complement\u00e0ria al Cangur de la\u00a0<b>SCM<\/b>, per a alumnes de segon cicle d&#8217;ESO i Batxillerat. A partir de l&#8217;any 2002 l&#8217;activitat es va passar a desenvolupar en tres nivells ( tamb\u00e9 EP5 i EP6)\u00a0 com una activitat convocada conjuntament per SCM i ABEAM. Des de l&#8217;any 2003 el tauler de joc t\u00e9 una refer\u00e8ncia al <strong>&#8220;<i>no a la guerra<\/i>&#8220;<\/strong>. Des de l&#8217;any 2008 l&#8217;activitat de\u00a0<\/span><span style=\"font-family: Arial; color: #000000;\"><b>Problemes a l&#8217;esprint<\/b><\/span><span style=\"font-family: Arial;\">\u00a0la convoquen conjuntament la FEEMCAT, el cesire\/creamat del Departament d&#8217;Ensenyament i la SCM.<\/span><\/p>\n<p><span style=\"font-family: Arial;\">\u00c9s una activitat en l\u00ednia adre\u00e7ada a equips de centre organitzats de la manera que, en cada centre, es consideri m\u00e9s efica\u00e7.\u00a0<\/span><span style=\"font-family: Arial, Helvetica, sans-serif;\">Per aquestes activitats<b>\u00a0<\/b><\/span><span style=\"font-family: Arial, Helvetica, sans-serif;\"><span style=\"color: #000000;\"><strong>no cal inscripci\u00f3 pr\u00e8via, <\/strong><\/span><span style=\"color: #006600;\">\u00fa<\/span><\/span><span style=\"font-family: Arial, Helvetica, sans-serif;\">nicament un grup d&#8217;alumnes, que pot ser internivells, i que vulguin participar en una activitat col\u00b7laborativa de resoluci\u00f3 de problemes.<\/span><\/p>\n<ul>\n<li><span style=\"font-family: Arial;\">La denominaci\u00f3 de &#8220;<b>a l&#8217;esprint<\/b>&#8221; prov\u00e9 del fet que el centre guanyador \u00e9s el primer que envia totes les solucions\u00a0correctes a les q\u00fcestions de matem\u00e0tiques que es plantegen.<\/span><\/li>\n<li>Cada any s&#8217;organitza una\u00a0Jornada Matem\u00e0tica\u00a0com a cloenda de les activitats\u00a0dels\u00a0Problemes a l&#8217;esprint. Des de fa tres anys la jornada s&#8217;organitza amb la col\u00b7laboraci\u00f3 del <strong>mmaca<\/strong>\u00a0( Museu de Matem\u00e0tiques de Catalunya)amb propostes diverses de divulgaci\u00f3 matem\u00e0tica.\u00a0 Per real\u00e7ar el fet que el que \u00e9s interessant \u00e9s l&#8217;activitat col\u00b7laborativa per a la resoluci\u00f3 de problemes i la participaci\u00f3, a aquest acte es conviden tant alguns dels equips m\u00e9s destacats com d&#8217;altres que hagin tingut una participaci\u00f3 interessant a criteri de la comissi\u00f3 organitzadora.<\/li>\n<\/ul>\n<p>Enguany, a part de ser el tercer curs\u00a0 consecutiu que participarem individualment al <strong>Concurs de les Proves Cangur<\/strong> amb tot l&#8217;alumnat de cinqu\u00e8 i sis\u00e8, volem estrenar-nos en el Concurs per equips col\u00b7laboratius de resoluci\u00f3 de problemes Esprint, tenint com a principal objectiu, gaudir una vegada m\u00e9s, fent matem\u00e0tiques en equips col\u00b7laboratius.<\/p>\n<p>Esperem, doncs, que dem\u00e0 dia 23 de gener, els nostres equips internivells, gaudeixin resolent els reptes a l&#8217;esprint que es plantegin en el Concurs d&#8217;aquest any 2019.<\/p>\n<p>Us deixem l&#8217;enlla\u00e7 per si voleu practicar en formats anteriors:<\/p>\n<p><a href=\"http:\/\/www.cangur.org\/esprint\/primaria2018\/activ\/index.htm\">http:\/\/www.cangur.org\/esprint\/primaria2018\/activ\/index.htm<\/a><\/p>\n","protected":false},"excerpt":{"rendered":"<p>L&#8217;activitat de resoluci\u00f3 de problemes en l\u00ednia per a equips de centre, que despr\u00e9s va passar a anomenar-se\u00a0Problemes a l&#8217;esprint\u00a0va n\u00e8ixer l&#8217;any 2000,\u00a0Any mundial de les matem\u00e0tiques,\u00a0com una activitat complement\u00e0ria al Cangur de la\u00a0SCM, per a alumnes de segon cicle d&#8217;ESO i Batxillerat. A partir de l&#8217;any 2002 l&#8217;activitat es va passar a desenvolupar en [&hellip;]<\/p>\n","protected":false},"author":37,"featured_media":10646,"comment_status":"open","ping_status":"closed","sticky":false,"template":"","format":"standard","meta":{"_bbp_topic_count":0,"_bbp_reply_count":0,"_bbp_total_topic_count":0,"_bbp_total_reply_count":0,"_bbp_voice_count":0,"_bbp_anonymous_reply_count":0,"_bbp_topic_count_hidden":0,"_bbp_reply_count_hidden":0,"_bbp_forum_subforum_count":0,"site-sidebar-layout":"default","site-content-layout":"","ast-site-content-layout":"","site-content-style":"default","site-sidebar-style":"default","ast-global-header-display":"","ast-banner-title-visibility":"","ast-main-header-display":"","ast-hfb-above-header-display":"","ast-hfb-below-header-display":"","ast-hfb-mobile-header-display":"","site-post-title":"","ast-breadcrumbs-content":"","ast-featured-img":"","footer-sml-layout":"","theme-transparent-header-meta":"","adv-header-id-meta":"","stick-header-meta":"","header-above-stick-meta":"","header-main-stick-meta":"","header-below-stick-meta":"","astra-migrate-meta-layouts":"default","ast-page-background-enabled":"default","ast-page-background-meta":{"desktop":{"background-color":"var(--ast-global-color-4)","background-image":"","background-repeat":"repeat","background-position":"center center","background-size":"auto","background-attachment":"scroll","background-type":"","background-media":"","overlay-type":"","overlay-color":"","overlay-opacity":"","overlay-gradient":""},"tablet":{"background-color":"","background-image":"","background-repeat":"repeat","background-position":"center center","background-size":"auto","background-attachment":"scroll","background-type":"","background-media":"","overlay-type":"","overlay-color":"","overlay-opacity":"","overlay-gradient":""},"mobile":{"background-color":"","background-image":"","background-repeat":"repeat","background-position":"center center","background-size":"auto","background-attachment":"scroll","background-type":"","background-media":"","overlay-type":"","overlay-color":"","overlay-opacity":"","overlay-gradient":""}},"ast-content-background-meta":{"desktop":{"background-color":"var(--ast-global-color-5)","background-image":"","background-repeat":"repeat","background-position":"center center","background-size":"auto","background-attachment":"scroll","background-type":"","background-media":"","overlay-type":"","overlay-color":"","overlay-opacity":"","overlay-gradient":""},"tablet":{"background-color":"var(--ast-global-color-5)","background-image":"","background-repeat":"repeat","background-position":"center center","background-size":"auto","background-attachment":"scroll","background-type":"","background-media":"","overlay-type":"","overlay-color":"","overlay-opacity":"","overlay-gradient":""},"mobile":{"background-color":"var(--ast-global-color-5)","background-image":"","background-repeat":"repeat","background-position":"center center","background-size":"auto","background-attachment":"scroll","background-type":"","background-media":"","overlay-type":"","overlay-color":"","overlay-opacity":"","overlay-gradient":""}},"footnotes":""},"categories":[4],"tags":[68,111,91,88],"class_list":["post-10645","post","type-post","status-publish","format-standard","has-post-thumbnail","hentry","category-portada","tag-ep4-ep5-ep6","tag-guacamole-matematic","tag-mon-matematic","tag-portada"],"post_mailing_queue_ids":[],"_links":{"self":[{"href":"https:\/\/agora.xtec.cat\/esc-joancasas\/wp-json\/wp\/v2\/posts\/10645","targetHints":{"allow":["GET"]}}],"collection":[{"href":"https:\/\/agora.xtec.cat\/esc-joancasas\/wp-json\/wp\/v2\/posts"}],"about":[{"href":"https:\/\/agora.xtec.cat\/esc-joancasas\/wp-json\/wp\/v2\/types\/post"}],"author":[{"embeddable":true,"href":"https:\/\/agora.xtec.cat\/esc-joancasas\/wp-json\/wp\/v2\/users\/37"}],"replies":[{"embeddable":true,"href":"https:\/\/agora.xtec.cat\/esc-joancasas\/wp-json\/wp\/v2\/comments?post=10645"}],"version-history":[{"count":1,"href":"https:\/\/agora.xtec.cat\/esc-joancasas\/wp-json\/wp\/v2\/posts\/10645\/revisions"}],"predecessor-version":[{"id":10647,"href":"https:\/\/agora.xtec.cat\/esc-joancasas\/wp-json\/wp\/v2\/posts\/10645\/revisions\/10647"}],"wp:featuredmedia":[{"embeddable":true,"href":"https:\/\/agora.xtec.cat\/esc-joancasas\/wp-json\/wp\/v2\/media\/10646"}],"wp:attachment":[{"href":"https:\/\/agora.xtec.cat\/esc-joancasas\/wp-json\/wp\/v2\/media?parent=10645"}],"wp:term":[{"taxonomy":"category","embeddable":true,"href":"https:\/\/agora.xtec.cat\/esc-joancasas\/wp-json\/wp\/v2\/categories?post=10645"},{"taxonomy":"post_tag","embeddable":true,"href":"https:\/\/agora.xtec.cat\/esc-joancasas\/wp-json\/wp\/v2\/tags?post=10645"}],"curies":[{"name":"wp","href":"https:\/\/api.w.org\/{rel}","templated":true}]}}