{"id":10628,"date":"2019-01-22T10:14:53","date_gmt":"2019-01-22T09:14:53","guid":{"rendered":"http:\/\/agora.xtec.cat\/esc-joancasas\/?p=10628"},"modified":"2019-01-22T10:15:06","modified_gmt":"2019-01-22T09:15:06","slug":"el-protagonista-de-i-1b-laxel","status":"publish","type":"post","link":"https:\/\/agora.xtec.cat\/esc-joancasas\/portada\/general\/el-protagonista-de-i-1b-laxel\/","title":{"rendered":"EL PROTAGONISTA D&#8217;E.I 1B: L&#8217;\u00c0XEL"},"content":{"rendered":"<p>&nbsp;<\/p>\n<p><a href=\"https:\/\/agora.xtec.cat\/esc-joancasas\/wp-content\/uploads\/usu1722\/2019\/01\/portada.jpg\"><img loading=\"lazy\" decoding=\"async\" class=\"wp-image-10629 aligncenter\" src=\"https:\/\/agora.xtec.cat\/esc-joancasas\/wp-content\/uploads\/usu1722\/2019\/01\/portada.jpg\" alt=\"\" width=\"446\" height=\"251\" srcset=\"https:\/\/agora.xtec.cat\/esc-joancasas\/wp-content\/uploads\/usu1722\/2019\/01\/portada.jpg 666w, https:\/\/agora.xtec.cat\/esc-joancasas\/wp-content\/uploads\/usu1722\/2019\/01\/portada-300x169.jpg 300w\" sizes=\"auto, (max-width: 446px) 100vw, 446px\" \/><\/a><\/p>\n<p>El divendres 18 de gener va ser el torn de l&#8217;\u00c0xel, que ens va presentar la seva fam\u00edlia: la mare, el pare i al seu germ\u00e0 petit, en Gael, que no t\u00e9 ni 1 mes! L&#8217;\u00c0xel ens ha explicat moltes coses sobre ell, com per exemple, que el seu past\u00eds de quan va fer 3 anys va ser de xocolata, i tamb\u00e9 que li agrada ajudar a la seva mare a fer pizza. Sobretot ens ha deixat ben clar que el grup de m\u00fasica que m\u00e9s li agrada \u00e9s &#8220;Metalica&#8221;, ja que li encanta tocar la bateria i la guitarra. Un dels seus jocs preferits s\u00f3n els trencaclosques aix\u00ed que hem tret tot de trencaclosques per les taules i hem jugat fer-los. Ha estat una tarda molt entretinguda&#8230; Ah! i el petit Gael ha dormit ben tranquil\u00b7let tota l&#8217;estona.<\/p>\n<p>Cliqueu <a href=\"https:\/\/photos.app.goo.gl\/6UwFBuBkuuAQjRcJA\">aqu\u00ed<\/a> per veure les fotos.<\/p>\n","protected":false},"excerpt":{"rendered":"<p>&nbsp; El divendres 18 de gener va ser el torn de l&#8217;\u00c0xel, que ens va presentar la seva fam\u00edlia: la mare, el pare i al seu germ\u00e0 petit, en Gael, que no t\u00e9 ni 1 mes! L&#8217;\u00c0xel ens ha explicat moltes coses sobre ell, com per exemple, que el seu past\u00eds de quan va fer [&hellip;]<\/p>\n","protected":false},"author":1,"featured_media":10629,"comment_status":"open","ping_status":"closed","sticky":false,"template":"","format":"standard","meta":{"_bbp_topic_count":0,"_bbp_reply_count":0,"_bbp_total_topic_count":0,"_bbp_total_reply_count":0,"_bbp_voice_count":0,"_bbp_anonymous_reply_count":0,"_bbp_topic_count_hidden":0,"_bbp_reply_count_hidden":0,"_bbp_forum_subforum_count":0,"site-sidebar-layout":"default","site-content-layout":"","ast-site-content-layout":"","site-content-style":"default","site-sidebar-style":"default","ast-global-header-display":"","ast-banner-title-visibility":"","ast-main-header-display":"","ast-hfb-above-header-display":"","ast-hfb-below-header-display":"","ast-hfb-mobile-header-display":"","site-post-title":"","ast-breadcrumbs-content":"","ast-featured-img":"","footer-sml-layout":"","theme-transparent-header-meta":"","adv-header-id-meta":"","stick-header-meta":"","header-above-stick-meta":"","header-main-stick-meta":"","header-below-stick-meta":"","astra-migrate-meta-layouts":"default","ast-page-background-enabled":"default","ast-page-background-meta":{"desktop":{"background-color":"var(--ast-global-color-4)","background-image":"","background-repeat":"repeat","background-position":"center center","background-size":"auto","background-attachment":"scroll","background-type":"","background-media":"","overlay-type":"","overlay-color":"","overlay-opacity":"","overlay-gradient":""},"tablet":{"background-color":"","background-image":"","background-repeat":"repeat","background-position":"center center","background-size":"auto","background-attachment":"scroll","background-type":"","background-media":"","overlay-type":"","overlay-color":"","overlay-opacity":"","overlay-gradient":""},"mobile":{"background-color":"","background-image":"","background-repeat":"repeat","background-position":"center center","background-size":"auto","background-attachment":"scroll","background-type":"","background-media":"","overlay-type":"","overlay-color":"","overlay-opacity":"","overlay-gradient":""}},"ast-content-background-meta":{"desktop":{"background-color":"var(--ast-global-color-5)","background-image":"","background-repeat":"repeat","background-position":"center center","background-size":"auto","background-attachment":"scroll","background-type":"","background-media":"","overlay-type":"","overlay-color":"","overlay-opacity":"","overlay-gradient":""},"tablet":{"background-color":"var(--ast-global-color-5)","background-image":"","background-repeat":"repeat","background-position":"center center","background-size":"auto","background-attachment":"scroll","background-type":"","background-media":"","overlay-type":"","overlay-color":"","overlay-opacity":"","overlay-gradient":""},"mobile":{"background-color":"var(--ast-global-color-5)","background-image":"","background-repeat":"repeat","background-position":"center center","background-size":"auto","background-attachment":"scroll","background-type":"","background-media":"","overlay-type":"","overlay-color":"","overlay-opacity":"","overlay-gradient":""}},"footnotes":""},"categories":[1],"tags":[98,136,86],"class_list":["post-10628","post","type-post","status-publish","format-standard","has-post-thumbnail","hentry","category-general","tag-ei1-ei2-ei3","tag-ei1","tag-poc"],"post_mailing_queue_ids":[],"_links":{"self":[{"href":"https:\/\/agora.xtec.cat\/esc-joancasas\/wp-json\/wp\/v2\/posts\/10628","targetHints":{"allow":["GET"]}}],"collection":[{"href":"https:\/\/agora.xtec.cat\/esc-joancasas\/wp-json\/wp\/v2\/posts"}],"about":[{"href":"https:\/\/agora.xtec.cat\/esc-joancasas\/wp-json\/wp\/v2\/types\/post"}],"author":[{"embeddable":true,"href":"https:\/\/agora.xtec.cat\/esc-joancasas\/wp-json\/wp\/v2\/users\/1"}],"replies":[{"embeddable":true,"href":"https:\/\/agora.xtec.cat\/esc-joancasas\/wp-json\/wp\/v2\/comments?post=10628"}],"version-history":[{"count":2,"href":"https:\/\/agora.xtec.cat\/esc-joancasas\/wp-json\/wp\/v2\/posts\/10628\/revisions"}],"predecessor-version":[{"id":10635,"href":"https:\/\/agora.xtec.cat\/esc-joancasas\/wp-json\/wp\/v2\/posts\/10628\/revisions\/10635"}],"wp:featuredmedia":[{"embeddable":true,"href":"https:\/\/agora.xtec.cat\/esc-joancasas\/wp-json\/wp\/v2\/media\/10629"}],"wp:attachment":[{"href":"https:\/\/agora.xtec.cat\/esc-joancasas\/wp-json\/wp\/v2\/media?parent=10628"}],"wp:term":[{"taxonomy":"category","embeddable":true,"href":"https:\/\/agora.xtec.cat\/esc-joancasas\/wp-json\/wp\/v2\/categories?post=10628"},{"taxonomy":"post_tag","embeddable":true,"href":"https:\/\/agora.xtec.cat\/esc-joancasas\/wp-json\/wp\/v2\/tags?post=10628"}],"curies":[{"name":"wp","href":"https:\/\/api.w.org\/{rel}","templated":true}]}}