{"id":10548,"date":"2018-12-20T19:12:37","date_gmt":"2018-12-20T18:12:37","guid":{"rendered":"http:\/\/agora.xtec.cat\/esc-joancasas\/?p=10548"},"modified":"2019-02-04T10:32:11","modified_gmt":"2019-02-04T09:32:11","slug":"festa-del-nadal","status":"publish","type":"post","link":"https:\/\/agora.xtec.cat\/esc-joancasas\/portada\/general\/festa-del-nadal\/","title":{"rendered":"Festa del Nadal!"},"content":{"rendered":"<p style=\"text-align: left;\">Tots els alumnes de l\u2019escola hem estat molt contents\/-es i satisfets\/-es aquest mat\u00ed quan ens ha vingut a visitar el Patge Reial. Quan hem arribat a les 9 hem baixat al pati i hem vist, com de lluny, s&#8217;apropava una motocicleta amb el Patge al damunt&#8230; ens ha sorpr\u00e8s a tots\/-es!<\/p>\n<p>Com cada any, ha tingut una mica de temps en la seva ocupada agenda, i ens ha vingut a visitar i a recollir les cartes, plenes de desitjos i il\u00b7lusions, per fer-les arribar a Ses Majestats els Reis Mags d\u2019Orient.<\/p>\n<p style=\"text-align: left;\">Tamb\u00e9, hem tingut temps de fer cagar el ti\u00f3 i menjar una xocolata d&#8217;all\u00f2 m\u00e9s bona!<\/p>\n<p>Ha estat un dia molt especial i bonic.Donem les gr\u00e0cies a l&#8217;Ampa, mestres i tot el col\u2022lectiu per fer possible un curs m\u00e9s , una festa entrenyable al\u00a0 nostre centre, fruit del treball compartit i en equip. Aquest any , amb indument\u00e0ria nova pels ajudants del patge (alumnes de sis\u00e8), fruit del Workteam d&#8217;Ampa. Espectaculars!!<\/p>\n<p>A continuaci\u00f3 podreu veure un v\u00eddeo amb fotografies d&#8217;aquest dia tan m\u00e0gic!<\/p>\n<div class=\"ast-oembed-container \" style=\"height: 100%;\"><iframe loading=\"lazy\" title=\"Nadal  2018\" width=\"500\" height=\"281\" src=\"https:\/\/www.youtube.com\/embed\/PGqOZe1wjzw?feature=oembed\" frameborder=\"0\" allow=\"accelerometer; autoplay; clipboard-write; encrypted-media; gyroscope; picture-in-picture; web-share\" referrerpolicy=\"strict-origin-when-cross-origin\" allowfullscreen><\/iframe><\/div>\n","protected":false},"excerpt":{"rendered":"<p>Tots els alumnes de l\u2019escola hem estat molt contents\/-es i satisfets\/-es aquest mat\u00ed quan ens ha vingut a visitar el Patge Reial. Quan hem arribat a les 9 hem baixat al pati i hem vist, com de lluny, s&#8217;apropava una motocicleta amb el Patge al damunt&#8230; ens ha sorpr\u00e8s a tots\/-es! Com cada any, ha [&hellip;]<\/p>\n","protected":false},"author":2,"featured_media":10549,"comment_status":"open","ping_status":"closed","sticky":false,"template":"","format":"standard","meta":{"_bbp_topic_count":0,"_bbp_reply_count":0,"_bbp_total_topic_count":0,"_bbp_total_reply_count":0,"_bbp_voice_count":0,"_bbp_anonymous_reply_count":0,"_bbp_topic_count_hidden":0,"_bbp_reply_count_hidden":0,"_bbp_forum_subforum_count":0,"site-sidebar-layout":"default","site-content-layout":"","ast-site-content-layout":"","site-content-style":"default","site-sidebar-style":"default","ast-global-header-display":"","ast-banner-title-visibility":"","ast-main-header-display":"","ast-hfb-above-header-display":"","ast-hfb-below-header-display":"","ast-hfb-mobile-header-display":"","site-post-title":"","ast-breadcrumbs-content":"","ast-featured-img":"","footer-sml-layout":"","theme-transparent-header-meta":"","adv-header-id-meta":"","stick-header-meta":"","header-above-stick-meta":"","header-main-stick-meta":"","header-below-stick-meta":"","astra-migrate-meta-layouts":"default","ast-page-background-enabled":"default","ast-page-background-meta":{"desktop":{"background-color":"var(--ast-global-color-4)","background-image":"","background-repeat":"repeat","background-position":"center center","background-size":"auto","background-attachment":"scroll","background-type":"","background-media":"","overlay-type":"","overlay-color":"","overlay-opacity":"","overlay-gradient":""},"tablet":{"background-color":"","background-image":"","background-repeat":"repeat","background-position":"center center","background-size":"auto","background-attachment":"scroll","background-type":"","background-media":"","overlay-type":"","overlay-color":"","overlay-opacity":"","overlay-gradient":""},"mobile":{"background-color":"","background-image":"","background-repeat":"repeat","background-position":"center center","background-size":"auto","background-attachment":"scroll","background-type":"","background-media":"","overlay-type":"","overlay-color":"","overlay-opacity":"","overlay-gradient":""}},"ast-content-background-meta":{"desktop":{"background-color":"var(--ast-global-color-5)","background-image":"","background-repeat":"repeat","background-position":"center center","background-size":"auto","background-attachment":"scroll","background-type":"","background-media":"","overlay-type":"","overlay-color":"","overlay-opacity":"","overlay-gradient":""},"tablet":{"background-color":"var(--ast-global-color-5)","background-image":"","background-repeat":"repeat","background-position":"center center","background-size":"auto","background-attachment":"scroll","background-type":"","background-media":"","overlay-type":"","overlay-color":"","overlay-opacity":"","overlay-gradient":""},"mobile":{"background-color":"var(--ast-global-color-5)","background-image":"","background-repeat":"repeat","background-position":"center center","background-size":"auto","background-attachment":"scroll","background-type":"","background-media":"","overlay-type":"","overlay-color":"","overlay-opacity":"","overlay-gradient":""}},"footnotes":""},"categories":[1,4],"tags":[156,68,76,98,90,123],"class_list":["post-10548","post","type-post","status-publish","format-standard","has-post-thumbnail","hentry","category-general","category-portada","tag-ampaescola","tag-ep4-ep5-ep6","tag-ep1-ep2-ep3","tag-ei1-ei2-ei3","tag-festes","tag-els-valors"],"post_mailing_queue_ids":[],"_links":{"self":[{"href":"https:\/\/agora.xtec.cat\/esc-joancasas\/wp-json\/wp\/v2\/posts\/10548","targetHints":{"allow":["GET"]}}],"collection":[{"href":"https:\/\/agora.xtec.cat\/esc-joancasas\/wp-json\/wp\/v2\/posts"}],"about":[{"href":"https:\/\/agora.xtec.cat\/esc-joancasas\/wp-json\/wp\/v2\/types\/post"}],"author":[{"embeddable":true,"href":"https:\/\/agora.xtec.cat\/esc-joancasas\/wp-json\/wp\/v2\/users\/2"}],"replies":[{"embeddable":true,"href":"https:\/\/agora.xtec.cat\/esc-joancasas\/wp-json\/wp\/v2\/comments?post=10548"}],"version-history":[{"count":3,"href":"https:\/\/agora.xtec.cat\/esc-joancasas\/wp-json\/wp\/v2\/posts\/10548\/revisions"}],"predecessor-version":[{"id":10555,"href":"https:\/\/agora.xtec.cat\/esc-joancasas\/wp-json\/wp\/v2\/posts\/10548\/revisions\/10555"}],"wp:featuredmedia":[{"embeddable":true,"href":"https:\/\/agora.xtec.cat\/esc-joancasas\/wp-json\/wp\/v2\/media\/10549"}],"wp:attachment":[{"href":"https:\/\/agora.xtec.cat\/esc-joancasas\/wp-json\/wp\/v2\/media?parent=10548"}],"wp:term":[{"taxonomy":"category","embeddable":true,"href":"https:\/\/agora.xtec.cat\/esc-joancasas\/wp-json\/wp\/v2\/categories?post=10548"},{"taxonomy":"post_tag","embeddable":true,"href":"https:\/\/agora.xtec.cat\/esc-joancasas\/wp-json\/wp\/v2\/tags?post=10548"}],"curies":[{"name":"wp","href":"https:\/\/api.w.org\/{rel}","templated":true}]}}