{"id":10482,"date":"2024-12-13T18:00:09","date_gmt":"2024-12-13T17:00:09","guid":{"rendered":"http:\/\/agora.xtec.cat\/esc-joancasas\/?p=10482"},"modified":"2025-04-10T16:17:40","modified_gmt":"2025-04-10T14:17:40","slug":"nadales-i-marato-tv3-tot-un-exit","status":"publish","type":"post","link":"https:\/\/agora.xtec.cat\/esc-joancasas\/portada\/general\/nadales-i-marato-tv3-tot-un-exit\/","title":{"rendered":"Nadales i Marat\u00f3 TV3: tot un \u00e8xit!"},"content":{"rendered":"<p><strong>Celebrar una festa GRAN carregada de PETITS detalls ens fa sentir b\u00e9 i ens agrada compartir-ho!<\/strong><\/p>\n<p>Fam\u00edlies, alumnat i equip ens hem ajuntat per compartir una jornada molt especial al Joan Casas.<\/p>\n<p>Pel mat\u00ed concert de nadales i poemes i per la tarda mercat solidari amb manualitats fetes per l&#8217;alumnat per recaptar diners per la Marat\u00f3 de TV3. Tot plegat ha estat un \u00e8xit no nom\u00e9s per la qualitat executiva, el rigor i la participaci\u00f3 sin\u00f3 per la quantitat de somriures que s&#8217;han viscut en aquesta jornada tan m\u00e0gica a l&#8217;escola.<\/p>\n<p>Per fer possible tot plegat hem de donar les GR\u00c0CIES a l&#8217;Ajuntament SAV, a l&#8217;AFA, a voluntaris i a participants que de manera altru\u00efsta han col\u00b7laborat intensament per\u00f2, sobretot, als infants que han estat els protagonistes.<\/p>\n<p>Tamb\u00e9 volem donar el nostre m\u00e9s sincer agra\u00efment a TRESMES ECOACTIVA sl per la seva aportaci\u00f3 ben\u00e8fica amb la xocolata solid\u00e0ria. Moltes felicitats a tothom!!<\/p>\n<p><a href=\"https:\/\/agora.xtec.cat\/esc-joancasas\/wp-content\/uploads\/usu1722\/2018\/12\/IMG_1456.png\"><img loading=\"lazy\" decoding=\"async\" class=\"aligncenter size-full wp-image-14915\" src=\"https:\/\/agora.xtec.cat\/esc-joancasas\/wp-content\/uploads\/usu1722\/2018\/12\/IMG_1456.png\" alt=\"\" width=\"640\" height=\"360\" srcset=\"https:\/\/agora.xtec.cat\/esc-joancasas\/wp-content\/uploads\/usu1722\/2018\/12\/IMG_1456.png 640w, https:\/\/agora.xtec.cat\/esc-joancasas\/wp-content\/uploads\/usu1722\/2018\/12\/IMG_1456-300x169.png 300w\" sizes=\"auto, (max-width: 640px) 100vw, 640px\" \/><\/a><\/p>\n","protected":false},"excerpt":{"rendered":"<p>Celebrar una festa GRAN carregada de PETITS detalls ens fa sentir b\u00e9 i ens agrada compartir-ho! Fam\u00edlies, alumnat i equip ens hem ajuntat per compartir una jornada molt especial al Joan Casas. Pel mat\u00ed concert de nadales i poemes i per la tarda mercat solidari amb manualitats fetes per l&#8217;alumnat per recaptar diners per la [&hellip;]<\/p>\n","protected":false},"author":1,"featured_media":14916,"comment_status":"open","ping_status":"closed","sticky":false,"template":"","format":"standard","meta":{"_bbp_topic_count":0,"_bbp_reply_count":0,"_bbp_total_topic_count":0,"_bbp_total_reply_count":0,"_bbp_voice_count":0,"_bbp_anonymous_reply_count":0,"_bbp_topic_count_hidden":0,"_bbp_reply_count_hidden":0,"_bbp_forum_subforum_count":0,"site-sidebar-layout":"default","site-content-layout":"","ast-site-content-layout":"","site-content-style":"default","site-sidebar-style":"default","ast-global-header-display":"","ast-banner-title-visibility":"","ast-main-header-display":"","ast-hfb-above-header-display":"","ast-hfb-below-header-display":"","ast-hfb-mobile-header-display":"","site-post-title":"","ast-breadcrumbs-content":"","ast-featured-img":"","footer-sml-layout":"","theme-transparent-header-meta":"","adv-header-id-meta":"","stick-header-meta":"","header-above-stick-meta":"","header-main-stick-meta":"","header-below-stick-meta":"","astra-migrate-meta-layouts":"default","ast-page-background-enabled":"default","ast-page-background-meta":{"desktop":{"background-color":"var(--ast-global-color-4)","background-image":"","background-repeat":"repeat","background-position":"center center","background-size":"auto","background-attachment":"scroll","background-type":"","background-media":"","overlay-type":"","overlay-color":"","overlay-opacity":"","overlay-gradient":""},"tablet":{"background-color":"","background-image":"","background-repeat":"repeat","background-position":"center center","background-size":"auto","background-attachment":"scroll","background-type":"","background-media":"","overlay-type":"","overlay-color":"","overlay-opacity":"","overlay-gradient":""},"mobile":{"background-color":"","background-image":"","background-repeat":"repeat","background-position":"center center","background-size":"auto","background-attachment":"scroll","background-type":"","background-media":"","overlay-type":"","overlay-color":"","overlay-opacity":"","overlay-gradient":""}},"ast-content-background-meta":{"desktop":{"background-color":"var(--ast-global-color-5)","background-image":"","background-repeat":"repeat","background-position":"center center","background-size":"auto","background-attachment":"scroll","background-type":"","background-media":"","overlay-type":"","overlay-color":"","overlay-opacity":"","overlay-gradient":""},"tablet":{"background-color":"var(--ast-global-color-5)","background-image":"","background-repeat":"repeat","background-position":"center center","background-size":"auto","background-attachment":"scroll","background-type":"","background-media":"","overlay-type":"","overlay-color":"","overlay-opacity":"","overlay-gradient":""},"mobile":{"background-color":"var(--ast-global-color-5)","background-image":"","background-repeat":"repeat","background-position":"center center","background-size":"auto","background-attachment":"scroll","background-type":"","background-media":"","overlay-type":"","overlay-color":"","overlay-opacity":"","overlay-gradient":""}},"footnotes":""},"categories":[1,4],"tags":[],"class_list":["post-10482","post","type-post","status-publish","format-standard","has-post-thumbnail","hentry","category-general","category-portada"],"post_mailing_queue_ids":[],"_links":{"self":[{"href":"https:\/\/agora.xtec.cat\/esc-joancasas\/wp-json\/wp\/v2\/posts\/10482","targetHints":{"allow":["GET"]}}],"collection":[{"href":"https:\/\/agora.xtec.cat\/esc-joancasas\/wp-json\/wp\/v2\/posts"}],"about":[{"href":"https:\/\/agora.xtec.cat\/esc-joancasas\/wp-json\/wp\/v2\/types\/post"}],"author":[{"embeddable":true,"href":"https:\/\/agora.xtec.cat\/esc-joancasas\/wp-json\/wp\/v2\/users\/1"}],"replies":[{"embeddable":true,"href":"https:\/\/agora.xtec.cat\/esc-joancasas\/wp-json\/wp\/v2\/comments?post=10482"}],"version-history":[{"count":6,"href":"https:\/\/agora.xtec.cat\/esc-joancasas\/wp-json\/wp\/v2\/posts\/10482\/revisions"}],"predecessor-version":[{"id":14918,"href":"https:\/\/agora.xtec.cat\/esc-joancasas\/wp-json\/wp\/v2\/posts\/10482\/revisions\/14918"}],"wp:featuredmedia":[{"embeddable":true,"href":"https:\/\/agora.xtec.cat\/esc-joancasas\/wp-json\/wp\/v2\/media\/14916"}],"wp:attachment":[{"href":"https:\/\/agora.xtec.cat\/esc-joancasas\/wp-json\/wp\/v2\/media?parent=10482"}],"wp:term":[{"taxonomy":"category","embeddable":true,"href":"https:\/\/agora.xtec.cat\/esc-joancasas\/wp-json\/wp\/v2\/categories?post=10482"},{"taxonomy":"post_tag","embeddable":true,"href":"https:\/\/agora.xtec.cat\/esc-joancasas\/wp-json\/wp\/v2\/tags?post=10482"}],"curies":[{"name":"wp","href":"https:\/\/api.w.org\/{rel}","templated":true}]}}