{"id":10364,"date":"2018-11-25T09:07:27","date_gmt":"2018-11-25T08:07:27","guid":{"rendered":"http:\/\/agora.xtec.cat\/esc-joancasas\/?p=10364"},"modified":"2018-11-25T09:07:27","modified_gmt":"2018-11-25T08:07:27","slug":"adaptats-als-micro-espais","status":"publish","type":"post","link":"https:\/\/agora.xtec.cat\/esc-joancasas\/primaria\/adaptats-als-micro-espais\/","title":{"rendered":"ADAPTATS ALS MICRO-ESPAIS"},"content":{"rendered":"<p>&nbsp;<\/p>\n<p>Enguany hem comen\u00e7at l&#8217;experi\u00e8ncia dels micro-espais a Educaci\u00f3 Infantil. Vam iniciar el\u00a0 projecte a l&#8217;octubre i podem dir que els i les nostres alumnes estan totalment adaptats a funcionar i a treballar d&#8217;una forma aut\u00f2noma, interrelacionant-se amb les diferents experi\u00e8ncies que les mestres els hi oferim a les dues aules del mateix nivell, i a la sala del &#8220;Village&#8221;. Amb aquesta metodologia de treball estan descobrint per ells mateixos el plaer d&#8217;aprendre, de gaudir i d&#8217;enriquir-se emocionalment\u00a0 gr\u00e0cies a la interacci\u00f3 lliure amb els seus\u00a0 companys.<\/p>\n<p>Cliqueu <a href=\"https:\/\/photos.app.goo.gl\/7y1QdmZfAVS74aa9A\">aqu\u00ed<\/a> per veure totes les imatges.<\/p>\n<p style=\"text-align: center;\"><a href=\"https:\/\/agora.xtec.cat\/esc-joancasas\/wp-content\/uploads\/usu1722\/2018\/11\/foto-.jpg\"><img loading=\"lazy\" decoding=\"async\" class=\"size-full wp-image-10366 alignleft\" src=\"https:\/\/agora.xtec.cat\/esc-joancasas\/wp-content\/uploads\/usu1722\/2018\/11\/foto-.jpg\" alt=\"\" width=\"400\" height=\"225\" srcset=\"https:\/\/agora.xtec.cat\/esc-joancasas\/wp-content\/uploads\/usu1722\/2018\/11\/foto-.jpg 400w, https:\/\/agora.xtec.cat\/esc-joancasas\/wp-content\/uploads\/usu1722\/2018\/11\/foto--300x169.jpg 300w\" sizes=\"auto, (max-width: 400px) 100vw, 400px\" \/><\/a><\/p>\n<p>&nbsp;<\/p>\n","protected":false},"excerpt":{"rendered":"<p>&nbsp; Enguany hem comen\u00e7at l&#8217;experi\u00e8ncia dels micro-espais a Educaci\u00f3 Infantil. Vam iniciar el\u00a0 projecte a l&#8217;octubre i podem dir que els i les nostres alumnes estan totalment adaptats a funcionar i a treballar d&#8217;una forma aut\u00f2noma, interrelacionant-se amb les diferents experi\u00e8ncies que les mestres els hi oferim a les dues aules del mateix nivell, i [&hellip;]<\/p>\n","protected":false},"author":1,"featured_media":10365,"comment_status":"open","ping_status":"closed","sticky":false,"template":"","format":"standard","meta":{"_bbp_topic_count":0,"_bbp_reply_count":0,"_bbp_total_topic_count":0,"_bbp_total_reply_count":0,"_bbp_voice_count":0,"_bbp_anonymous_reply_count":0,"_bbp_topic_count_hidden":0,"_bbp_reply_count_hidden":0,"_bbp_forum_subforum_count":0,"site-sidebar-layout":"default","site-content-layout":"","ast-site-content-layout":"","site-content-style":"default","site-sidebar-style":"default","ast-global-header-display":"","ast-banner-title-visibility":"","ast-main-header-display":"","ast-hfb-above-header-display":"","ast-hfb-below-header-display":"","ast-hfb-mobile-header-display":"","site-post-title":"","ast-breadcrumbs-content":"","ast-featured-img":"","footer-sml-layout":"","theme-transparent-header-meta":"","adv-header-id-meta":"","stick-header-meta":"","header-above-stick-meta":"","header-main-stick-meta":"","header-below-stick-meta":"","astra-migrate-meta-layouts":"default","ast-page-background-enabled":"default","ast-page-background-meta":{"desktop":{"background-color":"var(--ast-global-color-4)","background-image":"","background-repeat":"repeat","background-position":"center center","background-size":"auto","background-attachment":"scroll","background-type":"","background-media":"","overlay-type":"","overlay-color":"","overlay-opacity":"","overlay-gradient":""},"tablet":{"background-color":"","background-image":"","background-repeat":"repeat","background-position":"center center","background-size":"auto","background-attachment":"scroll","background-type":"","background-media":"","overlay-type":"","overlay-color":"","overlay-opacity":"","overlay-gradient":""},"mobile":{"background-color":"","background-image":"","background-repeat":"repeat","background-position":"center center","background-size":"auto","background-attachment":"scroll","background-type":"","background-media":"","overlay-type":"","overlay-color":"","overlay-opacity":"","overlay-gradient":""}},"ast-content-background-meta":{"desktop":{"background-color":"var(--ast-global-color-5)","background-image":"","background-repeat":"repeat","background-position":"center center","background-size":"auto","background-attachment":"scroll","background-type":"","background-media":"","overlay-type":"","overlay-color":"","overlay-opacity":"","overlay-gradient":""},"tablet":{"background-color":"var(--ast-global-color-5)","background-image":"","background-repeat":"repeat","background-position":"center center","background-size":"auto","background-attachment":"scroll","background-type":"","background-media":"","overlay-type":"","overlay-color":"","overlay-opacity":"","overlay-gradient":""},"mobile":{"background-color":"var(--ast-global-color-5)","background-image":"","background-repeat":"repeat","background-position":"center center","background-size":"auto","background-attachment":"scroll","background-type":"","background-media":"","overlay-type":"","overlay-color":"","overlay-opacity":"","overlay-gradient":""}},"footnotes":""},"categories":[5],"tags":[98,136,132,126,140,139,123],"class_list":["post-10364","post","type-post","status-publish","format-standard","has-post-thumbnail","hentry","category-primaria","tag-ei1-ei2-ei3","tag-ei1","tag-ei2","tag-microespais","tag-projecte-descola","tag-joc-simbolic-ei","tag-els-valors"],"post_mailing_queue_ids":[],"_links":{"self":[{"href":"https:\/\/agora.xtec.cat\/esc-joancasas\/wp-json\/wp\/v2\/posts\/10364","targetHints":{"allow":["GET"]}}],"collection":[{"href":"https:\/\/agora.xtec.cat\/esc-joancasas\/wp-json\/wp\/v2\/posts"}],"about":[{"href":"https:\/\/agora.xtec.cat\/esc-joancasas\/wp-json\/wp\/v2\/types\/post"}],"author":[{"embeddable":true,"href":"https:\/\/agora.xtec.cat\/esc-joancasas\/wp-json\/wp\/v2\/users\/1"}],"replies":[{"embeddable":true,"href":"https:\/\/agora.xtec.cat\/esc-joancasas\/wp-json\/wp\/v2\/comments?post=10364"}],"version-history":[{"count":2,"href":"https:\/\/agora.xtec.cat\/esc-joancasas\/wp-json\/wp\/v2\/posts\/10364\/revisions"}],"predecessor-version":[{"id":10368,"href":"https:\/\/agora.xtec.cat\/esc-joancasas\/wp-json\/wp\/v2\/posts\/10364\/revisions\/10368"}],"wp:featuredmedia":[{"embeddable":true,"href":"https:\/\/agora.xtec.cat\/esc-joancasas\/wp-json\/wp\/v2\/media\/10365"}],"wp:attachment":[{"href":"https:\/\/agora.xtec.cat\/esc-joancasas\/wp-json\/wp\/v2\/media?parent=10364"}],"wp:term":[{"taxonomy":"category","embeddable":true,"href":"https:\/\/agora.xtec.cat\/esc-joancasas\/wp-json\/wp\/v2\/categories?post=10364"},{"taxonomy":"post_tag","embeddable":true,"href":"https:\/\/agora.xtec.cat\/esc-joancasas\/wp-json\/wp\/v2\/tags?post=10364"}],"curies":[{"name":"wp","href":"https:\/\/api.w.org\/{rel}","templated":true}]}}