{"id":10320,"date":"2018-11-20T12:24:07","date_gmt":"2018-11-20T11:24:07","guid":{"rendered":"http:\/\/agora.xtec.cat\/esc-joancasas\/?p=10320"},"modified":"2019-02-04T10:32:58","modified_gmt":"2019-02-04T09:32:58","slug":"jesus-costa-ens-visita-al-centre","status":"publish","type":"post","link":"https:\/\/agora.xtec.cat\/esc-joancasas\/portada\/general\/jesus-costa-ens-visita-al-centre\/","title":{"rendered":"Jes\u00fas Costa ens Visita al Centre"},"content":{"rendered":"<p align=\"justify\"><strong>&#8221; Bon Nadal des de l&#8217;aire&#8221;,\u00a0<\/strong>Aquesta peculiar exposici\u00f3 de pintura, \u00e9s un projecte que van engegar les escoles de Llinars del Vall\u00e8s i el pintor <strong>Jes\u00fas Costa<\/strong> l&#8217;any 2012 i en el qual hi han participat alumnes de tots els centres de Llinars i nosaltres, el Joan Casas, per tercer any consecutiu. Tot un repte, que segueix traslladant l&#8217;art als carrers i places de Llinars i que un any m\u00e9s ens hi seguim sumant.<a href=\"https:\/\/agora.xtec.cat\/esc-joancasas\/wp-content\/uploads\/usu1722\/2018\/11\/pintant-banderoles.jpg\"><img loading=\"lazy\" decoding=\"async\" class=\"wp-image-10324 alignleft\" src=\"https:\/\/agora.xtec.cat\/esc-joancasas\/wp-content\/uploads\/usu1722\/2018\/11\/pintant-banderoles.jpg\" alt=\"\" width=\"285\" height=\"203\" srcset=\"https:\/\/agora.xtec.cat\/esc-joancasas\/wp-content\/uploads\/usu1722\/2018\/11\/pintant-banderoles.jpg 747w, https:\/\/agora.xtec.cat\/esc-joancasas\/wp-content\/uploads\/usu1722\/2018\/11\/pintant-banderoles-300x214.jpg 300w\" sizes=\"auto, (max-width: 285px) 100vw, 285px\" \/><\/a><\/p>\n<p align=\"justify\">Aquest curs hem tingut el privilegi d&#8217;haver rebut la visita del Jes\u00fas Costa i d&#8217;haver conegut m\u00e9s sobre la seva experi\u00e8ncia art\u00edstica i a la vegada ens ha ensenyat t\u00e8cniques i ens ha orientat en els dissenys dels alum<a href=\"https:\/\/agora.xtec.cat\/esc-joancasas\/wp-content\/uploads\/usu1722\/2018\/11\/clase-jesus.jpg\"><img loading=\"lazy\" decoding=\"async\" class=\" wp-image-10323 alignright\" src=\"https:\/\/agora.xtec.cat\/esc-joancasas\/wp-content\/uploads\/usu1722\/2018\/11\/clase-jesus-1024x520.jpg\" alt=\"\" width=\"260\" height=\"132\" srcset=\"https:\/\/agora.xtec.cat\/esc-joancasas\/wp-content\/uploads\/usu1722\/2018\/11\/clase-jesus-1024x520.jpg 1024w, https:\/\/agora.xtec.cat\/esc-joancasas\/wp-content\/uploads\/usu1722\/2018\/11\/clase-jesus-300x152.jpg 300w, https:\/\/agora.xtec.cat\/esc-joancasas\/wp-content\/uploads\/usu1722\/2018\/11\/clase-jesus-768x390.jpg 768w, https:\/\/agora.xtec.cat\/esc-joancasas\/wp-content\/uploads\/usu1722\/2018\/11\/clase-jesus.jpg 1044w\" sizes=\"auto, (max-width: 260px) 100vw, 260px\" \/><\/a>nes de Cinqu\u00e8. Ha resp\u00f2s a les preguntes i interessos dels alumnes de cinqu\u00e8 i ha visitat els m\u00e9s petits del centre per donar-se a con\u00e8ixer.<\/p>\n<p>Esperem que el proper curs, tamb\u00e9 puguem gaudir de la seva mirada i aportaci\u00f3 com a pintor pels futurs dissenys i poder contribuir, d&#8217;aquesta manera, al Projecte del Pintor tot deixant la nostra empremta pels carrers i places de Llinars del Vall\u00e8s, i gaudint d&#8217;aquesta oportunitat.<a href=\"https:\/\/agora.xtec.cat\/esc-joancasas\/wp-content\/uploads\/usu1722\/2018\/11\/IMG-20181120-WA0035.jpg\"><img loading=\"lazy\" decoding=\"async\" class=\"wp-image-10331 alignleft\" src=\"https:\/\/agora.xtec.cat\/esc-joancasas\/wp-content\/uploads\/usu1722\/2018\/11\/IMG-20181120-WA0035-1024x497.jpg\" alt=\"\" width=\"413\" height=\"200\" srcset=\"https:\/\/agora.xtec.cat\/esc-joancasas\/wp-content\/uploads\/usu1722\/2018\/11\/IMG-20181120-WA0035-1024x497.jpg 1024w, https:\/\/agora.xtec.cat\/esc-joancasas\/wp-content\/uploads\/usu1722\/2018\/11\/IMG-20181120-WA0035-300x146.jpg 300w, https:\/\/agora.xtec.cat\/esc-joancasas\/wp-content\/uploads\/usu1722\/2018\/11\/IMG-20181120-WA0035-768x373.jpg 768w, https:\/\/agora.xtec.cat\/esc-joancasas\/wp-content\/uploads\/usu1722\/2018\/11\/IMG-20181120-WA0035.jpg 1600w\" sizes=\"auto, (max-width: 413px) 100vw, 413px\" \/><\/a><a href=\"https:\/\/agora.xtec.cat\/esc-joancasas\/wp-content\/uploads\/usu1722\/2018\/11\/IMG-20181120-WA0032.jpg\"><img loading=\"lazy\" decoding=\"async\" class=\"wp-image-10333 alignleft\" src=\"https:\/\/agora.xtec.cat\/esc-joancasas\/wp-content\/uploads\/usu1722\/2018\/11\/IMG-20181120-WA0032-1024x768.jpg\" alt=\"\" width=\"412\" height=\"309\" srcset=\"https:\/\/agora.xtec.cat\/esc-joancasas\/wp-content\/uploads\/usu1722\/2018\/11\/IMG-20181120-WA0032-1024x768.jpg 1024w, https:\/\/agora.xtec.cat\/esc-joancasas\/wp-content\/uploads\/usu1722\/2018\/11\/IMG-20181120-WA0032-300x225.jpg 300w, https:\/\/agora.xtec.cat\/esc-joancasas\/wp-content\/uploads\/usu1722\/2018\/11\/IMG-20181120-WA0032-768x576.jpg 768w, https:\/\/agora.xtec.cat\/esc-joancasas\/wp-content\/uploads\/usu1722\/2018\/11\/IMG-20181120-WA0032-200x150.jpg 200w, https:\/\/agora.xtec.cat\/esc-joancasas\/wp-content\/uploads\/usu1722\/2018\/11\/IMG-20181120-WA0032.jpg 1600w\" sizes=\"auto, (max-width: 412px) 100vw, 412px\" \/><\/a><a href=\"https:\/\/agora.xtec.cat\/esc-joancasas\/wp-content\/uploads\/usu1722\/2018\/11\/jes\u00fas-costa.jpg\"><img loading=\"lazy\" decoding=\"async\" class=\"wp-image-10322 alignnone\" src=\"https:\/\/agora.xtec.cat\/esc-joancasas\/wp-content\/uploads\/usu1722\/2018\/11\/jes\u00fas-costa.jpg\" alt=\"\" width=\"306\" height=\"417\" srcset=\"https:\/\/agora.xtec.cat\/esc-joancasas\/wp-content\/uploads\/usu1722\/2018\/11\/jes\u00fas-costa.jpg 743w, https:\/\/agora.xtec.cat\/esc-joancasas\/wp-content\/uploads\/usu1722\/2018\/11\/jes\u00fas-costa-220x300.jpg 220w\" sizes=\"auto, (max-width: 306px) 100vw, 306px\" \/><\/a><\/p>\n","protected":false},"excerpt":{"rendered":"<p>&#8221; Bon Nadal des de l&#8217;aire&#8221;,\u00a0Aquesta peculiar exposici\u00f3 de pintura, \u00e9s un projecte que van engegar les escoles de Llinars del Vall\u00e8s i el pintor Jes\u00fas Costa l&#8217;any 2012 i en el qual hi han participat alumnes de tots els centres de Llinars i nosaltres, el Joan Casas, per tercer any consecutiu. Tot un repte, [&hellip;]<\/p>\n","protected":false},"author":1,"featured_media":10322,"comment_status":"open","ping_status":"closed","sticky":false,"template":"","format":"standard","meta":{"_bbp_topic_count":0,"_bbp_reply_count":0,"_bbp_total_topic_count":0,"_bbp_total_reply_count":0,"_bbp_voice_count":0,"_bbp_anonymous_reply_count":0,"_bbp_topic_count_hidden":0,"_bbp_reply_count_hidden":0,"_bbp_forum_subforum_count":0,"site-sidebar-layout":"default","site-content-layout":"","ast-site-content-layout":"","site-content-style":"default","site-sidebar-style":"default","ast-global-header-display":"","ast-banner-title-visibility":"","ast-main-header-display":"","ast-hfb-above-header-display":"","ast-hfb-below-header-display":"","ast-hfb-mobile-header-display":"","site-post-title":"","ast-breadcrumbs-content":"","ast-featured-img":"","footer-sml-layout":"","theme-transparent-header-meta":"","adv-header-id-meta":"","stick-header-meta":"","header-above-stick-meta":"","header-main-stick-meta":"","header-below-stick-meta":"","astra-migrate-meta-layouts":"default","ast-page-background-enabled":"default","ast-page-background-meta":{"desktop":{"background-color":"var(--ast-global-color-4)","background-image":"","background-repeat":"repeat","background-position":"center center","background-size":"auto","background-attachment":"scroll","background-type":"","background-media":"","overlay-type":"","overlay-color":"","overlay-opacity":"","overlay-gradient":""},"tablet":{"background-color":"","background-image":"","background-repeat":"repeat","background-position":"center center","background-size":"auto","background-attachment":"scroll","background-type":"","background-media":"","overlay-type":"","overlay-color":"","overlay-opacity":"","overlay-gradient":""},"mobile":{"background-color":"","background-image":"","background-repeat":"repeat","background-position":"center center","background-size":"auto","background-attachment":"scroll","background-type":"","background-media":"","overlay-type":"","overlay-color":"","overlay-opacity":"","overlay-gradient":""}},"ast-content-background-meta":{"desktop":{"background-color":"var(--ast-global-color-5)","background-image":"","background-repeat":"repeat","background-position":"center center","background-size":"auto","background-attachment":"scroll","background-type":"","background-media":"","overlay-type":"","overlay-color":"","overlay-opacity":"","overlay-gradient":""},"tablet":{"background-color":"var(--ast-global-color-5)","background-image":"","background-repeat":"repeat","background-position":"center center","background-size":"auto","background-attachment":"scroll","background-type":"","background-media":"","overlay-type":"","overlay-color":"","overlay-opacity":"","overlay-gradient":""},"mobile":{"background-color":"var(--ast-global-color-5)","background-image":"","background-repeat":"repeat","background-position":"center center","background-size":"auto","background-attachment":"scroll","background-type":"","background-media":"","overlay-type":"","overlay-color":"","overlay-opacity":"","overlay-gradient":""}},"footnotes":""},"categories":[1,4],"tags":[68,98,140,123,116],"class_list":["post-10320","post","type-post","status-publish","format-standard","has-post-thumbnail","hentry","category-general","category-portada","tag-ep4-ep5-ep6","tag-ei1-ei2-ei3","tag-projecte-descola","tag-els-valors","tag-art"],"post_mailing_queue_ids":[],"_links":{"self":[{"href":"https:\/\/agora.xtec.cat\/esc-joancasas\/wp-json\/wp\/v2\/posts\/10320","targetHints":{"allow":["GET"]}}],"collection":[{"href":"https:\/\/agora.xtec.cat\/esc-joancasas\/wp-json\/wp\/v2\/posts"}],"about":[{"href":"https:\/\/agora.xtec.cat\/esc-joancasas\/wp-json\/wp\/v2\/types\/post"}],"author":[{"embeddable":true,"href":"https:\/\/agora.xtec.cat\/esc-joancasas\/wp-json\/wp\/v2\/users\/1"}],"replies":[{"embeddable":true,"href":"https:\/\/agora.xtec.cat\/esc-joancasas\/wp-json\/wp\/v2\/comments?post=10320"}],"version-history":[{"count":3,"href":"https:\/\/agora.xtec.cat\/esc-joancasas\/wp-json\/wp\/v2\/posts\/10320\/revisions"}],"predecessor-version":[{"id":10334,"href":"https:\/\/agora.xtec.cat\/esc-joancasas\/wp-json\/wp\/v2\/posts\/10320\/revisions\/10334"}],"wp:featuredmedia":[{"embeddable":true,"href":"https:\/\/agora.xtec.cat\/esc-joancasas\/wp-json\/wp\/v2\/media\/10322"}],"wp:attachment":[{"href":"https:\/\/agora.xtec.cat\/esc-joancasas\/wp-json\/wp\/v2\/media?parent=10320"}],"wp:term":[{"taxonomy":"category","embeddable":true,"href":"https:\/\/agora.xtec.cat\/esc-joancasas\/wp-json\/wp\/v2\/categories?post=10320"},{"taxonomy":"post_tag","embeddable":true,"href":"https:\/\/agora.xtec.cat\/esc-joancasas\/wp-json\/wp\/v2\/tags?post=10320"}],"curies":[{"name":"wp","href":"https:\/\/api.w.org\/{rel}","templated":true}]}}