{"id":10056,"date":"2018-10-16T13:00:59","date_gmt":"2018-10-16T11:00:59","guid":{"rendered":"http:\/\/agora.xtec.cat\/esc-joancasas\/?p=10056"},"modified":"2018-10-20T14:04:01","modified_gmt":"2018-10-20T12:04:01","slug":"dia-internacional-del-svb","status":"publish","type":"post","link":"https:\/\/agora.xtec.cat\/esc-joancasas\/portada\/general\/dia-internacional-del-svb\/","title":{"rendered":"Dia internacional del SVB"},"content":{"rendered":"<p>AVUI DIA INTERNACIONAL DEL <strong>SUPORT VITAL B\u00c0SIC<\/strong><\/p>\n<div class=\"gmail_default\">Avui, 16 d&#8217;octubre es celebren moltes coses, entre elles, el dia internacional del Suport vital B\u00e0sic.<\/div>\n<div><\/div>\n<div class=\"gmail_default\">\n<p>L&#8217;escola participa des del 2014 estretament amb el CRP en la formaci\u00f3 de zona com a centre referent de formaci\u00f3 i aquest curs la iniciem\u00a0 als alumnes de sis\u00e8,10h te\u00f2riques.<\/p>\n<p>Les escoles participants confeccionen un mural representant accions relacionades amb el suport i de tot plegat es realitzar\u00e0 un petit reportatge que compartirem amb vosaltres, el CRP i el Consell Catal\u00e0 de Ressuscitaci\u00f3.<\/p>\n<\/div>\n<div class=\"gmail_default\"><\/div>\n<div class=\"gmail_default\"><strong>Per a m\u00e9s informaci\u00f3 us deixem aqu\u00ed el link del CCR: <a href=\"http:\/\/ccr.cat\/\" target=\"_blank\" rel=\"noopener\" data-saferedirecturl=\"https:\/\/www.google.com\/url?hl=ca&amp;q=http:\/\/ccr.cat\/&amp;source=gmail&amp;ust=1539773389587000&amp;usg=AFQjCNFXzW_7jEeZy_mdiFftKIxZq84reg\">http:\/\/ccr.cat\/<\/a><\/strong><\/div>\n<div><\/div>\n<div><a href=\"https:\/\/agora.xtec.cat\/esc-joancasas\/wp-content\/uploads\/usu1722\/2018\/10\/image.jpeg\"><img loading=\"lazy\" decoding=\"async\" class=\"size-full wp-image-10055 aligncenter\" src=\"https:\/\/agora.xtec.cat\/esc-joancasas\/wp-content\/uploads\/usu1722\/2018\/10\/image.jpeg\" alt=\"\" width=\"415\" height=\"314\" srcset=\"https:\/\/agora.xtec.cat\/esc-joancasas\/wp-content\/uploads\/usu1722\/2018\/10\/image.jpeg 415w, https:\/\/agora.xtec.cat\/esc-joancasas\/wp-content\/uploads\/usu1722\/2018\/10\/image-300x227.jpeg 300w, https:\/\/agora.xtec.cat\/esc-joancasas\/wp-content\/uploads\/usu1722\/2018\/10\/image-200x150.jpeg 200w\" sizes=\"auto, (max-width: 415px) 100vw, 415px\" \/><\/a><\/div>\n","protected":false},"excerpt":{"rendered":"<p>AVUI DIA INTERNACIONAL DEL SUPORT VITAL B\u00c0SIC Avui, 16 d&#8217;octubre es celebren moltes coses, entre elles, el dia internacional del Suport vital B\u00e0sic. L&#8217;escola participa des del 2014 estretament amb el CRP en la formaci\u00f3 de zona com a centre referent de formaci\u00f3 i aquest curs la iniciem\u00a0 als alumnes de sis\u00e8,10h te\u00f2riques. Les escoles [&hellip;]<\/p>\n","protected":false},"author":1,"featured_media":10055,"comment_status":"open","ping_status":"closed","sticky":false,"template":"","format":"standard","meta":{"_bbp_topic_count":0,"_bbp_reply_count":0,"_bbp_total_topic_count":0,"_bbp_total_reply_count":0,"_bbp_voice_count":0,"_bbp_anonymous_reply_count":0,"_bbp_topic_count_hidden":0,"_bbp_reply_count_hidden":0,"_bbp_forum_subforum_count":0,"site-sidebar-layout":"default","site-content-layout":"","ast-site-content-layout":"","site-content-style":"default","site-sidebar-style":"default","ast-global-header-display":"","ast-banner-title-visibility":"","ast-main-header-display":"","ast-hfb-above-header-display":"","ast-hfb-below-header-display":"","ast-hfb-mobile-header-display":"","site-post-title":"","ast-breadcrumbs-content":"","ast-featured-img":"","footer-sml-layout":"","theme-transparent-header-meta":"","adv-header-id-meta":"","stick-header-meta":"","header-above-stick-meta":"","header-main-stick-meta":"","header-below-stick-meta":"","astra-migrate-meta-layouts":"default","ast-page-background-enabled":"default","ast-page-background-meta":{"desktop":{"background-color":"var(--ast-global-color-4)","background-image":"","background-repeat":"repeat","background-position":"center center","background-size":"auto","background-attachment":"scroll","background-type":"","background-media":"","overlay-type":"","overlay-color":"","overlay-opacity":"","overlay-gradient":""},"tablet":{"background-color":"","background-image":"","background-repeat":"repeat","background-position":"center center","background-size":"auto","background-attachment":"scroll","background-type":"","background-media":"","overlay-type":"","overlay-color":"","overlay-opacity":"","overlay-gradient":""},"mobile":{"background-color":"","background-image":"","background-repeat":"repeat","background-position":"center center","background-size":"auto","background-attachment":"scroll","background-type":"","background-media":"","overlay-type":"","overlay-color":"","overlay-opacity":"","overlay-gradient":""}},"ast-content-background-meta":{"desktop":{"background-color":"var(--ast-global-color-5)","background-image":"","background-repeat":"repeat","background-position":"center center","background-size":"auto","background-attachment":"scroll","background-type":"","background-media":"","overlay-type":"","overlay-color":"","overlay-opacity":"","overlay-gradient":""},"tablet":{"background-color":"var(--ast-global-color-5)","background-image":"","background-repeat":"repeat","background-position":"center center","background-size":"auto","background-attachment":"scroll","background-type":"","background-media":"","overlay-type":"","overlay-color":"","overlay-opacity":"","overlay-gradient":""},"mobile":{"background-color":"var(--ast-global-color-5)","background-image":"","background-repeat":"repeat","background-position":"center center","background-size":"auto","background-attachment":"scroll","background-type":"","background-media":"","overlay-type":"","overlay-color":"","overlay-opacity":"","overlay-gradient":""}},"footnotes":""},"categories":[1],"tags":[],"class_list":["post-10056","post","type-post","status-publish","format-standard","has-post-thumbnail","hentry","category-general"],"post_mailing_queue_ids":[],"_links":{"self":[{"href":"https:\/\/agora.xtec.cat\/esc-joancasas\/wp-json\/wp\/v2\/posts\/10056","targetHints":{"allow":["GET"]}}],"collection":[{"href":"https:\/\/agora.xtec.cat\/esc-joancasas\/wp-json\/wp\/v2\/posts"}],"about":[{"href":"https:\/\/agora.xtec.cat\/esc-joancasas\/wp-json\/wp\/v2\/types\/post"}],"author":[{"embeddable":true,"href":"https:\/\/agora.xtec.cat\/esc-joancasas\/wp-json\/wp\/v2\/users\/1"}],"replies":[{"embeddable":true,"href":"https:\/\/agora.xtec.cat\/esc-joancasas\/wp-json\/wp\/v2\/comments?post=10056"}],"version-history":[{"count":2,"href":"https:\/\/agora.xtec.cat\/esc-joancasas\/wp-json\/wp\/v2\/posts\/10056\/revisions"}],"predecessor-version":[{"id":10058,"href":"https:\/\/agora.xtec.cat\/esc-joancasas\/wp-json\/wp\/v2\/posts\/10056\/revisions\/10058"}],"wp:featuredmedia":[{"embeddable":true,"href":"https:\/\/agora.xtec.cat\/esc-joancasas\/wp-json\/wp\/v2\/media\/10055"}],"wp:attachment":[{"href":"https:\/\/agora.xtec.cat\/esc-joancasas\/wp-json\/wp\/v2\/media?parent=10056"}],"wp:term":[{"taxonomy":"category","embeddable":true,"href":"https:\/\/agora.xtec.cat\/esc-joancasas\/wp-json\/wp\/v2\/categories?post=10056"},{"taxonomy":"post_tag","embeddable":true,"href":"https:\/\/agora.xtec.cat\/esc-joancasas\/wp-json\/wp\/v2\/tags?post=10056"}],"curies":[{"name":"wp","href":"https:\/\/api.w.org\/{rel}","templated":true}]}}