{"id":5439,"date":"2019-02-22T17:37:12","date_gmt":"2019-02-22T16:37:12","guid":{"rendered":"http:\/\/agora.xtec.cat\/esc-jmaragall\/?p=5439"},"modified":"2019-02-22T17:37:12","modified_gmt":"2019-02-22T16:37:12","slug":"aquest-divendres-dins-el-bagul-de-contes-la-coral-de-les-granotes","status":"publish","type":"post","link":"https:\/\/agora.xtec.cat\/esc-jmaragall\/general\/aquest-divendres-dins-el-bagul-de-contes-la-coral-de-les-granotes\/","title":{"rendered":"AQUEST DIVENDRES DINS EL BAGUL DE CONTES&#8230; La Coral de Les Granotes"},"content":{"rendered":"<p>La Berta i l&#8217;Arlet son dues amigues granotes que volen participar a la Coral el d\u00eda del Festival. El Rpoblema es que l&#8217; Arlet \u00e9s massa petita i la Berta canta molt malament. Com que s&#8217;estimen molt s&#8217;ajuden entre elles per\u00f2 no n&#8217;hi ha prou, perqu\u00e8 no fem trampes? L&#8217;Arlet \u00e9s tant petita que es pot amagar dins la boca de la Berta i cantar com si fos ella&#8230; El que passa \u00e9s que no els hi agrada dir mentides i prefereixen arreglar-ho amb el Sr. Oriol, el director d&#8217;orquestra. Els nens i nenes que han vingut aquesta tarda a la Biblioteca canten tant b\u00e9 com les Granotes!<\/p>\n<p><a href=\"https:\/\/agora.xtec.cat\/esc-jmaragall\/wp-content\/uploads\/usu782\/2019\/02\/granota-coral.jpg\"><img loading=\"lazy\" decoding=\"async\" class=\"alignnone size-medium wp-image-5440\" src=\"https:\/\/agora.xtec.cat\/esc-jmaragall\/wp-content\/uploads\/usu782\/2019\/02\/granota-coral-300x256.jpg\" alt=\"\" width=\"300\" height=\"256\" srcset=\"https:\/\/agora.xtec.cat\/esc-jmaragall\/wp-content\/uploads\/usu782\/2019\/02\/granota-coral-300x256.jpg 300w, https:\/\/agora.xtec.cat\/esc-jmaragall\/wp-content\/uploads\/usu782\/2019\/02\/granota-coral.jpg 560w\" sizes=\"auto, (max-width: 300px) 100vw, 300px\" \/><\/a><\/p>\n","protected":false},"excerpt":{"rendered":"<p>La Berta i l&#8217;Arlet son dues amigues granotes que volen participar a la Coral el d\u00eda del Festival. El Rpoblema es que l&#8217; Arlet \u00e9s massa petita i la Berta canta molt malament. Com que s&#8217;estimen molt s&#8217;ajuden entre elles per\u00f2 no n&#8217;hi ha prou, perqu\u00e8 no fem trampes? L&#8217;Arlet \u00e9s tant petita que es [&hellip;]<\/p>\n","protected":false},"author":9,"featured_media":5440,"comment_status":"closed","ping_status":"closed","sticky":false,"template":"","format":"standard","meta":{"_bbp_topic_count":0,"_bbp_reply_count":0,"_bbp_total_topic_count":0,"_bbp_total_reply_count":0,"_bbp_voice_count":0,"_bbp_anonymous_reply_count":0,"_bbp_topic_count_hidden":0,"_bbp_reply_count_hidden":0,"_bbp_forum_subforum_count":0,"site-sidebar-layout":"default","site-content-layout":"","ast-site-content-layout":"","site-content-style":"default","site-sidebar-style":"default","ast-global-header-display":"","ast-banner-title-visibility":"","ast-main-header-display":"","ast-hfb-above-header-display":"","ast-hfb-below-header-display":"","ast-hfb-mobile-header-display":"","site-post-title":"","ast-breadcrumbs-content":"","ast-featured-img":"","footer-sml-layout":"","theme-transparent-header-meta":"","adv-header-id-meta":"","stick-header-meta":"","header-above-stick-meta":"","header-main-stick-meta":"","header-below-stick-meta":"","astra-migrate-meta-layouts":"default","ast-page-background-enabled":"default","ast-page-background-meta":{"desktop":{"background-color":"var(--ast-global-color-4)","background-image":"","background-repeat":"repeat","background-position":"center center","background-size":"auto","background-attachment":"scroll","background-type":"","background-media":"","overlay-type":"","overlay-color":"","overlay-opacity":"","overlay-gradient":""},"tablet":{"background-color":"","background-image":"","background-repeat":"repeat","background-position":"center center","background-size":"auto","background-attachment":"scroll","background-type":"","background-media":"","overlay-type":"","overlay-color":"","overlay-opacity":"","overlay-gradient":""},"mobile":{"background-color":"","background-image":"","background-repeat":"repeat","background-position":"center center","background-size":"auto","background-attachment":"scroll","background-type":"","background-media":"","overlay-type":"","overlay-color":"","overlay-opacity":"","overlay-gradient":""}},"ast-content-background-meta":{"desktop":{"background-color":"var(--ast-global-color-5)","background-image":"","background-repeat":"repeat","background-position":"center center","background-size":"auto","background-attachment":"scroll","background-type":"","background-media":"","overlay-type":"","overlay-color":"","overlay-opacity":"","overlay-gradient":""},"tablet":{"background-color":"var(--ast-global-color-5)","background-image":"","background-repeat":"repeat","background-position":"center center","background-size":"auto","background-attachment":"scroll","background-type":"","background-media":"","overlay-type":"","overlay-color":"","overlay-opacity":"","overlay-gradient":""},"mobile":{"background-color":"var(--ast-global-color-5)","background-image":"","background-repeat":"repeat","background-position":"center center","background-size":"auto","background-attachment":"scroll","background-type":"","background-media":"","overlay-type":"","overlay-color":"","overlay-opacity":"","overlay-gradient":""}},"footnotes":""},"categories":[41,1,36],"tags":[],"class_list":["post-5439","post","type-post","status-publish","format-standard","has-post-thumbnail","hentry","category-bagul-de-contes","category-general","category-portada"],"post_mailing_queue_ids":[],"_links":{"self":[{"href":"https:\/\/agora.xtec.cat\/esc-jmaragall\/wp-json\/wp\/v2\/posts\/5439","targetHints":{"allow":["GET"]}}],"collection":[{"href":"https:\/\/agora.xtec.cat\/esc-jmaragall\/wp-json\/wp\/v2\/posts"}],"about":[{"href":"https:\/\/agora.xtec.cat\/esc-jmaragall\/wp-json\/wp\/v2\/types\/post"}],"author":[{"embeddable":true,"href":"https:\/\/agora.xtec.cat\/esc-jmaragall\/wp-json\/wp\/v2\/users\/9"}],"replies":[{"embeddable":true,"href":"https:\/\/agora.xtec.cat\/esc-jmaragall\/wp-json\/wp\/v2\/comments?post=5439"}],"version-history":[{"count":1,"href":"https:\/\/agora.xtec.cat\/esc-jmaragall\/wp-json\/wp\/v2\/posts\/5439\/revisions"}],"predecessor-version":[{"id":5441,"href":"https:\/\/agora.xtec.cat\/esc-jmaragall\/wp-json\/wp\/v2\/posts\/5439\/revisions\/5441"}],"wp:featuredmedia":[{"embeddable":true,"href":"https:\/\/agora.xtec.cat\/esc-jmaragall\/wp-json\/wp\/v2\/media\/5440"}],"wp:attachment":[{"href":"https:\/\/agora.xtec.cat\/esc-jmaragall\/wp-json\/wp\/v2\/media?parent=5439"}],"wp:term":[{"taxonomy":"category","embeddable":true,"href":"https:\/\/agora.xtec.cat\/esc-jmaragall\/wp-json\/wp\/v2\/categories?post=5439"},{"taxonomy":"post_tag","embeddable":true,"href":"https:\/\/agora.xtec.cat\/esc-jmaragall\/wp-json\/wp\/v2\/tags?post=5439"}],"curies":[{"name":"wp","href":"https:\/\/api.w.org\/{rel}","templated":true}]}}