{"id":4302,"date":"2018-03-14T11:28:00","date_gmt":"2018-03-14T10:28:00","guid":{"rendered":"http:\/\/agora.xtec.cat\/esc-jmaragall\/?p=4302"},"modified":"2018-09-24T15:29:41","modified_gmt":"2018-09-24T13:29:41","slug":"cantata-escolar-de-4t-el-planeta-del-mar-inventat","status":"publish","type":"post","link":"https:\/\/agora.xtec.cat\/esc-jmaragall\/general\/cantata-escolar-de-4t-el-planeta-del-mar-inventat\/","title":{"rendered":"CANTATA ESCOLAR DE 4t: EL PLANETA DEL MAR INVENTAT!"},"content":{"rendered":"<p>La Mapi i en Nic s\u00f3n dos amics que estan de vacances i s\u2019inventen la hist\u00f2ria d\u2019un planeta lluny\u00e0, colonitzat per la terra i que no t\u00e9 mar. Com que els habitants l\u2019enyoren n\u2019imaginen un de virtual&#8230; Aix\u00ed comen\u00e7a la cantata d\u2019enguany, una cantata que a partir d\u2019un conflicte ens parla de la relaci\u00f3 entre pares i fills, del poder de la imaginaci\u00f3 i de no jutjar a la gent per la seva aparen\u00e7a.<\/p>\n<p>El proper dilluns 19\u00a0de\u00a0mar\u00e7, amb m\u00fasica de Jordi-Llu\u00eds Rigol i text d\u2019Enric\u00a0Estany tindr\u00e0 lloc, a la pista d\u2019hoquei de les Comes, la\u00a0cantata\u00a0escolar \u201c<strong>El Planeta del mar inventat<\/strong>\u201d que organitzen les regidories d\u2019Ensenyaments Art\u00edstics i d\u2019Ensenyament de l\u2019Ajuntament d\u2019Igualada amb la col\u00b7laboraci\u00f3 de les escoles municipals d\u2019art, m\u00fasica i teatre, i el suport\u00a0de\u00a0l\u2019Ajuntament\u00a0de\u00a0Vilanova del Cam\u00ed. En aquesta setzena edici\u00f3 hi participar\u00e0 l\u2019alumnat\u00a0de\u00a04t\u00a0de prim\u00e0ria de\u00a0les escoles d\u2019Igualada i\u00a0de\u00a0Vilanova del Cam\u00ed, m\u00e9s de 800 nens i nenes!<\/p>\n<p>La cantata, adre\u00e7ada als pares i als familiars dels alumnes, es far\u00e0 dues vegades. La primera sessi\u00f3 ser\u00e0 a les 18h i intervindr\u00e0 l\u2019alumnat de les escoles: \u00c0uria, Garcia Fossas, Mare del Div\u00ed Pastor, Escola Pia, Emili Vall\u00e8s, Escol\u00e0pies, Joan Maragall (Vilanova del Cam\u00ed), Pompeu Fabra (Vilanova del Cam\u00ed), Jes\u00fas Maria i Monalco. La segona sessi\u00f3 ser\u00e0 a les 19:30h i intervindr\u00e0 l\u2019alumnat de les escoles: Mowgli, Dolors Mart\u00ed i Badia, Academia Igualada, Ateneu Igualad\u00ed, Ramon Castelltort, Maristes, Montclar-Mestral, Marta Mata (Vilanova del Cam\u00ed) i Gabriel Castell\u00e0. En les dues sessions tamb\u00e9 hi participar\u00e0 un cor d\u2019alumnes de l\u2019Escola Municipal de M\u00fasica i alumnes de l\u2019Escola Municipal de Teatre que es faran c\u00e0rrec de la narraci\u00f3.<\/p>\n<p>A m\u00e9s de les can\u00e7ons, tamb\u00e9 es podr\u00e0 gaudir dels elements pl\u00e0stics que ha fet l\u2019alumnat de les escoles per a il\u00b7lustrar algunes escenes de la cantata i com ja \u00e9s habitual, la cantata estar\u00e0 acompanyada per un conjunt instrumental format per professorat i alumnat de l\u2019Escola Municipal de M\u00fasica.<\/p>\n<p>A nivell de mobilitat i per tal de millorar els accessos a les Comes, es recomana als assistents venir a peu o amb transport p\u00fablic.<\/p>\n<p><a href=\"http:\/\/agora.xtec.cat\/esc-jmaragall\/wp-content\/uploads\/usu782\/2018\/03\/cantata2.jpg\"><img loading=\"lazy\" decoding=\"async\" class=\"aligncenter size-large wp-image-4303\" src=\"http:\/\/agora.xtec.cat\/esc-jmaragall\/wp-content\/uploads\/usu782\/2018\/03\/cantata2-1024x683.jpg\" alt=\"\" width=\"1024\" height=\"683\" srcset=\"https:\/\/agora.xtec.cat\/esc-jmaragall\/wp-content\/uploads\/usu782\/2018\/03\/cantata2-1024x683.jpg 1024w, https:\/\/agora.xtec.cat\/esc-jmaragall\/wp-content\/uploads\/usu782\/2018\/03\/cantata2-300x200.jpg 300w, https:\/\/agora.xtec.cat\/esc-jmaragall\/wp-content\/uploads\/usu782\/2018\/03\/cantata2-768x512.jpg 768w, https:\/\/agora.xtec.cat\/esc-jmaragall\/wp-content\/uploads\/usu782\/2018\/03\/cantata2.jpg 1200w\" sizes=\"auto, (max-width: 1024px) 100vw, 1024px\" \/><\/a><span style=\"font-size: 10pt;\"><strong><em>Fotografia Gemma L\u00f3pez<\/em><\/strong><\/span><\/p>\n<p>Us deixem el video de la cantata.<\/p>\n<div class=\"ast-oembed-container \" style=\"height: 100%;\"><iframe loading=\"lazy\" title=\"El Planeta del Mar Inventat - Primera Sessi\u00f3 18 hores\" width=\"500\" height=\"281\" src=\"https:\/\/www.youtube.com\/embed\/Kc6DL49BxHA?start=1467&#038;feature=oembed\" frameborder=\"0\" allow=\"accelerometer; autoplay; clipboard-write; encrypted-media; gyroscope; picture-in-picture; web-share\" referrerpolicy=\"strict-origin-when-cross-origin\" allowfullscreen><\/iframe><\/div>\n","protected":false},"excerpt":{"rendered":"<p>La Mapi i en Nic s\u00f3n dos amics que estan de vacances i s\u2019inventen la hist\u00f2ria d\u2019un planeta lluny\u00e0, colonitzat per la terra i que no t\u00e9 mar. Com que els habitants l\u2019enyoren n\u2019imaginen un de virtual&#8230; Aix\u00ed comen\u00e7a la cantata d\u2019enguany, una cantata que a partir d\u2019un conflicte ens parla de la relaci\u00f3 entre [&hellip;]<\/p>\n","protected":false},"author":9,"featured_media":4303,"comment_status":"closed","ping_status":"closed","sticky":false,"template":"","format":"standard","meta":{"_bbp_topic_count":0,"_bbp_reply_count":0,"_bbp_total_topic_count":0,"_bbp_total_reply_count":0,"_bbp_voice_count":0,"_bbp_anonymous_reply_count":0,"_bbp_topic_count_hidden":0,"_bbp_reply_count_hidden":0,"_bbp_forum_subforum_count":0,"site-sidebar-layout":"default","site-content-layout":"","ast-site-content-layout":"","site-content-style":"default","site-sidebar-style":"default","ast-global-header-display":"","ast-banner-title-visibility":"","ast-main-header-display":"","ast-hfb-above-header-display":"","ast-hfb-below-header-display":"","ast-hfb-mobile-header-display":"","site-post-title":"","ast-breadcrumbs-content":"","ast-featured-img":"","footer-sml-layout":"","theme-transparent-header-meta":"","adv-header-id-meta":"","stick-header-meta":"","header-above-stick-meta":"","header-main-stick-meta":"","header-below-stick-meta":"","astra-migrate-meta-layouts":"default","ast-page-background-enabled":"default","ast-page-background-meta":{"desktop":{"background-color":"var(--ast-global-color-4)","background-image":"","background-repeat":"repeat","background-position":"center center","background-size":"auto","background-attachment":"scroll","background-type":"","background-media":"","overlay-type":"","overlay-color":"","overlay-opacity":"","overlay-gradient":""},"tablet":{"background-color":"","background-image":"","background-repeat":"repeat","background-position":"center center","background-size":"auto","background-attachment":"scroll","background-type":"","background-media":"","overlay-type":"","overlay-color":"","overlay-opacity":"","overlay-gradient":""},"mobile":{"background-color":"","background-image":"","background-repeat":"repeat","background-position":"center center","background-size":"auto","background-attachment":"scroll","background-type":"","background-media":"","overlay-type":"","overlay-color":"","overlay-opacity":"","overlay-gradient":""}},"ast-content-background-meta":{"desktop":{"background-color":"var(--ast-global-color-5)","background-image":"","background-repeat":"repeat","background-position":"center center","background-size":"auto","background-attachment":"scroll","background-type":"","background-media":"","overlay-type":"","overlay-color":"","overlay-opacity":"","overlay-gradient":""},"tablet":{"background-color":"var(--ast-global-color-5)","background-image":"","background-repeat":"repeat","background-position":"center center","background-size":"auto","background-attachment":"scroll","background-type":"","background-media":"","overlay-type":"","overlay-color":"","overlay-opacity":"","overlay-gradient":""},"mobile":{"background-color":"var(--ast-global-color-5)","background-image":"","background-repeat":"repeat","background-position":"center center","background-size":"auto","background-attachment":"scroll","background-type":"","background-media":"","overlay-type":"","overlay-color":"","overlay-opacity":"","overlay-gradient":""}},"footnotes":""},"categories":[22,1,30,36,25],"tags":[],"class_list":["post-4302","post","type-post","status-publish","format-standard","has-post-thumbnail","hentry","category-escola","category-general","category-musica","category-portada","category-cicle-mitja"],"post_mailing_queue_ids":[],"_links":{"self":[{"href":"https:\/\/agora.xtec.cat\/esc-jmaragall\/wp-json\/wp\/v2\/posts\/4302","targetHints":{"allow":["GET"]}}],"collection":[{"href":"https:\/\/agora.xtec.cat\/esc-jmaragall\/wp-json\/wp\/v2\/posts"}],"about":[{"href":"https:\/\/agora.xtec.cat\/esc-jmaragall\/wp-json\/wp\/v2\/types\/post"}],"author":[{"embeddable":true,"href":"https:\/\/agora.xtec.cat\/esc-jmaragall\/wp-json\/wp\/v2\/users\/9"}],"replies":[{"embeddable":true,"href":"https:\/\/agora.xtec.cat\/esc-jmaragall\/wp-json\/wp\/v2\/comments?post=4302"}],"version-history":[{"count":3,"href":"https:\/\/agora.xtec.cat\/esc-jmaragall\/wp-json\/wp\/v2\/posts\/4302\/revisions"}],"predecessor-version":[{"id":4357,"href":"https:\/\/agora.xtec.cat\/esc-jmaragall\/wp-json\/wp\/v2\/posts\/4302\/revisions\/4357"}],"wp:featuredmedia":[{"embeddable":true,"href":"https:\/\/agora.xtec.cat\/esc-jmaragall\/wp-json\/wp\/v2\/media\/4303"}],"wp:attachment":[{"href":"https:\/\/agora.xtec.cat\/esc-jmaragall\/wp-json\/wp\/v2\/media?parent=4302"}],"wp:term":[{"taxonomy":"category","embeddable":true,"href":"https:\/\/agora.xtec.cat\/esc-jmaragall\/wp-json\/wp\/v2\/categories?post=4302"},{"taxonomy":"post_tag","embeddable":true,"href":"https:\/\/agora.xtec.cat\/esc-jmaragall\/wp-json\/wp\/v2\/tags?post=4302"}],"curies":[{"name":"wp","href":"https:\/\/api.w.org\/{rel}","templated":true}]}}