{"id":974,"date":"2017-03-23T13:15:03","date_gmt":"2017-03-23T12:15:03","guid":{"rendered":"http:\/\/agora.xtec.cat\/esc-jmaragall-sabadell\/?p=974"},"modified":"2017-03-23T13:15:03","modified_gmt":"2017-03-23T12:15:03","slug":"la-torre-de-laigua","status":"publish","type":"post","link":"https:\/\/agora.xtec.cat\/esc-jmaragall-sabadell\/antics-alumnes\/exalumnes\/la-torre-de-laigua\/","title":{"rendered":"LA TORRE DE L\u2019AIGUA"},"content":{"rendered":"<p>EL DIMECRES 15\/2\/2017 HEM ANAT D\u2019 EXCURSI\u00d3 A LA TORRE DEL L\u2019AIGUA. LA GUIA ENS VA EXPLICAR COSES SOBRE LA TORRE DE L\u2019 AIGUA EN ANGL\u00c8S.<\/p>\n<p>I despr\u00e9s vam entrar i vam pujar a dalt de tot, fa una mica de por per\u00f2 ha estat molt divertit. All\u00e0 ens va deixar mirar tot Sabadell.<\/p>\n<p>La guia tamb\u00e9 ens ha explicat qui la va construir i l&#8217;any. Van ser els arquitectes: Josep Renom i Costa, i Lluis Homs a l&#8217;any 1922.<\/p>\n<p>La Torre de l&#8217;aigua va ser constru\u00efda per l&#8217;abastament d&#8217;aigua de la ciutat.<\/p>\n<p>Autors: A\u00cfCHA CAMARA I MAROUAN EL BOUNNI<\/p>\n<p><a href=\"http:\/\/agora.xtec.cat\/esc-jmaragall-sabadell\/wp-content\/uploads\/usu1082\/2017\/03\/IMG_20170215_104831_HDR_opt.jpg\"><img loading=\"lazy\" decoding=\"async\" class=\"alignnone size-full wp-image-975\" src=\"http:\/\/agora.xtec.cat\/esc-jmaragall-sabadell\/wp-content\/uploads\/usu1082\/2017\/03\/IMG_20170215_104831_HDR_opt.jpg\" alt=\"img_20170215_104831_hdr_opt\" width=\"400\" height=\"300\" srcset=\"https:\/\/agora.xtec.cat\/esc-jmaragall-sabadell\/wp-content\/uploads\/usu1082\/2017\/03\/IMG_20170215_104831_HDR_opt.jpg 400w, https:\/\/agora.xtec.cat\/esc-jmaragall-sabadell\/wp-content\/uploads\/usu1082\/2017\/03\/IMG_20170215_104831_HDR_opt-300x225.jpg 300w, https:\/\/agora.xtec.cat\/esc-jmaragall-sabadell\/wp-content\/uploads\/usu1082\/2017\/03\/IMG_20170215_104831_HDR_opt-200x150.jpg 200w\" sizes=\"auto, (max-width: 400px) 100vw, 400px\" \/><\/a> <a href=\"http:\/\/agora.xtec.cat\/esc-jmaragall-sabadell\/wp-content\/uploads\/usu1082\/2017\/03\/IMG_20170215_111827_HDR_opt.jpg\"><img loading=\"lazy\" decoding=\"async\" class=\"alignnone size-large wp-image-976\" src=\"http:\/\/agora.xtec.cat\/esc-jmaragall-sabadell\/wp-content\/uploads\/usu1082\/2017\/03\/IMG_20170215_111827_HDR_opt.jpg\" alt=\"img_20170215_111827_hdr_opt\" width=\"400\" height=\"533\" srcset=\"https:\/\/agora.xtec.cat\/esc-jmaragall-sabadell\/wp-content\/uploads\/usu1082\/2017\/03\/IMG_20170215_111827_HDR_opt.jpg 400w, https:\/\/agora.xtec.cat\/esc-jmaragall-sabadell\/wp-content\/uploads\/usu1082\/2017\/03\/IMG_20170215_111827_HDR_opt-225x300.jpg 225w\" sizes=\"auto, (max-width: 400px) 100vw, 400px\" \/><\/a> <a href=\"http:\/\/agora.xtec.cat\/esc-jmaragall-sabadell\/wp-content\/uploads\/usu1082\/2017\/03\/IMG_20170215_111829_HDR_opt.jpg\"><img loading=\"lazy\" decoding=\"async\" class=\"alignnone size-large wp-image-977\" src=\"http:\/\/agora.xtec.cat\/esc-jmaragall-sabadell\/wp-content\/uploads\/usu1082\/2017\/03\/IMG_20170215_111829_HDR_opt.jpg\" alt=\"img_20170215_111829_hdr_opt\" width=\"400\" height=\"533\" srcset=\"https:\/\/agora.xtec.cat\/esc-jmaragall-sabadell\/wp-content\/uploads\/usu1082\/2017\/03\/IMG_20170215_111829_HDR_opt.jpg 400w, https:\/\/agora.xtec.cat\/esc-jmaragall-sabadell\/wp-content\/uploads\/usu1082\/2017\/03\/IMG_20170215_111829_HDR_opt-225x300.jpg 225w\" sizes=\"auto, (max-width: 400px) 100vw, 400px\" \/><\/a> <a href=\"http:\/\/agora.xtec.cat\/esc-jmaragall-sabadell\/wp-content\/uploads\/usu1082\/2017\/03\/IMG_20170215_111916_HDR_opt.jpg\"><img loading=\"lazy\" decoding=\"async\" class=\"alignnone size-large wp-image-978\" src=\"http:\/\/agora.xtec.cat\/esc-jmaragall-sabadell\/wp-content\/uploads\/usu1082\/2017\/03\/IMG_20170215_111916_HDR_opt.jpg\" alt=\"img_20170215_111916_hdr_opt\" width=\"400\" height=\"300\" srcset=\"https:\/\/agora.xtec.cat\/esc-jmaragall-sabadell\/wp-content\/uploads\/usu1082\/2017\/03\/IMG_20170215_111916_HDR_opt.jpg 400w, https:\/\/agora.xtec.cat\/esc-jmaragall-sabadell\/wp-content\/uploads\/usu1082\/2017\/03\/IMG_20170215_111916_HDR_opt-300x225.jpg 300w, https:\/\/agora.xtec.cat\/esc-jmaragall-sabadell\/wp-content\/uploads\/usu1082\/2017\/03\/IMG_20170215_111916_HDR_opt-200x150.jpg 200w\" sizes=\"auto, (max-width: 400px) 100vw, 400px\" \/><\/a><\/p>\n","protected":false},"excerpt":{"rendered":"<p>EL DIMECRES 15\/2\/2017 HEM ANAT D\u2019 EXCURSI\u00d3 A LA TORRE DEL L\u2019AIGUA. LA GUIA ENS VA EXPLICAR COSES SOBRE LA TORRE DE L\u2019 AIGUA EN ANGL\u00c8S.<br \/>\nI despr\u00e9s vam entrar i vam pujar a dalt de tot, fa una mica de por per\u00f2 ha estat molt&hellip;  <a href=\"https:\/\/agora.xtec.cat\/esc-jmaragall-sabadell\/antics-alumnes\/exalumnes\/la-torre-de-laigua\/\" title=\"Read LA TORRE DE L\u2019AIGUA\">Llegeix m\u00e9s\u00bb<\/a><\/p>\n","protected":false},"author":5,"featured_media":975,"comment_status":"open","ping_status":"open","sticky":false,"template":"","format":"standard","meta":{"_bbp_topic_count":0,"_bbp_reply_count":0,"_bbp_total_topic_count":0,"_bbp_total_reply_count":0,"_bbp_voice_count":0,"_bbp_anonymous_reply_count":0,"_bbp_topic_count_hidden":0,"_bbp_reply_count_hidden":0,"_bbp_forum_subforum_count":0,"footnotes":""},"categories":[14],"tags":[81],"class_list":["post-974","post","type-post","status-publish","format-standard","has-post-thumbnail","hentry","category-exalumnes","tag-5e"],"post_mailing_queue_ids":[],"_links":{"self":[{"href":"https:\/\/agora.xtec.cat\/esc-jmaragall-sabadell\/wp-json\/wp\/v2\/posts\/974","targetHints":{"allow":["GET"]}}],"collection":[{"href":"https:\/\/agora.xtec.cat\/esc-jmaragall-sabadell\/wp-json\/wp\/v2\/posts"}],"about":[{"href":"https:\/\/agora.xtec.cat\/esc-jmaragall-sabadell\/wp-json\/wp\/v2\/types\/post"}],"author":[{"embeddable":true,"href":"https:\/\/agora.xtec.cat\/esc-jmaragall-sabadell\/wp-json\/wp\/v2\/users\/5"}],"replies":[{"embeddable":true,"href":"https:\/\/agora.xtec.cat\/esc-jmaragall-sabadell\/wp-json\/wp\/v2\/comments?post=974"}],"version-history":[{"count":1,"href":"https:\/\/agora.xtec.cat\/esc-jmaragall-sabadell\/wp-json\/wp\/v2\/posts\/974\/revisions"}],"predecessor-version":[{"id":979,"href":"https:\/\/agora.xtec.cat\/esc-jmaragall-sabadell\/wp-json\/wp\/v2\/posts\/974\/revisions\/979"}],"wp:featuredmedia":[{"embeddable":true,"href":"https:\/\/agora.xtec.cat\/esc-jmaragall-sabadell\/wp-json\/wp\/v2\/media\/975"}],"wp:attachment":[{"href":"https:\/\/agora.xtec.cat\/esc-jmaragall-sabadell\/wp-json\/wp\/v2\/media?parent=974"}],"wp:term":[{"taxonomy":"category","embeddable":true,"href":"https:\/\/agora.xtec.cat\/esc-jmaragall-sabadell\/wp-json\/wp\/v2\/categories?post=974"},{"taxonomy":"post_tag","embeddable":true,"href":"https:\/\/agora.xtec.cat\/esc-jmaragall-sabadell\/wp-json\/wp\/v2\/tags?post=974"}],"curies":[{"name":"wp","href":"https:\/\/api.w.org\/{rel}","templated":true}]}}