{"id":950,"date":"2017-03-16T20:55:39","date_gmt":"2017-03-16T19:55:39","guid":{"rendered":"http:\/\/agora.xtec.cat\/esc-jmaragall-sabadell\/?p=950"},"modified":"2017-03-21T22:56:08","modified_gmt":"2017-03-21T21:56:08","slug":"1r-i-2n-anem-al-cosmocaixa-barcelona","status":"publish","type":"post","link":"https:\/\/agora.xtec.cat\/esc-jmaragall-sabadell\/portada\/1r-i-2n-anem-al-cosmocaixa-barcelona\/","title":{"rendered":"1r i 2n anem al COSMOCAIXA (Barcelona)!"},"content":{"rendered":"<p>Cicle Inicial va anar en autocar a Barcelona, al museu Cosmocaixa. Aqu\u00ed vam veure un bosc inundat, animals, ci\u00e8ncia, objectes antics, etc. La classe dels Astronautes i la dels Conills tamb\u00e9 van fer una activitat sobre l&#8217;Univers, es deia &#8220;Planetarium&#8221;. Els nens i nenes van ser tot uns experts i s&#8217;ho van passar molt b\u00e9!<\/p>\n<p><a href=\"http:\/\/agora.xtec.cat\/esc-jmaragall-sabadell\/wp-content\/uploads\/usu1082\/2017\/03\/IMG_2017-03-07_21-33-32.jpg\"><img loading=\"lazy\" decoding=\"async\" class=\"wp-image-951 alignright\" src=\"http:\/\/agora.xtec.cat\/esc-jmaragall-sabadell\/wp-content\/uploads\/usu1082\/2017\/03\/IMG_2017-03-07_21-33-32.jpg\" alt=\"img_2017-03-07_21-33-32\" width=\"463\" height=\"455\" srcset=\"https:\/\/agora.xtec.cat\/esc-jmaragall-sabadell\/wp-content\/uploads\/usu1082\/2017\/03\/IMG_2017-03-07_21-33-32.jpg 720w, https:\/\/agora.xtec.cat\/esc-jmaragall-sabadell\/wp-content\/uploads\/usu1082\/2017\/03\/IMG_2017-03-07_21-33-32-300x295.jpg 300w\" sizes=\"auto, (max-width: 463px) 100vw, 463px\" \/><\/a> <a href=\"http:\/\/agora.xtec.cat\/esc-jmaragall-sabadell\/wp-content\/uploads\/usu1082\/2017\/03\/IMG_2017-03-07_21-35-49.jpg\"><img loading=\"lazy\" decoding=\"async\" class=\"wp-image-952 alignleft\" src=\"http:\/\/agora.xtec.cat\/esc-jmaragall-sabadell\/wp-content\/uploads\/usu1082\/2017\/03\/IMG_2017-03-07_21-35-49.jpg\" alt=\"img_2017-03-07_21-35-49\" width=\"463\" height=\"455\" srcset=\"https:\/\/agora.xtec.cat\/esc-jmaragall-sabadell\/wp-content\/uploads\/usu1082\/2017\/03\/IMG_2017-03-07_21-35-49.jpg 720w, https:\/\/agora.xtec.cat\/esc-jmaragall-sabadell\/wp-content\/uploads\/usu1082\/2017\/03\/IMG_2017-03-07_21-35-49-300x295.jpg 300w\" sizes=\"auto, (max-width: 463px) 100vw, 463px\" \/><\/a><\/p>\n","protected":false},"excerpt":{"rendered":"<p>Sortida al COSMOCAIXA Cicle Inicial!&hellip;  <a href=\"https:\/\/agora.xtec.cat\/esc-jmaragall-sabadell\/portada\/1r-i-2n-anem-al-cosmocaixa-barcelona\/\" title=\"Read 1r i 2n anem al COSMOCAIXA (Barcelona)!\">Llegeix m\u00e9s\u00bb<\/a><\/p>\n","protected":false},"author":19,"featured_media":951,"comment_status":"open","ping_status":"open","sticky":false,"template":"","format":"standard","meta":{"_bbp_topic_count":0,"_bbp_reply_count":0,"_bbp_total_topic_count":0,"_bbp_total_reply_count":0,"_bbp_voice_count":0,"_bbp_anonymous_reply_count":0,"_bbp_topic_count_hidden":0,"_bbp_reply_count_hidden":0,"_bbp_forum_subforum_count":0,"footnotes":""},"categories":[4,10,56],"tags":[],"class_list":["post-950","post","type-post","status-publish","format-standard","has-post-thumbnail","hentry","category-portada","category-1322a","category-1322b"],"post_mailing_queue_ids":[],"_links":{"self":[{"href":"https:\/\/agora.xtec.cat\/esc-jmaragall-sabadell\/wp-json\/wp\/v2\/posts\/950","targetHints":{"allow":["GET"]}}],"collection":[{"href":"https:\/\/agora.xtec.cat\/esc-jmaragall-sabadell\/wp-json\/wp\/v2\/posts"}],"about":[{"href":"https:\/\/agora.xtec.cat\/esc-jmaragall-sabadell\/wp-json\/wp\/v2\/types\/post"}],"author":[{"embeddable":true,"href":"https:\/\/agora.xtec.cat\/esc-jmaragall-sabadell\/wp-json\/wp\/v2\/users\/19"}],"replies":[{"embeddable":true,"href":"https:\/\/agora.xtec.cat\/esc-jmaragall-sabadell\/wp-json\/wp\/v2\/comments?post=950"}],"version-history":[{"count":2,"href":"https:\/\/agora.xtec.cat\/esc-jmaragall-sabadell\/wp-json\/wp\/v2\/posts\/950\/revisions"}],"predecessor-version":[{"id":967,"href":"https:\/\/agora.xtec.cat\/esc-jmaragall-sabadell\/wp-json\/wp\/v2\/posts\/950\/revisions\/967"}],"wp:featuredmedia":[{"embeddable":true,"href":"https:\/\/agora.xtec.cat\/esc-jmaragall-sabadell\/wp-json\/wp\/v2\/media\/951"}],"wp:attachment":[{"href":"https:\/\/agora.xtec.cat\/esc-jmaragall-sabadell\/wp-json\/wp\/v2\/media?parent=950"}],"wp:term":[{"taxonomy":"category","embeddable":true,"href":"https:\/\/agora.xtec.cat\/esc-jmaragall-sabadell\/wp-json\/wp\/v2\/categories?post=950"},{"taxonomy":"post_tag","embeddable":true,"href":"https:\/\/agora.xtec.cat\/esc-jmaragall-sabadell\/wp-json\/wp\/v2\/tags?post=950"}],"curies":[{"name":"wp","href":"https:\/\/api.w.org\/{rel}","templated":true}]}}