{"id":8853,"date":"2026-03-13T19:26:12","date_gmt":"2026-03-13T18:26:12","guid":{"rendered":"https:\/\/agora.xtec.cat\/esc-jmaragall-sabadell\/?p=8853"},"modified":"2026-03-13T19:26:12","modified_gmt":"2026-03-13T18:26:12","slug":"exposicio-univers-i-taller-amb-families","status":"publish","type":"post","link":"https:\/\/agora.xtec.cat\/esc-jmaragall-sabadell\/general\/exposicio-univers-i-taller-amb-families\/","title":{"rendered":"EXPOSICI\u00d3 UNIVERS I TALLER AMB FAM\u00cdLIES"},"content":{"rendered":"<p>Els infants de 1r de prim\u00e0ria han convidat a les fam\u00edlies per fer la presentaci\u00f3 del seu treball sobre l&#8217;Univers i seguidament han fet una manualitat sobre un coet.<\/p>\n<p>Ha estat un moment molt especial per als nens i nenes! I ha sigut molt gratificant per a ells que algunes mares, pares i germans vinguessin a veure&#8217;ls!<\/p>\n<p>Aqu\u00ed teniu algunes fotos:<\/p>\n<p><a href=\"https:\/\/agora.xtec.cat\/esc-jmaragall-sabadell\/wp-content\/uploads\/usu1082\/2026\/03\/WhatsApp-Image-2026-03-13-at-19.08.10.jpeg\"><img loading=\"lazy\" decoding=\"async\" class=\"alignleft wp-image-8854\" src=\"https:\/\/agora.xtec.cat\/esc-jmaragall-sabadell\/wp-content\/uploads\/usu1082\/2026\/03\/WhatsApp-Image-2026-03-13-at-19.08.10-859x1024.jpeg\" alt=\"\" width=\"335\" height=\"400\" srcset=\"https:\/\/agora.xtec.cat\/esc-jmaragall-sabadell\/wp-content\/uploads\/usu1082\/2026\/03\/WhatsApp-Image-2026-03-13-at-19.08.10-859x1024.jpeg 859w, https:\/\/agora.xtec.cat\/esc-jmaragall-sabadell\/wp-content\/uploads\/usu1082\/2026\/03\/WhatsApp-Image-2026-03-13-at-19.08.10-252x300.jpeg 252w, https:\/\/agora.xtec.cat\/esc-jmaragall-sabadell\/wp-content\/uploads\/usu1082\/2026\/03\/WhatsApp-Image-2026-03-13-at-19.08.10-768x916.jpeg 768w, https:\/\/agora.xtec.cat\/esc-jmaragall-sabadell\/wp-content\/uploads\/usu1082\/2026\/03\/WhatsApp-Image-2026-03-13-at-19.08.10.jpeg 1174w\" sizes=\"auto, (max-width: 335px) 100vw, 335px\" \/><\/a> <a href=\"https:\/\/agora.xtec.cat\/esc-jmaragall-sabadell\/wp-content\/uploads\/usu1082\/2026\/03\/WhatsApp-Image-2026-03-13-at-19.08.09-6.jpeg\"><img loading=\"lazy\" decoding=\"async\" class=\"wp-image-8855 alignleft\" src=\"https:\/\/agora.xtec.cat\/esc-jmaragall-sabadell\/wp-content\/uploads\/usu1082\/2026\/03\/WhatsApp-Image-2026-03-13-at-19.08.09-6-576x1024.jpeg\" alt=\"\" width=\"225\" height=\"400\" srcset=\"https:\/\/agora.xtec.cat\/esc-jmaragall-sabadell\/wp-content\/uploads\/usu1082\/2026\/03\/WhatsApp-Image-2026-03-13-at-19.08.09-6-576x1024.jpeg 576w, https:\/\/agora.xtec.cat\/esc-jmaragall-sabadell\/wp-content\/uploads\/usu1082\/2026\/03\/WhatsApp-Image-2026-03-13-at-19.08.09-6-169x300.jpeg 169w, https:\/\/agora.xtec.cat\/esc-jmaragall-sabadell\/wp-content\/uploads\/usu1082\/2026\/03\/WhatsApp-Image-2026-03-13-at-19.08.09-6-768x1365.jpeg 768w, https:\/\/agora.xtec.cat\/esc-jmaragall-sabadell\/wp-content\/uploads\/usu1082\/2026\/03\/WhatsApp-Image-2026-03-13-at-19.08.09-6-864x1536.jpeg 864w, https:\/\/agora.xtec.cat\/esc-jmaragall-sabadell\/wp-content\/uploads\/usu1082\/2026\/03\/WhatsApp-Image-2026-03-13-at-19.08.09-6.jpeg 1080w\" sizes=\"auto, (max-width: 225px) 100vw, 225px\" \/><\/a> <a href=\"https:\/\/agora.xtec.cat\/esc-jmaragall-sabadell\/wp-content\/uploads\/usu1082\/2026\/03\/WhatsApp-Image-2026-03-13-at-19.08.09-4.jpeg\"><img loading=\"lazy\" decoding=\"async\" class=\"wp-image-8857 alignleft\" src=\"https:\/\/agora.xtec.cat\/esc-jmaragall-sabadell\/wp-content\/uploads\/usu1082\/2026\/03\/WhatsApp-Image-2026-03-13-at-19.08.09-4-768x1024.jpeg\" alt=\"\" width=\"300\" height=\"400\" srcset=\"https:\/\/agora.xtec.cat\/esc-jmaragall-sabadell\/wp-content\/uploads\/usu1082\/2026\/03\/WhatsApp-Image-2026-03-13-at-19.08.09-4-768x1024.jpeg 768w, https:\/\/agora.xtec.cat\/esc-jmaragall-sabadell\/wp-content\/uploads\/usu1082\/2026\/03\/WhatsApp-Image-2026-03-13-at-19.08.09-4-225x300.jpeg 225w, https:\/\/agora.xtec.cat\/esc-jmaragall-sabadell\/wp-content\/uploads\/usu1082\/2026\/03\/WhatsApp-Image-2026-03-13-at-19.08.09-4-1152x1536.jpeg 1152w, https:\/\/agora.xtec.cat\/esc-jmaragall-sabadell\/wp-content\/uploads\/usu1082\/2026\/03\/WhatsApp-Image-2026-03-13-at-19.08.09-4.jpeg 1500w\" sizes=\"auto, (max-width: 300px) 100vw, 300px\" \/><\/a> <a href=\"https:\/\/agora.xtec.cat\/esc-jmaragall-sabadell\/wp-content\/uploads\/usu1082\/2026\/03\/WhatsApp-Image-2026-03-13-at-19.08.09-3.jpeg\"><img loading=\"lazy\" decoding=\"async\" class=\"wp-image-8858 alignleft\" src=\"https:\/\/agora.xtec.cat\/esc-jmaragall-sabadell\/wp-content\/uploads\/usu1082\/2026\/03\/WhatsApp-Image-2026-03-13-at-19.08.09-3-768x1024.jpeg\" alt=\"\" width=\"247\" height=\"330\" srcset=\"https:\/\/agora.xtec.cat\/esc-jmaragall-sabadell\/wp-content\/uploads\/usu1082\/2026\/03\/WhatsApp-Image-2026-03-13-at-19.08.09-3-768x1024.jpeg 768w, https:\/\/agora.xtec.cat\/esc-jmaragall-sabadell\/wp-content\/uploads\/usu1082\/2026\/03\/WhatsApp-Image-2026-03-13-at-19.08.09-3-225x300.jpeg 225w, https:\/\/agora.xtec.cat\/esc-jmaragall-sabadell\/wp-content\/uploads\/usu1082\/2026\/03\/WhatsApp-Image-2026-03-13-at-19.08.09-3-1152x1536.jpeg 1152w, https:\/\/agora.xtec.cat\/esc-jmaragall-sabadell\/wp-content\/uploads\/usu1082\/2026\/03\/WhatsApp-Image-2026-03-13-at-19.08.09-3.jpeg 1500w\" sizes=\"auto, (max-width: 247px) 100vw, 247px\" \/><\/a> <a href=\"https:\/\/agora.xtec.cat\/esc-jmaragall-sabadell\/wp-content\/uploads\/usu1082\/2026\/03\/WhatsApp-Image-2026-03-13-at-19.08.09-2.jpeg\"><img loading=\"lazy\" decoding=\"async\" class=\"wp-image-8859 alignleft\" src=\"https:\/\/agora.xtec.cat\/esc-jmaragall-sabadell\/wp-content\/uploads\/usu1082\/2026\/03\/WhatsApp-Image-2026-03-13-at-19.08.09-2-1024x768.jpeg\" alt=\"\" width=\"422\" height=\"317\" srcset=\"https:\/\/agora.xtec.cat\/esc-jmaragall-sabadell\/wp-content\/uploads\/usu1082\/2026\/03\/WhatsApp-Image-2026-03-13-at-19.08.09-2-1024x768.jpeg 1024w, https:\/\/agora.xtec.cat\/esc-jmaragall-sabadell\/wp-content\/uploads\/usu1082\/2026\/03\/WhatsApp-Image-2026-03-13-at-19.08.09-2-300x225.jpeg 300w, https:\/\/agora.xtec.cat\/esc-jmaragall-sabadell\/wp-content\/uploads\/usu1082\/2026\/03\/WhatsApp-Image-2026-03-13-at-19.08.09-2-768x576.jpeg 768w, https:\/\/agora.xtec.cat\/esc-jmaragall-sabadell\/wp-content\/uploads\/usu1082\/2026\/03\/WhatsApp-Image-2026-03-13-at-19.08.09-2-1536x1152.jpeg 1536w, https:\/\/agora.xtec.cat\/esc-jmaragall-sabadell\/wp-content\/uploads\/usu1082\/2026\/03\/WhatsApp-Image-2026-03-13-at-19.08.09-2-200x150.jpeg 200w, https:\/\/agora.xtec.cat\/esc-jmaragall-sabadell\/wp-content\/uploads\/usu1082\/2026\/03\/WhatsApp-Image-2026-03-13-at-19.08.09-2.jpeg 2000w\" sizes=\"auto, (max-width: 422px) 100vw, 422px\" \/><\/a> <a href=\"https:\/\/agora.xtec.cat\/esc-jmaragall-sabadell\/wp-content\/uploads\/usu1082\/2026\/03\/WhatsApp-Image-2026-03-13-at-19.08.09-1.jpeg\"><img loading=\"lazy\" decoding=\"async\" class=\"wp-image-8860 alignleft\" src=\"https:\/\/agora.xtec.cat\/esc-jmaragall-sabadell\/wp-content\/uploads\/usu1082\/2026\/03\/WhatsApp-Image-2026-03-13-at-19.08.09-1-768x1024.jpeg\" alt=\"\" width=\"247\" height=\"330\" srcset=\"https:\/\/agora.xtec.cat\/esc-jmaragall-sabadell\/wp-content\/uploads\/usu1082\/2026\/03\/WhatsApp-Image-2026-03-13-at-19.08.09-1-768x1024.jpeg 768w, https:\/\/agora.xtec.cat\/esc-jmaragall-sabadell\/wp-content\/uploads\/usu1082\/2026\/03\/WhatsApp-Image-2026-03-13-at-19.08.09-1-225x300.jpeg 225w, https:\/\/agora.xtec.cat\/esc-jmaragall-sabadell\/wp-content\/uploads\/usu1082\/2026\/03\/WhatsApp-Image-2026-03-13-at-19.08.09-1-1152x1536.jpeg 1152w, https:\/\/agora.xtec.cat\/esc-jmaragall-sabadell\/wp-content\/uploads\/usu1082\/2026\/03\/WhatsApp-Image-2026-03-13-at-19.08.09-1.jpeg 1500w\" sizes=\"auto, (max-width: 247px) 100vw, 247px\" \/><\/a> <a href=\"https:\/\/agora.xtec.cat\/esc-jmaragall-sabadell\/wp-content\/uploads\/usu1082\/2026\/03\/WhatsApp-Image-2026-03-13-at-19.08.09.jpeg\"><img loading=\"lazy\" decoding=\"async\" class=\"aligncenter  wp-image-8861\" src=\"https:\/\/agora.xtec.cat\/esc-jmaragall-sabadell\/wp-content\/uploads\/usu1082\/2026\/03\/WhatsApp-Image-2026-03-13-at-19.08.09-768x1024.jpeg\" alt=\"\" width=\"499\" height=\"665\" srcset=\"https:\/\/agora.xtec.cat\/esc-jmaragall-sabadell\/wp-content\/uploads\/usu1082\/2026\/03\/WhatsApp-Image-2026-03-13-at-19.08.09-768x1024.jpeg 768w, https:\/\/agora.xtec.cat\/esc-jmaragall-sabadell\/wp-content\/uploads\/usu1082\/2026\/03\/WhatsApp-Image-2026-03-13-at-19.08.09-225x300.jpeg 225w, https:\/\/agora.xtec.cat\/esc-jmaragall-sabadell\/wp-content\/uploads\/usu1082\/2026\/03\/WhatsApp-Image-2026-03-13-at-19.08.09-1152x1536.jpeg 1152w, https:\/\/agora.xtec.cat\/esc-jmaragall-sabadell\/wp-content\/uploads\/usu1082\/2026\/03\/WhatsApp-Image-2026-03-13-at-19.08.09.jpeg 1500w\" sizes=\"auto, (max-width: 499px) 100vw, 499px\" \/><\/a><\/p>\n","protected":false},"excerpt":{"rendered":"<p>Els infants de 1r de prim\u00e0ria han convidat a les fam\u00edlies per fer la presentaci\u00f3 del seu treball sobre l&#8217;Univers i seguidament han fet una manualitat sobre un coet.<br \/>\nHa estat un moment molt especial per als nens i nenes! I ha sigut molt gratificant per&hellip;  <a href=\"https:\/\/agora.xtec.cat\/esc-jmaragall-sabadell\/general\/exposicio-univers-i-taller-amb-families\/\" title=\"Read EXPOSICI\u00d3 UNIVERS I TALLER AMB FAM\u00cdLIES\">Llegeix m\u00e9s\u00bb<\/a><\/p>\n","protected":false},"author":99,"featured_media":8854,"comment_status":"open","ping_status":"open","sticky":false,"template":"","format":"standard","meta":{"_bbp_topic_count":0,"_bbp_reply_count":0,"_bbp_total_topic_count":0,"_bbp_total_reply_count":0,"_bbp_voice_count":0,"_bbp_anonymous_reply_count":0,"_bbp_topic_count_hidden":0,"_bbp_reply_count_hidden":0,"_bbp_forum_subforum_count":0,"footnotes":""},"categories":[245,1,4,5],"tags":[],"class_list":["post-8853","post","type-post","status-publish","format-standard","has-post-thumbnail","hentry","category-245","category-general","category-portada","category-primaria"],"post_mailing_queue_ids":[],"_links":{"self":[{"href":"https:\/\/agora.xtec.cat\/esc-jmaragall-sabadell\/wp-json\/wp\/v2\/posts\/8853","targetHints":{"allow":["GET"]}}],"collection":[{"href":"https:\/\/agora.xtec.cat\/esc-jmaragall-sabadell\/wp-json\/wp\/v2\/posts"}],"about":[{"href":"https:\/\/agora.xtec.cat\/esc-jmaragall-sabadell\/wp-json\/wp\/v2\/types\/post"}],"author":[{"embeddable":true,"href":"https:\/\/agora.xtec.cat\/esc-jmaragall-sabadell\/wp-json\/wp\/v2\/users\/99"}],"replies":[{"embeddable":true,"href":"https:\/\/agora.xtec.cat\/esc-jmaragall-sabadell\/wp-json\/wp\/v2\/comments?post=8853"}],"version-history":[{"count":1,"href":"https:\/\/agora.xtec.cat\/esc-jmaragall-sabadell\/wp-json\/wp\/v2\/posts\/8853\/revisions"}],"predecessor-version":[{"id":8862,"href":"https:\/\/agora.xtec.cat\/esc-jmaragall-sabadell\/wp-json\/wp\/v2\/posts\/8853\/revisions\/8862"}],"wp:featuredmedia":[{"embeddable":true,"href":"https:\/\/agora.xtec.cat\/esc-jmaragall-sabadell\/wp-json\/wp\/v2\/media\/8854"}],"wp:attachment":[{"href":"https:\/\/agora.xtec.cat\/esc-jmaragall-sabadell\/wp-json\/wp\/v2\/media?parent=8853"}],"wp:term":[{"taxonomy":"category","embeddable":true,"href":"https:\/\/agora.xtec.cat\/esc-jmaragall-sabadell\/wp-json\/wp\/v2\/categories?post=8853"},{"taxonomy":"post_tag","embeddable":true,"href":"https:\/\/agora.xtec.cat\/esc-jmaragall-sabadell\/wp-json\/wp\/v2\/tags?post=8853"}],"curies":[{"name":"wp","href":"https:\/\/api.w.org\/{rel}","templated":true}]}}