{"id":883,"date":"2017-03-10T20:58:13","date_gmt":"2017-03-10T19:58:13","guid":{"rendered":"http:\/\/agora.xtec.cat\/esc-jmaragall-sabadell\/?p=883"},"modified":"2017-03-10T21:02:43","modified_gmt":"2017-03-10T20:02:43","slug":"mati-amb-el-ce-global-basket-sabadell","status":"publish","type":"post","link":"https:\/\/agora.xtec.cat\/esc-jmaragall-sabadell\/general\/mati-amb-el-ce-global-basket-sabadell\/","title":{"rendered":"Mat\u00ed amb el CE Global Basket Sabadell"},"content":{"rendered":"<h1 style=\"text-align: justify;\">L&#8217;alumnat de 6\u00e8 de Prim\u00e0ria de l&#8217;Escola Joan Maragall realitza l&#8217;activitat &#8220;<em>Rodant cap a la normalitat<\/em>&#8221; al Pavell\u00f3 Nord amb el <em>Club Esportiu Global Basket<\/em>.<\/h1>\n<p>&nbsp;<\/p>\n<p style=\"text-align: justify;\">El passat dimarts 7 de mar\u00e7 l&#8217;alumnat de sis\u00e8 de l&#8217;escola va visitar les instal\u00b7lacions del Pavell\u00f3 Nord de la ciutat de Sabadell per realitzar l&#8217;activitat &#8220;<em>Rodant cap a la normalitat<\/em>&#8221; del programa <strong>Ciutat i Escola<\/strong> que organitza el <strong><em>Club Esportiu Global Basket.<\/em><\/strong><\/p>\n<p style=\"text-align: justify;\"><a href=\"http:\/\/agora.xtec.cat\/esc-jmaragall-sabadell\/wp-content\/uploads\/usu1082\/2017\/03\/IMG_20170308_052246.jpg\"><img loading=\"lazy\" decoding=\"async\" class=\"wp-image-890 alignnone\" src=\"http:\/\/agora.xtec.cat\/esc-jmaragall-sabadell\/wp-content\/uploads\/usu1082\/2017\/03\/IMG_20170308_052246-1024x728.jpg\" alt=\"img_20170308_052246\" width=\"181\" height=\"128\" srcset=\"https:\/\/agora.xtec.cat\/esc-jmaragall-sabadell\/wp-content\/uploads\/usu1082\/2017\/03\/IMG_20170308_052246.jpg 1024w, https:\/\/agora.xtec.cat\/esc-jmaragall-sabadell\/wp-content\/uploads\/usu1082\/2017\/03\/IMG_20170308_052246-300x213.jpg 300w, https:\/\/agora.xtec.cat\/esc-jmaragall-sabadell\/wp-content\/uploads\/usu1082\/2017\/03\/IMG_20170308_052246-768x546.jpg 768w\" sizes=\"auto, (max-width: 181px) 100vw, 181px\" \/><\/a> Abans de come<a href=\"http:\/\/agora.xtec.cat\/esc-jmaragall-sabadell\/wp-content\/uploads\/usu1082\/2017\/03\/IMG_20170308_052550.jpg\"><img loading=\"lazy\" decoding=\"async\" class=\"wp-image-884 alignleft\" src=\"http:\/\/agora.xtec.cat\/esc-jmaragall-sabadell\/wp-content\/uploads\/usu1082\/2017\/03\/IMG_20170308_052550-1024x682.jpg\" alt=\"img_20170308_052550\" width=\"177\" height=\"118\" srcset=\"https:\/\/agora.xtec.cat\/esc-jmaragall-sabadell\/wp-content\/uploads\/usu1082\/2017\/03\/IMG_20170308_052550-1024x682.jpg 1024w, https:\/\/agora.xtec.cat\/esc-jmaragall-sabadell\/wp-content\/uploads\/usu1082\/2017\/03\/IMG_20170308_052550-300x200.jpg 300w, https:\/\/agora.xtec.cat\/esc-jmaragall-sabadell\/wp-content\/uploads\/usu1082\/2017\/03\/IMG_20170308_052550-768x512.jpg 768w\" sizes=\"auto, (max-width: 177px) 100vw, 177px\" \/><\/a>n\u00e7ar l&#8217;activitat les mestres acompanyants van demanar als alumnes escriure qu\u00e8 pensaven que aprendrien, trobarien o farien durant aquesta activitat, la gran majoria va escriure que jugarien al b\u00e0squet, d&#8217;altres aprendre a botar la pilota des d&#8217;una cadira de rodes i van realitzar petits dibuixos il\u00b7lustrant aquest esport.<\/p>\n<p style=\"text-align: justify;\">La sorpresa va arribar quan en Sergi, entrenador de l&#8217;entitat, va presentar a la Nat\u00e0lia i a en Carles, dos jugadors del Club Global Basket, que els hi van parlar sobre la seva discapacitat f\u00edsica la qual no els impedeix la pr\u00e0ctica del b\u00e0squet amb cadira de rodes i ser grans esportistes.<\/p>\n<p><a href=\"http:\/\/agora.xtec.cat\/esc-jmaragall-sabadell\/wp-content\/uploads\/usu1082\/2017\/03\/IMG_20170308_052838-1.jpg\"><img loading=\"lazy\" decoding=\"async\" class=\"wp-image-907 aligncenter\" src=\"http:\/\/agora.xtec.cat\/esc-jmaragall-sabadell\/wp-content\/uploads\/usu1082\/2017\/03\/IMG_20170308_052838-1-1024x575.jpg\" alt=\"img_20170308_052838\" width=\"310\" height=\"174\" srcset=\"https:\/\/agora.xtec.cat\/esc-jmaragall-sabadell\/wp-content\/uploads\/usu1082\/2017\/03\/IMG_20170308_052838-1-1024x575.jpg 1024w, https:\/\/agora.xtec.cat\/esc-jmaragall-sabadell\/wp-content\/uploads\/usu1082\/2017\/03\/IMG_20170308_052838-1-300x168.jpg 300w, https:\/\/agora.xtec.cat\/esc-jmaragall-sabadell\/wp-content\/uploads\/usu1082\/2017\/03\/IMG_20170308_052838-1-768x431.jpg 768w\" sizes=\"auto, (max-width: 310px) 100vw, 310px\" \/><\/a><\/p>\n<p style=\"text-align: justify;\">L&#8217;activitat va continuar amb jocs senzills coneguts pels alumnes com ara el &#8220;<em>pilla pilla<\/em>&#8221; entre altres i un partit de b\u00e0squet, propostes l\u00fadiques, for\u00e7a motivadores i INCLUSIVES on tots els participants, nois i noies, m\u00e9s grans o m\u00e9s petits, amb o sense cadira de rodes, tenen cabuda.<\/p>\n<p style=\"text-align: justify;\">Agra\u00efm al Club Esportiu Global Basket realitzar aquesta activitat, 100% recomanable, adre\u00e7ada a l&#8217;alumnat. Els valors transmesos durant la jornada, de treball en equip, esfor\u00e7, respecte, superaci\u00f3 i la resoluci\u00f3 de petits conflictes amb un canvi d&#8217;actitud positiva per afavorir el benestar de tot l&#8217;equip, han servit per fer una gran reflexi\u00f3 als nostres alumnes i sensibilitzar-los en la seva formaci\u00f3 per esdevenir ciutadans d&#8217;una societat inclusiva.<\/p>\n<p style=\"text-align: justify;\">Comentant amb l&#8217;alumnat les seves conclusions tornant cap a l&#8217;escola destaquen comentaris com: &#8220;<em>no hem de jutjar ning\u00fa per la seva aparen\u00e7a f\u00edsica sin\u00f3 que hem de con\u00e8ixer a la persona<\/em>&#8220;, &#8220;<em>tothom tenim limitacions per\u00f2 si desitges fer alguna cosa o pots aconseguir si hi creus<\/em>&#8220;.<\/p>\n<p style=\"text-align: justify;\"><strong>Gr\u00e0cies<\/strong> Sergi, gr\u00e0cies Nat\u00e0lia i gr\u00e0cies Carles pels vostres consells i esperem tornar aviat!<\/p>\n<p><a href=\"http:\/\/agora.xtec.cat\/esc-jmaragall-sabadell\/wp-content\/uploads\/usu1082\/2017\/03\/IMG_20170307_115013.jpg\"><img loading=\"lazy\" decoding=\"async\" class=\"wp-image-887 alignleft\" src=\"http:\/\/agora.xtec.cat\/esc-jmaragall-sabadell\/wp-content\/uploads\/usu1082\/2017\/03\/IMG_20170307_115013-1024x768.jpg\" alt=\"img_20170307_115013\" width=\"308\" height=\"231\" srcset=\"https:\/\/agora.xtec.cat\/esc-jmaragall-sabadell\/wp-content\/uploads\/usu1082\/2017\/03\/IMG_20170307_115013-1024x768.jpg 1024w, https:\/\/agora.xtec.cat\/esc-jmaragall-sabadell\/wp-content\/uploads\/usu1082\/2017\/03\/IMG_20170307_115013-300x225.jpg 300w, https:\/\/agora.xtec.cat\/esc-jmaragall-sabadell\/wp-content\/uploads\/usu1082\/2017\/03\/IMG_20170307_115013-768x576.jpg 768w, https:\/\/agora.xtec.cat\/esc-jmaragall-sabadell\/wp-content\/uploads\/usu1082\/2017\/03\/IMG_20170307_115013-200x150.jpg 200w\" sizes=\"auto, (max-width: 308px) 100vw, 308px\" \/><\/a> <a href=\"http:\/\/agora.xtec.cat\/esc-jmaragall-sabadell\/wp-content\/uploads\/usu1082\/2017\/03\/IMG_20170307_104948.jpg\"><img loading=\"lazy\" decoding=\"async\" class=\"wp-image-886 alignright\" src=\"http:\/\/agora.xtec.cat\/esc-jmaragall-sabadell\/wp-content\/uploads\/usu1082\/2017\/03\/IMG_20170307_104948-1024x768.jpg\" alt=\"img_20170307_104948\" width=\"308\" height=\"231\" srcset=\"https:\/\/agora.xtec.cat\/esc-jmaragall-sabadell\/wp-content\/uploads\/usu1082\/2017\/03\/IMG_20170307_104948-1024x768.jpg 1024w, https:\/\/agora.xtec.cat\/esc-jmaragall-sabadell\/wp-content\/uploads\/usu1082\/2017\/03\/IMG_20170307_104948-300x225.jpg 300w, https:\/\/agora.xtec.cat\/esc-jmaragall-sabadell\/wp-content\/uploads\/usu1082\/2017\/03\/IMG_20170307_104948-768x576.jpg 768w, https:\/\/agora.xtec.cat\/esc-jmaragall-sabadell\/wp-content\/uploads\/usu1082\/2017\/03\/IMG_20170307_104948-200x150.jpg 200w\" sizes=\"auto, (max-width: 308px) 100vw, 308px\" \/><\/a><\/p>\n<p>&nbsp;<\/p>\n<p>&nbsp;<\/p>\n<p>&nbsp;<\/p>\n<p>&nbsp;<\/p>\n<p>&nbsp;<\/p>\n<p style=\"text-align: center;\">M\u00e9s informaci\u00f3 sobre el Club Esportiu Global B\u00e0sket:<\/p>\n<p style=\"text-align: center;\"><a href=\"https:\/\/ceglobalbasket.wordpress.com\/\">https:\/\/ceglobalbasket.wordpress.com\/<\/a><\/p>\n","protected":false},"excerpt":{"rendered":"<p>L&#8217;alumnat de 6\u00e8 de Prim\u00e0ria realitza l&#8217;activitat &#8220;Rodant cap a la normalitat&#8221;, al Pavell\u00f3 Nord amb el Club Esportiu Global B\u00e0sket.&hellip;  <a href=\"https:\/\/agora.xtec.cat\/esc-jmaragall-sabadell\/general\/mati-amb-el-ce-global-basket-sabadell\/\" title=\"Read Mat\u00ed amb el CE Global Basket Sabadell\">Llegeix m\u00e9s\u00bb<\/a><\/p>\n","protected":false},"author":1,"featured_media":907,"comment_status":"open","ping_status":"open","sticky":false,"template":"","format":"standard","meta":{"_bbp_topic_count":0,"_bbp_reply_count":0,"_bbp_total_topic_count":0,"_bbp_total_reply_count":0,"_bbp_voice_count":0,"_bbp_anonymous_reply_count":0,"_bbp_topic_count_hidden":0,"_bbp_reply_count_hidden":0,"_bbp_forum_subforum_count":0,"footnotes":""},"categories":[15,92,1,4],"tags":[],"class_list":["post-883","post","type-post","status-publish","format-standard","has-post-thumbnail","hentry","category-antics-alumnes","category-educacio-fisica","category-general","category-portada"],"post_mailing_queue_ids":[],"_links":{"self":[{"href":"https:\/\/agora.xtec.cat\/esc-jmaragall-sabadell\/wp-json\/wp\/v2\/posts\/883","targetHints":{"allow":["GET"]}}],"collection":[{"href":"https:\/\/agora.xtec.cat\/esc-jmaragall-sabadell\/wp-json\/wp\/v2\/posts"}],"about":[{"href":"https:\/\/agora.xtec.cat\/esc-jmaragall-sabadell\/wp-json\/wp\/v2\/types\/post"}],"author":[{"embeddable":true,"href":"https:\/\/agora.xtec.cat\/esc-jmaragall-sabadell\/wp-json\/wp\/v2\/users\/1"}],"replies":[{"embeddable":true,"href":"https:\/\/agora.xtec.cat\/esc-jmaragall-sabadell\/wp-json\/wp\/v2\/comments?post=883"}],"version-history":[{"count":4,"href":"https:\/\/agora.xtec.cat\/esc-jmaragall-sabadell\/wp-json\/wp\/v2\/posts\/883\/revisions"}],"predecessor-version":[{"id":912,"href":"https:\/\/agora.xtec.cat\/esc-jmaragall-sabadell\/wp-json\/wp\/v2\/posts\/883\/revisions\/912"}],"wp:featuredmedia":[{"embeddable":true,"href":"https:\/\/agora.xtec.cat\/esc-jmaragall-sabadell\/wp-json\/wp\/v2\/media\/907"}],"wp:attachment":[{"href":"https:\/\/agora.xtec.cat\/esc-jmaragall-sabadell\/wp-json\/wp\/v2\/media?parent=883"}],"wp:term":[{"taxonomy":"category","embeddable":true,"href":"https:\/\/agora.xtec.cat\/esc-jmaragall-sabadell\/wp-json\/wp\/v2\/categories?post=883"},{"taxonomy":"post_tag","embeddable":true,"href":"https:\/\/agora.xtec.cat\/esc-jmaragall-sabadell\/wp-json\/wp\/v2\/tags?post=883"}],"curies":[{"name":"wp","href":"https:\/\/api.w.org\/{rel}","templated":true}]}}