{"id":8817,"date":"2026-02-26T18:33:15","date_gmt":"2026-02-26T17:33:15","guid":{"rendered":"https:\/\/agora.xtec.cat\/esc-jmaragall-sabadell\/?p=8817"},"modified":"2026-02-26T18:33:15","modified_gmt":"2026-02-26T17:33:15","slug":"el-grup-de-1r-visita-lobservatori-astronomic","status":"publish","type":"post","link":"https:\/\/agora.xtec.cat\/esc-jmaragall-sabadell\/general\/el-grup-de-1r-visita-lobservatori-astronomic\/","title":{"rendered":"EL GRUP DE 1r VISITA L&#8217;OBSERVATORI ASTRON\u00d2MIC!"},"content":{"rendered":"<p>El dia 24 de febrer els infants de 1r vam visitar l&#8217;observatori astron\u00f2mic de Sabadell, situat dintre del Parc Catalunya. All\u00e0 ens van explicar moltes m\u00e9s coses relacionades amb el projecte de l&#8217;Univers el qual estem treballant a medi. A banda de parlar de la Via L\u00e0ctia, el sistema solar, els planetes, els asteroides i meteorits&#8230; Vam poder veure alguns v\u00eddeos: un sobre el moviment del sol, el qual expulsa bafarades de foc; altre v\u00eddeo de com s&#8217;enlaira un coet; i un altre de com viuen els astronautes a l&#8217;espai.<\/p>\n<p>A m\u00e9s, vam poder observar el sol amb un telescopi gegant i tocar un tros de meteorit que fa uns anys va caure al nostre planeta Terra. Ens va agradar molt poder viure aquesta experi\u00e8ncia!<\/p>\n<p><iframe loading=\"lazy\" title=\"Observatori Astron\u00f2mic\" width=\"422\" height=\"750\" src=\"https:\/\/www.youtube.com\/embed\/hq3w2vMZwFA?feature=oembed\" frameborder=\"0\" allow=\"accelerometer; autoplay; clipboard-write; encrypted-media; gyroscope; picture-in-picture; web-share\" referrerpolicy=\"strict-origin-when-cross-origin\" allowfullscreen><\/iframe><\/p>\n<p><a href=\"https:\/\/agora.xtec.cat\/esc-jmaragall-sabadell\/wp-content\/uploads\/usu1082\/2026\/02\/AJ_SABADELL_PLANTAT_COLOR_POSITIU-1.png\"><img loading=\"lazy\" decoding=\"async\" class=\"wp-image-8819 alignleft\" src=\"https:\/\/agora.xtec.cat\/esc-jmaragall-sabadell\/wp-content\/uploads\/usu1082\/2026\/02\/AJ_SABADELL_PLANTAT_COLOR_POSITIU-1-1024x220.png\" alt=\"\" width=\"181\" height=\"39\" srcset=\"https:\/\/agora.xtec.cat\/esc-jmaragall-sabadell\/wp-content\/uploads\/usu1082\/2026\/02\/AJ_SABADELL_PLANTAT_COLOR_POSITIU-1-1024x220.png 1024w, https:\/\/agora.xtec.cat\/esc-jmaragall-sabadell\/wp-content\/uploads\/usu1082\/2026\/02\/AJ_SABADELL_PLANTAT_COLOR_POSITIU-1-300x64.png 300w, https:\/\/agora.xtec.cat\/esc-jmaragall-sabadell\/wp-content\/uploads\/usu1082\/2026\/02\/AJ_SABADELL_PLANTAT_COLOR_POSITIU-1-768x165.png 768w, https:\/\/agora.xtec.cat\/esc-jmaragall-sabadell\/wp-content\/uploads\/usu1082\/2026\/02\/AJ_SABADELL_PLANTAT_COLOR_POSITIU-1-1536x329.png 1536w, https:\/\/agora.xtec.cat\/esc-jmaragall-sabadell\/wp-content\/uploads\/usu1082\/2026\/02\/AJ_SABADELL_PLANTAT_COLOR_POSITIU-1-2048x439.png 2048w\" sizes=\"auto, (max-width: 181px) 100vw, 181px\" \/><\/a><\/p>\n","protected":false},"excerpt":{"rendered":"<p>El dia 24 de febrer els infants de 1r vam visitar l&#8217;observatori astron\u00f2mic de Sabadell, situat dintre del Parc Catalunya. All\u00e0 ens van explicar moltes m\u00e9s coses relacionades amb el projecte de l&#8217;Univers el qual estem treballant a medi. A banda de parlar de la&hellip;  <a href=\"https:\/\/agora.xtec.cat\/esc-jmaragall-sabadell\/general\/el-grup-de-1r-visita-lobservatori-astronomic\/\" title=\"Read EL GRUP DE 1r VISITA L&#8217;OBSERVATORI ASTRON\u00d2MIC!\">Llegeix m\u00e9s\u00bb<\/a><\/p>\n","protected":false},"author":99,"featured_media":8818,"comment_status":"open","ping_status":"open","sticky":false,"template":"","format":"standard","meta":{"_bbp_topic_count":0,"_bbp_reply_count":0,"_bbp_total_topic_count":0,"_bbp_total_reply_count":0,"_bbp_voice_count":0,"_bbp_anonymous_reply_count":0,"_bbp_topic_count_hidden":0,"_bbp_reply_count_hidden":0,"_bbp_forum_subforum_count":0,"footnotes":""},"categories":[245,1,4,5],"tags":[],"class_list":["post-8817","post","type-post","status-publish","format-standard","has-post-thumbnail","hentry","category-245","category-general","category-portada","category-primaria"],"post_mailing_queue_ids":[],"_links":{"self":[{"href":"https:\/\/agora.xtec.cat\/esc-jmaragall-sabadell\/wp-json\/wp\/v2\/posts\/8817","targetHints":{"allow":["GET"]}}],"collection":[{"href":"https:\/\/agora.xtec.cat\/esc-jmaragall-sabadell\/wp-json\/wp\/v2\/posts"}],"about":[{"href":"https:\/\/agora.xtec.cat\/esc-jmaragall-sabadell\/wp-json\/wp\/v2\/types\/post"}],"author":[{"embeddable":true,"href":"https:\/\/agora.xtec.cat\/esc-jmaragall-sabadell\/wp-json\/wp\/v2\/users\/99"}],"replies":[{"embeddable":true,"href":"https:\/\/agora.xtec.cat\/esc-jmaragall-sabadell\/wp-json\/wp\/v2\/comments?post=8817"}],"version-history":[{"count":1,"href":"https:\/\/agora.xtec.cat\/esc-jmaragall-sabadell\/wp-json\/wp\/v2\/posts\/8817\/revisions"}],"predecessor-version":[{"id":8820,"href":"https:\/\/agora.xtec.cat\/esc-jmaragall-sabadell\/wp-json\/wp\/v2\/posts\/8817\/revisions\/8820"}],"wp:featuredmedia":[{"embeddable":true,"href":"https:\/\/agora.xtec.cat\/esc-jmaragall-sabadell\/wp-json\/wp\/v2\/media\/8818"}],"wp:attachment":[{"href":"https:\/\/agora.xtec.cat\/esc-jmaragall-sabadell\/wp-json\/wp\/v2\/media?parent=8817"}],"wp:term":[{"taxonomy":"category","embeddable":true,"href":"https:\/\/agora.xtec.cat\/esc-jmaragall-sabadell\/wp-json\/wp\/v2\/categories?post=8817"},{"taxonomy":"post_tag","embeddable":true,"href":"https:\/\/agora.xtec.cat\/esc-jmaragall-sabadell\/wp-json\/wp\/v2\/tags?post=8817"}],"curies":[{"name":"wp","href":"https:\/\/api.w.org\/{rel}","templated":true}]}}