{"id":8814,"date":"2026-02-26T11:21:19","date_gmt":"2026-02-26T10:21:19","guid":{"rendered":"https:\/\/agora.xtec.cat\/esc-jmaragall-sabadell\/?p=8814"},"modified":"2026-02-26T11:23:03","modified_gmt":"2026-02-26T10:23:03","slug":"museu-de-les-matematiques-a-cicle-inicial","status":"publish","type":"post","link":"https:\/\/agora.xtec.cat\/esc-jmaragall-sabadell\/general\/museu-de-les-matematiques-a-cicle-inicial\/","title":{"rendered":"MUSEU DE LES MATEM\u00c0TIQUES A CICLE INICIAL!"},"content":{"rendered":"<p data-start=\"0\" data-end=\"155\">Els nens i nenes de Cicle Inicial hem anat d\u2019excursi\u00f3 al <span class=\"hover:entity-accent entity-underline inline cursor-pointer align-baseline\"><span class=\"whitespace-normal\">Museu de les Matem\u00e0tiques de Catalunya<\/span><\/span> i ha estat una experi\u00e8ncia molt divertida i enriquidora!<\/p>\n<p data-start=\"157\" data-end=\"536\">Durant la visita, hem pogut participar en diferents racons matem\u00e0tics, on hem apr\u00e8s jugant i experimentant. En un rac\u00f3 hem treballat amb construccions, creant figures i estructures sorprenents. En un altre, hem resolt reptes de l\u00f2gica que ens han fet pensar molt i treballar en equip. Tamb\u00e9 hem experimentat amb miralls i simetries, descobrint formes i efectes molt curiosos.<\/p>\n<p data-start=\"157\" data-end=\"536\">Ha estat un dia fant\u00e0stic, ple d\u2019aprenentatges i somriures.<a href=\"https:\/\/agora.xtec.cat\/esc-jmaragall-sabadell\/wp-content\/uploads\/usu1082\/2026\/02\/MUSEU-DE-LES-MATEMATIQUES.png\"><img loading=\"lazy\" decoding=\"async\" class=\"alignnone size-large wp-image-8815\" src=\"https:\/\/agora.xtec.cat\/esc-jmaragall-sabadell\/wp-content\/uploads\/usu1082\/2026\/02\/MUSEU-DE-LES-MATEMATIQUES-819x1024.png\" alt=\"\" width=\"819\" height=\"1024\" srcset=\"https:\/\/agora.xtec.cat\/esc-jmaragall-sabadell\/wp-content\/uploads\/usu1082\/2026\/02\/MUSEU-DE-LES-MATEMATIQUES-819x1024.png 819w, https:\/\/agora.xtec.cat\/esc-jmaragall-sabadell\/wp-content\/uploads\/usu1082\/2026\/02\/MUSEU-DE-LES-MATEMATIQUES-240x300.png 240w, https:\/\/agora.xtec.cat\/esc-jmaragall-sabadell\/wp-content\/uploads\/usu1082\/2026\/02\/MUSEU-DE-LES-MATEMATIQUES-768x960.png 768w, https:\/\/agora.xtec.cat\/esc-jmaragall-sabadell\/wp-content\/uploads\/usu1082\/2026\/02\/MUSEU-DE-LES-MATEMATIQUES.png 1080w\" sizes=\"auto, (max-width: 819px) 100vw, 819px\" \/><\/a><\/p>\n","protected":false},"excerpt":{"rendered":"<p>Els nens i nenes de Cicle Inicial hem anat d\u2019excursi\u00f3 al Museu de les Matem\u00e0tiques de Catalunya i ha estat una experi\u00e8ncia molt divertida i enriquidora!<br \/>\nDurant la visita, hem pogut participar en diferents racons matem\u00e0tics, on hem apr\u00e8s jugant i experimentant. En un rac\u00f3 hem&hellip;  <a href=\"https:\/\/agora.xtec.cat\/esc-jmaragall-sabadell\/general\/museu-de-les-matematiques-a-cicle-inicial\/\" title=\"Read MUSEU DE LES MATEM\u00c0TIQUES A CICLE INICIAL!\">Llegeix m\u00e9s\u00bb<\/a><\/p>\n","protected":false},"author":169,"featured_media":0,"comment_status":"open","ping_status":"open","sticky":false,"template":"","format":"standard","meta":{"_bbp_topic_count":0,"_bbp_reply_count":0,"_bbp_total_topic_count":0,"_bbp_total_reply_count":0,"_bbp_voice_count":0,"_bbp_anonymous_reply_count":0,"_bbp_topic_count_hidden":0,"_bbp_reply_count_hidden":0,"_bbp_forum_subforum_count":0,"footnotes":""},"categories":[219,1,4,5],"tags":[],"class_list":["post-8814","post","type-post","status-publish","format-standard","hentry","category-219","category-general","category-portada","category-primaria"],"post_mailing_queue_ids":[],"_links":{"self":[{"href":"https:\/\/agora.xtec.cat\/esc-jmaragall-sabadell\/wp-json\/wp\/v2\/posts\/8814","targetHints":{"allow":["GET"]}}],"collection":[{"href":"https:\/\/agora.xtec.cat\/esc-jmaragall-sabadell\/wp-json\/wp\/v2\/posts"}],"about":[{"href":"https:\/\/agora.xtec.cat\/esc-jmaragall-sabadell\/wp-json\/wp\/v2\/types\/post"}],"author":[{"embeddable":true,"href":"https:\/\/agora.xtec.cat\/esc-jmaragall-sabadell\/wp-json\/wp\/v2\/users\/169"}],"replies":[{"embeddable":true,"href":"https:\/\/agora.xtec.cat\/esc-jmaragall-sabadell\/wp-json\/wp\/v2\/comments?post=8814"}],"version-history":[{"count":1,"href":"https:\/\/agora.xtec.cat\/esc-jmaragall-sabadell\/wp-json\/wp\/v2\/posts\/8814\/revisions"}],"predecessor-version":[{"id":8816,"href":"https:\/\/agora.xtec.cat\/esc-jmaragall-sabadell\/wp-json\/wp\/v2\/posts\/8814\/revisions\/8816"}],"wp:attachment":[{"href":"https:\/\/agora.xtec.cat\/esc-jmaragall-sabadell\/wp-json\/wp\/v2\/media?parent=8814"}],"wp:term":[{"taxonomy":"category","embeddable":true,"href":"https:\/\/agora.xtec.cat\/esc-jmaragall-sabadell\/wp-json\/wp\/v2\/categories?post=8814"},{"taxonomy":"post_tag","embeddable":true,"href":"https:\/\/agora.xtec.cat\/esc-jmaragall-sabadell\/wp-json\/wp\/v2\/tags?post=8814"}],"curies":[{"name":"wp","href":"https:\/\/api.w.org\/{rel}","templated":true}]}}